{"id":72438,"date":"2024-09-01T10:55:00","date_gmt":"2024-09-01T08:55:00","guid":{"rendered":"https:\/\/bio-balkon.de\/?p=72438"},"modified":"2025-06-16T09:51:53","modified_gmt":"2025-06-16T07:51:53","slug":"suche-raum-fuer-balkonschule-in-berlin","status":"publish","type":"post","link":"https:\/\/bio-balkon.de\/en\/suche-raum-fuer-balkonschule-in-berlin\/","title":{"rendered":"Suche Raum f\u00fcr Bal\u00adkon\u00adschu\u00adle in Ber\u00adlin"},"content":{"rendered":"<p><br>2017 initi\u00adier\u00adte ich aus \u00dcber\u00adzeu\u00adgung und \u00f6ko\u00adlo\u00adgi\u00adscher Not\u00adwen\u00addig\u00adkeit die Bio-Bal\u00adkon-Bewe\u00adgung&nbsp;<a href=\"https:\/\/bio-balkon.de\/en\/\">https:\/\/bio-balkon.de\/<\/a>&nbsp;mit der Mis\u00adsi\u00adon, dass mehr Men\u00adschen ihre Bal\u00adko\u00adne, Fens\u00adter\u00adbret\u00adter und Ter\u00adras\u00adsen nut\u00adzen: zur F\u00f6r\u00adde\u00adrung der Arten\u00adviel\u00adfalt, ess\u00adbar, als Wohl\u00adf\u00fchlort f\u00fcr Mensch und Tier.<\/p>\n\n\n\n<figure class=\"wp-block-image size-large\"><img loading=\"lazy\" decoding=\"async\" width=\"1024\" height=\"577\" src=\"https:\/\/bio-balkon.de\/wp-content\/uploads\/2024\/09\/Bio-Balkon-Botschafterin-FB-Cover-3-1024x577.avif\" alt class=\"wp-image-72507\" srcset=\"https:\/\/bio-balkon.de\/wp-content\/uploads\/2024\/09\/Bio-Balkon-Botschafterin-FB-Cover-3-1024x577.avif 1024w, https:\/\/bio-balkon.de\/wp-content\/uploads\/2024\/09\/Bio-Balkon-Botschafterin-FB-Cover-3-300x169.avif 300w, https:\/\/bio-balkon.de\/wp-content\/uploads\/2024\/09\/Bio-Balkon-Botschafterin-FB-Cover-3-768x433.avif 768w, https:\/\/bio-balkon.de\/wp-content\/uploads\/2024\/09\/Bio-Balkon-Botschafterin-FB-Cover-3-1536x865.avif 1536w, https:\/\/bio-balkon.de\/wp-content\/uploads\/2024\/09\/Bio-Balkon-Botschafterin-FB-Cover-3-18x10.avif 18w, https:\/\/bio-balkon.de\/wp-content\/uploads\/2024\/09\/Bio-Balkon-Botschafterin-FB-Cover-3-1320x744.avif 1320w, https:\/\/bio-balkon.de\/wp-content\/uploads\/2024\/09\/Bio-Balkon-Botschafterin-FB-Cover-3.avif 1640w\" sizes=\"auto, (max-width: 1024px) 100vw, 1024px\"><\/figure>\n\n\n\n<p>Die von mir als Ein\u00adzel\u00adper\u00adson im deutsch\u00adspra\u00adchi\u00adgen Raum initi\u00adier\u00adte Bewe\u00adgung ver\u00adfolgt das Ziel, klei\u00adne Fl\u00e4\u00adchen \u00fcber\u00adhaupt zu nut\u00adzen, als \u00f6ko\u00adlo\u00adgisch wert\u00advol\u00adle Tritt\u00adstein\u00adbio\u00adto\u00adpe zu gestal\u00adten, auf den Kli\u00adma\u00adwan\u00addel anzu\u00adpas\u00adsen, die Bio\u00addi\u00adver\u00adsi\u00adt\u00e4t zu f\u00f6r\u00addern und Ess\u00adba\u00adres anzu\u00adbau\u00aden. Ein beson\u00adde\u00adrer Schwer\u00adpunkt liegt dabei auf der Ver\u00adwen\u00addung hei\u00admi\u00adscher, \u00f6ko\u00adlo\u00adgisch wert\u00advol\u00adler und kli\u00adma\u00adre\u00adsi\u00adli\u00aden\u00adter Pflan\u00adzen. Zudem ver\u00adzich\u00adten wir bewusst auf den Ein\u00adsatz che\u00admisch-syn\u00adthe\u00adti\u00adscher Pes\u00adti\u00adzi\u00adde, D\u00fcn\u00adger und Torf. Wenn wir nicht f\u00fcr mehr Gr\u00fcn sor\u00adgen, wei\u00adter\u00adhin mehr Gr\u00fcn\u00adfl\u00e4\u00adchen ver\u00adlo\u00adren gehen als neu ent\u00adste\u00adhen,&nbsp;stei\u00adgen f\u00fcr die Stadt\u00adbe\u00adv\u00f6l\u00adke\u00adrung die Gefah\u00adren durch&nbsp;Stark\u00adre\u00adgen&nbsp;und l\u00e4n\u00adge\u00adre Hit\u00adze\u00adwel\u00adlen im Som\u00admer. Jeder Meter z\u00e4hlt! Auch zur F\u00f6r\u00adde\u00adrung der Arten\u00adviel\u00adfalt durch Kleinst\u00adbio\u00adto\u00adpe als wich\u00adti\u00adge Tritt\u00adstei\u00adne.<\/p>\n\n\n\n<figure class=\"wp-block-image size-full\"><img loading=\"lazy\" decoding=\"async\" width=\"851\" height=\"315\" src=\"https:\/\/bio-balkon.de\/wp-content\/uploads\/2024\/06\/Presse-Berliner-MoPo-DPA-Anja-Sokolow-FB-Header.avif\" alt class=\"wp-image-68624\" srcset=\"https:\/\/bio-balkon.de\/wp-content\/uploads\/2024\/06\/Presse-Berliner-MoPo-DPA-Anja-Sokolow-FB-Header.avif 851w, https:\/\/bio-balkon.de\/wp-content\/uploads\/2024\/06\/Presse-Berliner-MoPo-DPA-Anja-Sokolow-FB-Header-300x111.avif 300w, https:\/\/bio-balkon.de\/wp-content\/uploads\/2024\/06\/Presse-Berliner-MoPo-DPA-Anja-Sokolow-FB-Header-768x284.avif 768w, https:\/\/bio-balkon.de\/wp-content\/uploads\/2024\/06\/Presse-Berliner-MoPo-DPA-Anja-Sokolow-FB-Header-18x7.avif 18w\" sizes=\"auto, (max-width: 851px) 100vw, 851px\"><\/figure>\n\n\n\n<p>Seit 2017 bie\u00adte ich die Online Bio-Bal\u00adkon-Kon\u00adgres\u00adse an, die kos\u00adten\u00adlos im Inter\u00adnet mit Exper\u00adten zum \u00f6ko\u00adlo\u00adgi\u00adschen G\u00e4rt\u00adnern auf klei\u00adnem Raum statt\u00adfin\u00adden. F\u00fcr <a href=\"https:\/\/shop.gu.de\/products\/51481-mein-biotop-auf-dem-balkon\" target=\"_blank\" rel=\"noreferrer noopener nofollow\">Gr\u00e4\u00adfe und Unzer Ver\u00adlag<\/a> sowie den <a href=\"https:\/\/www.ulmer.de\/usd-7265395\/mein-genialer-bio-balkon-.html\" target=\"_blank\" rel=\"noreferrer noopener nofollow\">Ver\u00adlag Eugen Ulmer<\/a> habe ich jeweils ein Bal\u00adkon-Rat\u00adge\u00adber\u00adbuch geschrie\u00adben, hal\u00adte im deutsch\u00adspra\u00adchi\u00adgen Raum Vor\u00adtr\u00e4\u00adge und bie\u00adte Work\u00adshops, Online\u00adkur\u00adse und Grup\u00adpen\u00adg\u00e4rt\u00adnern an.<\/p>\n\n\n\n<figure class=\"wp-block-image size-large\"><img loading=\"lazy\" decoding=\"async\" width=\"1024\" height=\"256\" src=\"https:\/\/bio-balkon.de\/wp-content\/uploads\/2024\/09\/Anzahl-Vortraege-Interviews-318-1200-x-300-Bestellformular-Header-Digistore-1024x256.avif\" alt class=\"wp-image-72469\" srcset=\"https:\/\/bio-balkon.de\/wp-content\/uploads\/2024\/09\/Anzahl-Vortraege-Interviews-318-1200-x-300-Bestellformular-Header-Digistore-1024x256.avif 1024w, https:\/\/bio-balkon.de\/wp-content\/uploads\/2024\/09\/Anzahl-Vortraege-Interviews-318-1200-x-300-Bestellformular-Header-Digistore-300x75.avif 300w, https:\/\/bio-balkon.de\/wp-content\/uploads\/2024\/09\/Anzahl-Vortraege-Interviews-318-1200-x-300-Bestellformular-Header-Digistore-768x192.avif 768w, https:\/\/bio-balkon.de\/wp-content\/uploads\/2024\/09\/Anzahl-Vortraege-Interviews-318-1200-x-300-Bestellformular-Header-Digistore-18x5.avif 18w, https:\/\/bio-balkon.de\/wp-content\/uploads\/2024\/09\/Anzahl-Vortraege-Interviews-318-1200-x-300-Bestellformular-Header-Digistore.avif 1200w\" sizes=\"auto, (max-width: 1024px) 100vw, 1024px\"><\/figure>\n\n\n\n<p><strong>Suche: <\/strong>Mei\u00adne \u00fcber\u00adwie\u00adgen\u00adde Online-T\u00e4tig\u00adkeit m\u00f6ch\u00adte ich erg\u00e4n\u00adzend mehr in Pr\u00e4\u00adsens in Ber\u00adlin ein\u00adbrin\u00adgen und suche ein Objekt f\u00fcr eine \u201eBal\u00adkon\u00adschu\u00adle\u201c f\u00fcr Schu\u00adlun\u00adgen sowie als Refe\u00adrenz\u00adob\u00adjekt&nbsp;Ver\u00adti\u00adkal\u00adbau, Kli\u00adma\u00adter\u00adras\u00adsen sowie Wurm\u00adkom\u00adpos\u00adtie\u00adrung. Inhal\u00adte der \u201eBal\u00adkon\u00adschu\u00adle\u201c sind:<\/p>\n\n\n\n<ul class=\"wp-block-list\">\n<li>Gar\u00addening in pots<\/li>\n\n\n\n<li>Ver\u00adti\u00adcal cul\u00adti\u00adva\u00adti\u00adon<\/li>\n\n\n\n<li>Cli\u00adma\u00adte ter\u00adrace<\/li>\n\n\n\n<li>Edi\u00adble wild plants<\/li>\n\n\n\n<li>Insect-fri\u00adend\u00adly gar\u00addening<\/li>\n\n\n\n<li>Worm com\u00adpos\u00adting of your own orga\u00adnic was\u00adte<\/li>\n\n\n\n<li>Cul\u00adti\u00adva\u00adti\u00adon of sel\u00adec\u00adted nati\u00adve wild plants<\/li>\n\n\n\n<li>Pot gar\u00addening libra\u00adry<\/li>\n<\/ul>\n\n\n\n<p><\/p>\n\n\n\n<p><strong>Ziel\u00adgrup\u00adpe<\/strong> der \u201eBal\u00adkon\u00adschu\u00adle\u201c sind Inter\u00ades\u00adsier\u00adte aus dem Gro\u00df\u00adraum Ber\u00adlin, Begeis\u00adter\u00adte aus der Bio-Bal\u00adkon-Bewe\u00adgung in Ver\u00adbin\u00addung mit einem Ber\u00adlin-Besuch sowie Mit\u00adar\u00adbei\u00adter von KMU, um ein Bewusst\u00adsein der Beleg\u00adschaft und Best Prac\u00adti\u00adces f\u00fcr Nach\u00adhal\u00adtig\u00adkeit, Kli\u00adma\u00adwan\u00addel, Sozia\u00adles Enga\u00adge\u00adment, Upcy\u00adcling und Bio\u00addi\u00adver\u00adsi\u00adt\u00e4t zu erzie\u00adlen.<\/p>\n\n\n\n<p>Da ich auf\u00adgrund der von mir orga\u00adni\u00adsier\u00adten bis\u00adher 15 Online\u00adkon\u00adgres\u00adse sehr gut ver\u00adnetzt bin, kann ich per\u00adspek\u00adti\u00advisch wei\u00adte\u00adre Dozen\u00adten f\u00fcr Arten\u00adviel\u00adfalt und Selbst\u00adver\u00adsor\u00adgung ein\u00adbin\u00adden.<\/p>\n\n\n\n<p>Wich\u00adtig ist mir eine <strong>sehr gute Anbin\u00addung an den \u00f6ffent\u00adli\u00adchen Nah\u00adver\u00adkehr, eine zen\u00adtra\u00adle Lage<\/strong>. F\u00fcr Foto- und Film\u00adauf\u00adnah\u00admen w\u00e4re eine st\u00e4d\u00adti\u00adsche Ansicht und Weit\u00adsicht opti\u00admal. Das Bild\u00adma\u00adte\u00adri\u00adal soll opti\u00adma\u00adler\u00adwei\u00adse zei\u00adgen, dass es sich um G\u00e4rt\u00adnern in der Stadt han\u00addelt. Not\u00adwen\u00addig ist eine Zugangs\u00adm\u00f6g\u00adlich\u00adkeit auch abends und am Wochen\u00aden\u00adde.<\/p>\n\n\n\n<p><strong>Gr\u00f6\u00ad\u00dfe:<\/strong> Opti\u00admal w\u00e4re ein Objekt von ca. 40 m\u00b2 Innen\u00adraum zur Schu\u00adlung von ca. 20 Per\u00adso\u00adnen. Der Au\u00dfen\u00adraum f\u00fcr eine Kli\u00adma\u00adter\u00adras\u00adse f\u00fcr ca. 20 Leu\u00adte w\u00e4re ver\u00admut\u00adlich um die 3 x 8 m oder 4 x 8 m gro\u00df, also um die 30 m\u00b2.&nbsp;Net\u00adto-Kos\u00adten f\u00fcr die Kli\u00adma\u00adter\u00adras\u00adse rund 10.000 Euro.&nbsp;<\/p>\n\n\n\n<p><strong>Wei\u00adte\u00adre Gr\u00fcn\u00adde, war\u00adum eine Koope\u00adra\u00adti\u00adon ein abso\u00adlu\u00adter Gewinn f\u00fcr Hotel\/Gastronomie\/Firmen w\u00e4re<\/strong>, auch direkt in Kri\u00adte\u00adri\u00aden gespro\u00adchen:<\/p>\n\n\n\n<p><strong>U06.08 \u2013 F\u00f6r\u00adde\u00adrung Bio\u00addi\u00adver\u00adsi\u00adt\u00e4t<\/strong><\/p>\n\n\n\n<p>\u2013 eige\u00adner begeh\u00adba\u00adrer gr\u00fc\u00adner Lern\u00adort, frei Haus von mir ent\u00adwi\u00adckelt, auf\u00adge\u00adbaut und bespielt und auch selbst bespiel\u00adbar (kann schnell zum G\u00e4s\u00adte\u00adma\u00adgnet wer\u00adden)<\/p>\n\n\n\n<p>\u2013 ech\u00adtes Ber\u00adli\u00adner Ori\u00adgi\u00adnal mit kul\u00adtur\u00adhis\u00adto\u00adri\u00adschen Ele\u00admen\u00adten (Bir\u00adgit und ihre Ideen f\u00fcr die Design\u00adum\u00adset\u00adzung mit Ber\u00adli\u00adner His\u00adto\u00adrie)<\/p>\n\n\n\n<p>\u2013 Bio\u00addi\u00adver\u00adsi\u00adt\u00e4ts-Leucht\u00adturm Pro\u00adjekt direkt auf Fir\u00admen\u00adge\u00adl\u00e4n\u00adde umge\u00adsetzt!<\/p>\n\n\n\n<p><strong>W03.02 \u2013 Inno\u00adva\u00adti\u00adon nach\u00adhal\u00adti\u00adge Pro\u00adduk\u00adte<\/strong><\/p>\n\n\n\n<p>\u2013 Nach\u00adhal\u00adti\u00adge Pro\u00adduk\u00adte ent\u00adwi\u00adckeln mit Lern\u00adort (Work\u00adshops, Rund\u00adg\u00e4n\u00adge, Anbau Kr\u00e4u\u00adter f\u00fcr K\u00fcche \/ Cock\u00adtails etc.)<\/p>\n\n\n\n<p><strong>W08.01 \u2013 Lie\u00adfer\u00adket\u00adte &amp;&nbsp;<\/strong><\/p>\n\n\n\n<p><strong>W09.01 \u2013 nach\u00adhal\u00adti\u00adger Ein\u00adkauf<\/strong><\/p>\n\n\n\n<p>\u2013 maxi\u00adma\u00adle Ver\u00adk\u00fcr\u00adzung der Lie\u00adfer\u00adket\u00adte f\u00fcr man\u00adche Pro\u00adduk\u00adte f\u00fcr K\u00fcche und Bar (Kr\u00e4u\u00adter in gro\u00ad\u00dfer Men\u00adge und Viel\u00adfalt, Obst, Gem\u00fc\u00adse etc.)<\/p>\n\n\n\n<p><strong>S01.01 &amp; S11.02 Mit\u00adar\u00adbei\u00adter\u00adzu\u00adfrie\u00adden\u00adheit &amp; Enga\u00adge\u00adment<\/strong><\/p>\n\n\n\n<p>\u2013 Eige\u00adner gr\u00fc\u00adner Lern\u00adort als Pur\u00adpo\u00adse-Pro\u00adjekt f\u00fcr Mit\u00adar\u00adbei\u00adten\u00adde (Anreiz, Mit\u00adar\u00adbei\u00adter\u00adbin\u00addung)<\/p>\n\n\n\n<p>\u2013 \u00dcber\u00adnah\u00adme von Pfle\u00adge\u00adauf\u00adga\u00adben (Frei\u00adwil\u00adlig) G\u00e4rt\u00adnern<\/p>\n\n\n\n<p><strong>S06.02 \u2013 Nach\u00adhal\u00adtig\u00adkeits-Wei\u00adter\u00adbil\u00addung<\/strong><\/p>\n\n\n\n<p>\u2013 Mit\u00adar\u00adbei\u00adten\u00adde k\u00f6n\u00adnen sich hier Inhouse fach\u00adlich wei\u00adter\u00adbil\u00adden&nbsp;<\/p>\n\n\n\n<p><strong>S09.02 \u2013 Impact<\/strong><\/p>\n\n\n\n<p>\u2013 posi\u00adti\u00adver Ein\u00adfluss auf loka\u00adle Gemein\u00adschaft durch Bei\u00adtrag zu Kli\u00adma\u00adan\u00adpas\u00adsungs\u00adma\u00df\u00adnah\u00adme durch Schaf\u00adfung gr\u00fc\u00adner \u00f6ko\u00adlo\u00adgi\u00adscher Insel Stadt\u00adna\u00adtur<\/p>\n\n\n\n<p>Hier sehen Sie Vari\u00adan\u00adten, wie die\u00adse ertrag\u00adrei\u00adchen Kli\u00adma\u00adter\u00adras\u00adsen und Ver\u00adti\u00adkal\u00adbee\u00adte aus\u00adse\u00adhen&nbsp;<a href=\"https:\/\/www.herbios.at\/klimaterrassen\">https:\/\/www.herbios.at\/klimaterrassen<\/a>, die ich gern im Au\u00dfen\u00adbe\u00adreich vor\u00adzei\u00adgen und in Stand\u00adort, Auf\u00adbau, Bepflan\u00adzung, Pfle\u00adge, Ern\u00adte schu\u00adlen w\u00fcr\u00adde. Ich mer\u00adke in Bera\u00adtun\u00adgen immer wie\u00adder, dass die Leu\u00adte solch ein Pro\u00adjekt vor Ort anschau\u00aden m\u00f6ch\u00adten.<\/p>\n\n\n\n<figure class=\"wp-block-image size-large\"><img loading=\"lazy\" decoding=\"async\" width=\"1024\" height=\"582\" src=\"https:\/\/bio-balkon.de\/wp-content\/uploads\/2024\/10\/Herler-Herbios-Klimaterrasse-Bildschirmfoto-2024-08-15-um-18.12.47-1024x582.avif\" alt class=\"wp-image-72439\" srcset=\"https:\/\/bio-balkon.de\/wp-content\/uploads\/2024\/10\/Herler-Herbios-Klimaterrasse-Bildschirmfoto-2024-08-15-um-18.12.47-1024x582.avif 1024w, https:\/\/bio-balkon.de\/wp-content\/uploads\/2024\/10\/Herler-Herbios-Klimaterrasse-Bildschirmfoto-2024-08-15-um-18.12.47-300x171.avif 300w, https:\/\/bio-balkon.de\/wp-content\/uploads\/2024\/10\/Herler-Herbios-Klimaterrasse-Bildschirmfoto-2024-08-15-um-18.12.47-768x437.avif 768w, https:\/\/bio-balkon.de\/wp-content\/uploads\/2024\/10\/Herler-Herbios-Klimaterrasse-Bildschirmfoto-2024-08-15-um-18.12.47-1536x874.avif 1536w, https:\/\/bio-balkon.de\/wp-content\/uploads\/2024\/10\/Herler-Herbios-Klimaterrasse-Bildschirmfoto-2024-08-15-um-18.12.47.avif 2048w, https:\/\/bio-balkon.de\/wp-content\/uploads\/2024\/10\/Herler-Herbios-Klimaterrasse-Bildschirmfoto-2024-08-15-um-18.12.47-18x10.avif 18w, https:\/\/bio-balkon.de\/wp-content\/uploads\/2024\/10\/Herler-Herbios-Klimaterrasse-Bildschirmfoto-2024-08-15-um-18.12.47-1320x751.avif 1320w\" sizes=\"auto, (max-width: 1024px) 100vw, 1024px\"><\/figure>\n\n\n\n<figure class=\"wp-block-image size-large\"><img loading=\"lazy\" decoding=\"async\" width=\"1024\" height=\"585\" src=\"https:\/\/bio-balkon.de\/wp-content\/uploads\/2024\/10\/Herler-Herbios-Klimaterrasse-Bildschirmfoto-2024-08-15-um-18.23.40-1024x585.avif\" alt class=\"wp-image-72440\" srcset=\"https:\/\/bio-balkon.de\/wp-content\/uploads\/2024\/10\/Herler-Herbios-Klimaterrasse-Bildschirmfoto-2024-08-15-um-18.23.40-1024x585.avif 1024w, https:\/\/bio-balkon.de\/wp-content\/uploads\/2024\/10\/Herler-Herbios-Klimaterrasse-Bildschirmfoto-2024-08-15-um-18.23.40-300x171.avif 300w, https:\/\/bio-balkon.de\/wp-content\/uploads\/2024\/10\/Herler-Herbios-Klimaterrasse-Bildschirmfoto-2024-08-15-um-18.23.40-768x439.avif 768w, https:\/\/bio-balkon.de\/wp-content\/uploads\/2024\/10\/Herler-Herbios-Klimaterrasse-Bildschirmfoto-2024-08-15-um-18.23.40-1536x877.avif 1536w, https:\/\/bio-balkon.de\/wp-content\/uploads\/2024\/10\/Herler-Herbios-Klimaterrasse-Bildschirmfoto-2024-08-15-um-18.23.40.avif 2048w, https:\/\/bio-balkon.de\/wp-content\/uploads\/2024\/10\/Herler-Herbios-Klimaterrasse-Bildschirmfoto-2024-08-15-um-18.23.40-18x10.avif 18w, https:\/\/bio-balkon.de\/wp-content\/uploads\/2024\/10\/Herler-Herbios-Klimaterrasse-Bildschirmfoto-2024-08-15-um-18.23.40-1320x754.avif 1320w\" sizes=\"auto, (max-width: 1024px) 100vw, 1024px\"><\/figure>\n\n\n\n<figure class=\"wp-block-image size-large\"><img loading=\"lazy\" decoding=\"async\" width=\"1024\" height=\"585\" src=\"https:\/\/bio-balkon.de\/wp-content\/uploads\/2024\/10\/Herler-Herbios-Klimaterrasse-Bildschirmfoto-2024-08-15-um-18.18.46-1024x585.avif\" alt class=\"wp-image-72441\" srcset=\"https:\/\/bio-balkon.de\/wp-content\/uploads\/2024\/10\/Herler-Herbios-Klimaterrasse-Bildschirmfoto-2024-08-15-um-18.18.46-1024x585.avif 1024w, https:\/\/bio-balkon.de\/wp-content\/uploads\/2024\/10\/Herler-Herbios-Klimaterrasse-Bildschirmfoto-2024-08-15-um-18.18.46-300x171.avif 300w, https:\/\/bio-balkon.de\/wp-content\/uploads\/2024\/10\/Herler-Herbios-Klimaterrasse-Bildschirmfoto-2024-08-15-um-18.18.46-768x439.avif 768w, https:\/\/bio-balkon.de\/wp-content\/uploads\/2024\/10\/Herler-Herbios-Klimaterrasse-Bildschirmfoto-2024-08-15-um-18.18.46-1536x877.avif 1536w, https:\/\/bio-balkon.de\/wp-content\/uploads\/2024\/10\/Herler-Herbios-Klimaterrasse-Bildschirmfoto-2024-08-15-um-18.18.46.avif 2048w, https:\/\/bio-balkon.de\/wp-content\/uploads\/2024\/10\/Herler-Herbios-Klimaterrasse-Bildschirmfoto-2024-08-15-um-18.18.46-18x10.avif 18w, https:\/\/bio-balkon.de\/wp-content\/uploads\/2024\/10\/Herler-Herbios-Klimaterrasse-Bildschirmfoto-2024-08-15-um-18.18.46-1320x754.avif 1320w\" sizes=\"auto, (max-width: 1024px) 100vw, 1024px\"><\/figure>\n\n\n\n<figure class=\"wp-block-image size-large\"><img loading=\"lazy\" decoding=\"async\" width=\"1024\" height=\"585\" src=\"https:\/\/bio-balkon.de\/wp-content\/uploads\/2024\/10\/Herler-Herbios-Klimaterrasse-Bildschirmfoto-2024-08-15-um-18.25.46-1024x585.avif\" alt class=\"wp-image-72442\" srcset=\"https:\/\/bio-balkon.de\/wp-content\/uploads\/2024\/10\/Herler-Herbios-Klimaterrasse-Bildschirmfoto-2024-08-15-um-18.25.46-1024x585.avif 1024w, https:\/\/bio-balkon.de\/wp-content\/uploads\/2024\/10\/Herler-Herbios-Klimaterrasse-Bildschirmfoto-2024-08-15-um-18.25.46-300x171.avif 300w, https:\/\/bio-balkon.de\/wp-content\/uploads\/2024\/10\/Herler-Herbios-Klimaterrasse-Bildschirmfoto-2024-08-15-um-18.25.46-768x439.avif 768w, https:\/\/bio-balkon.de\/wp-content\/uploads\/2024\/10\/Herler-Herbios-Klimaterrasse-Bildschirmfoto-2024-08-15-um-18.25.46-1536x877.avif 1536w, https:\/\/bio-balkon.de\/wp-content\/uploads\/2024\/10\/Herler-Herbios-Klimaterrasse-Bildschirmfoto-2024-08-15-um-18.25.46.avif 2048w, https:\/\/bio-balkon.de\/wp-content\/uploads\/2024\/10\/Herler-Herbios-Klimaterrasse-Bildschirmfoto-2024-08-15-um-18.25.46-18x10.avif 18w, https:\/\/bio-balkon.de\/wp-content\/uploads\/2024\/10\/Herler-Herbios-Klimaterrasse-Bildschirmfoto-2024-08-15-um-18.25.46-1320x754.avif 1320w\" sizes=\"auto, (max-width: 1024px) 100vw, 1024px\"><\/figure>\n\n\n\n<figure class=\"wp-block-image size-large\"><img loading=\"lazy\" decoding=\"async\" width=\"1024\" height=\"576\" src=\"https:\/\/bio-balkon.de\/wp-content\/uploads\/2024\/10\/Praes-Juergen-Herler-Herbios-Wandverkleidung-1024x576.avif\" alt class=\"wp-image-72449\" srcset=\"https:\/\/bio-balkon.de\/wp-content\/uploads\/2024\/10\/Praes-Juergen-Herler-Herbios-Wandverkleidung-1024x576.avif 1024w, https:\/\/bio-balkon.de\/wp-content\/uploads\/2024\/10\/Praes-Juergen-Herler-Herbios-Wandverkleidung-300x169.avif 300w, https:\/\/bio-balkon.de\/wp-content\/uploads\/2024\/10\/Praes-Juergen-Herler-Herbios-Wandverkleidung-768x432.avif 768w, https:\/\/bio-balkon.de\/wp-content\/uploads\/2024\/10\/Praes-Juergen-Herler-Herbios-Wandverkleidung-1536x864.avif 1536w, https:\/\/bio-balkon.de\/wp-content\/uploads\/2024\/10\/Praes-Juergen-Herler-Herbios-Wandverkleidung.avif 2048w, https:\/\/bio-balkon.de\/wp-content\/uploads\/2024\/10\/Praes-Juergen-Herler-Herbios-Wandverkleidung-18x10.avif 18w, https:\/\/bio-balkon.de\/wp-content\/uploads\/2024\/10\/Praes-Juergen-Herler-Herbios-Wandverkleidung-1320x743.avif 1320w\" sizes=\"auto, (max-width: 1024px) 100vw, 1024px\"><\/figure>\n\n\n\n<figure class=\"wp-block-image size-large\"><img loading=\"lazy\" decoding=\"async\" width=\"1024\" height=\"595\" src=\"https:\/\/bio-balkon.de\/wp-content\/uploads\/2024\/10\/Herler-Herbios-Klimaterrasse-Bildschirmfoto-2024-08-15-um-18.31.18-1024x595.avif\" alt class=\"wp-image-72443\" srcset=\"https:\/\/bio-balkon.de\/wp-content\/uploads\/2024\/10\/Herler-Herbios-Klimaterrasse-Bildschirmfoto-2024-08-15-um-18.31.18-1024x595.avif 1024w, https:\/\/bio-balkon.de\/wp-content\/uploads\/2024\/10\/Herler-Herbios-Klimaterrasse-Bildschirmfoto-2024-08-15-um-18.31.18-300x174.avif 300w, https:\/\/bio-balkon.de\/wp-content\/uploads\/2024\/10\/Herler-Herbios-Klimaterrasse-Bildschirmfoto-2024-08-15-um-18.31.18-768x446.avif 768w, https:\/\/bio-balkon.de\/wp-content\/uploads\/2024\/10\/Herler-Herbios-Klimaterrasse-Bildschirmfoto-2024-08-15-um-18.31.18-1536x892.avif 1536w, https:\/\/bio-balkon.de\/wp-content\/uploads\/2024\/10\/Herler-Herbios-Klimaterrasse-Bildschirmfoto-2024-08-15-um-18.31.18.avif 2048w, https:\/\/bio-balkon.de\/wp-content\/uploads\/2024\/10\/Herler-Herbios-Klimaterrasse-Bildschirmfoto-2024-08-15-um-18.31.18-18x10.avif 18w, https:\/\/bio-balkon.de\/wp-content\/uploads\/2024\/10\/Herler-Herbios-Klimaterrasse-Bildschirmfoto-2024-08-15-um-18.31.18-1320x767.avif 1320w\" sizes=\"auto, (max-width: 1024px) 100vw, 1024px\"><\/figure>\n\n\n\n<figure class=\"wp-block-image size-large\"><img loading=\"lazy\" decoding=\"async\" width=\"1024\" height=\"585\" src=\"https:\/\/bio-balkon.de\/wp-content\/uploads\/2024\/10\/Herler-Herbios-Klimaterrasse-Bildschirmfoto-2024-08-15-um-18.27.03-1024x585.avif\" alt class=\"wp-image-72444\" srcset=\"https:\/\/bio-balkon.de\/wp-content\/uploads\/2024\/10\/Herler-Herbios-Klimaterrasse-Bildschirmfoto-2024-08-15-um-18.27.03-1024x585.avif 1024w, https:\/\/bio-balkon.de\/wp-content\/uploads\/2024\/10\/Herler-Herbios-Klimaterrasse-Bildschirmfoto-2024-08-15-um-18.27.03-300x171.avif 300w, https:\/\/bio-balkon.de\/wp-content\/uploads\/2024\/10\/Herler-Herbios-Klimaterrasse-Bildschirmfoto-2024-08-15-um-18.27.03-768x439.avif 768w, https:\/\/bio-balkon.de\/wp-content\/uploads\/2024\/10\/Herler-Herbios-Klimaterrasse-Bildschirmfoto-2024-08-15-um-18.27.03-1536x877.avif 1536w, https:\/\/bio-balkon.de\/wp-content\/uploads\/2024\/10\/Herler-Herbios-Klimaterrasse-Bildschirmfoto-2024-08-15-um-18.27.03.avif 2048w, https:\/\/bio-balkon.de\/wp-content\/uploads\/2024\/10\/Herler-Herbios-Klimaterrasse-Bildschirmfoto-2024-08-15-um-18.27.03-18x10.avif 18w, https:\/\/bio-balkon.de\/wp-content\/uploads\/2024\/10\/Herler-Herbios-Klimaterrasse-Bildschirmfoto-2024-08-15-um-18.27.03-1320x754.avif 1320w\" sizes=\"auto, (max-width: 1024px) 100vw, 1024px\"><\/figure>\n\n\n\n<figure class=\"wp-block-image size-large\"><img loading=\"lazy\" decoding=\"async\" width=\"1024\" height=\"595\" src=\"https:\/\/bio-balkon.de\/wp-content\/uploads\/2024\/10\/Herler-Herbios-Klimaterrasse-Bildschirmfoto-2024-08-15-um-18.30.06-1024x595.avif\" alt class=\"wp-image-72445\" srcset=\"https:\/\/bio-balkon.de\/wp-content\/uploads\/2024\/10\/Herler-Herbios-Klimaterrasse-Bildschirmfoto-2024-08-15-um-18.30.06-1024x595.avif 1024w, https:\/\/bio-balkon.de\/wp-content\/uploads\/2024\/10\/Herler-Herbios-Klimaterrasse-Bildschirmfoto-2024-08-15-um-18.30.06-300x174.avif 300w, https:\/\/bio-balkon.de\/wp-content\/uploads\/2024\/10\/Herler-Herbios-Klimaterrasse-Bildschirmfoto-2024-08-15-um-18.30.06-768x446.avif 768w, https:\/\/bio-balkon.de\/wp-content\/uploads\/2024\/10\/Herler-Herbios-Klimaterrasse-Bildschirmfoto-2024-08-15-um-18.30.06-1536x892.avif 1536w, https:\/\/bio-balkon.de\/wp-content\/uploads\/2024\/10\/Herler-Herbios-Klimaterrasse-Bildschirmfoto-2024-08-15-um-18.30.06.avif 2048w, https:\/\/bio-balkon.de\/wp-content\/uploads\/2024\/10\/Herler-Herbios-Klimaterrasse-Bildschirmfoto-2024-08-15-um-18.30.06-18x10.avif 18w, https:\/\/bio-balkon.de\/wp-content\/uploads\/2024\/10\/Herler-Herbios-Klimaterrasse-Bildschirmfoto-2024-08-15-um-18.30.06-1320x767.avif 1320w\" sizes=\"auto, (max-width: 1024px) 100vw, 1024px\"><\/figure>\n\n\n\n<figure class=\"wp-block-image size-large\"><img loading=\"lazy\" decoding=\"async\" width=\"1024\" height=\"595\" src=\"https:\/\/bio-balkon.de\/wp-content\/uploads\/2024\/10\/Herler-Herbios-Klimaterrasse-Bildschirmfoto-2024-08-15-um-18.33.01-1024x595.avif\" alt class=\"wp-image-72446\" srcset=\"https:\/\/bio-balkon.de\/wp-content\/uploads\/2024\/10\/Herler-Herbios-Klimaterrasse-Bildschirmfoto-2024-08-15-um-18.33.01-1024x595.avif 1024w, https:\/\/bio-balkon.de\/wp-content\/uploads\/2024\/10\/Herler-Herbios-Klimaterrasse-Bildschirmfoto-2024-08-15-um-18.33.01-300x174.avif 300w, https:\/\/bio-balkon.de\/wp-content\/uploads\/2024\/10\/Herler-Herbios-Klimaterrasse-Bildschirmfoto-2024-08-15-um-18.33.01-768x446.avif 768w, https:\/\/bio-balkon.de\/wp-content\/uploads\/2024\/10\/Herler-Herbios-Klimaterrasse-Bildschirmfoto-2024-08-15-um-18.33.01-1536x892.avif 1536w, https:\/\/bio-balkon.de\/wp-content\/uploads\/2024\/10\/Herler-Herbios-Klimaterrasse-Bildschirmfoto-2024-08-15-um-18.33.01.avif 2048w, https:\/\/bio-balkon.de\/wp-content\/uploads\/2024\/10\/Herler-Herbios-Klimaterrasse-Bildschirmfoto-2024-08-15-um-18.33.01-18x10.avif 18w, https:\/\/bio-balkon.de\/wp-content\/uploads\/2024\/10\/Herler-Herbios-Klimaterrasse-Bildschirmfoto-2024-08-15-um-18.33.01-1320x767.avif 1320w\" sizes=\"auto, (max-width: 1024px) 100vw, 1024px\"><\/figure>\n\n\n\n<figure class=\"wp-block-image size-large\"><img loading=\"lazy\" decoding=\"async\" width=\"1024\" height=\"576\" src=\"https:\/\/bio-balkon.de\/wp-content\/uploads\/2024\/10\/Praes-Juergen-Herler-Herbios-Vision-1024x576.avif\" alt class=\"wp-image-72450\" srcset=\"https:\/\/bio-balkon.de\/wp-content\/uploads\/2024\/10\/Praes-Juergen-Herler-Herbios-Vision-1024x576.avif 1024w, https:\/\/bio-balkon.de\/wp-content\/uploads\/2024\/10\/Praes-Juergen-Herler-Herbios-Vision-300x169.avif 300w, https:\/\/bio-balkon.de\/wp-content\/uploads\/2024\/10\/Praes-Juergen-Herler-Herbios-Vision-768x432.avif 768w, https:\/\/bio-balkon.de\/wp-content\/uploads\/2024\/10\/Praes-Juergen-Herler-Herbios-Vision-1536x864.avif 1536w, https:\/\/bio-balkon.de\/wp-content\/uploads\/2024\/10\/Praes-Juergen-Herler-Herbios-Vision.avif 2048w, https:\/\/bio-balkon.de\/wp-content\/uploads\/2024\/10\/Praes-Juergen-Herler-Herbios-Vision-18x10.avif 18w, https:\/\/bio-balkon.de\/wp-content\/uploads\/2024\/10\/Praes-Juergen-Herler-Herbios-Vision-1320x743.avif 1320w\" sizes=\"auto, (max-width: 1024px) 100vw, 1024px\"><\/figure>\n\n\n\n<figure class=\"wp-block-image size-large\"><img loading=\"lazy\" decoding=\"async\" width=\"1024\" height=\"595\" src=\"https:\/\/bio-balkon.de\/wp-content\/uploads\/2024\/10\/Herler-Herbios-Klimaterrasse-Bildschirmfoto-2024-08-15-um-18.39.00-1024x595.avif\" alt class=\"wp-image-72447\" srcset=\"https:\/\/bio-balkon.de\/wp-content\/uploads\/2024\/10\/Herler-Herbios-Klimaterrasse-Bildschirmfoto-2024-08-15-um-18.39.00-1024x595.avif 1024w, https:\/\/bio-balkon.de\/wp-content\/uploads\/2024\/10\/Herler-Herbios-Klimaterrasse-Bildschirmfoto-2024-08-15-um-18.39.00-300x174.avif 300w, https:\/\/bio-balkon.de\/wp-content\/uploads\/2024\/10\/Herler-Herbios-Klimaterrasse-Bildschirmfoto-2024-08-15-um-18.39.00-768x446.avif 768w, https:\/\/bio-balkon.de\/wp-content\/uploads\/2024\/10\/Herler-Herbios-Klimaterrasse-Bildschirmfoto-2024-08-15-um-18.39.00-1536x892.avif 1536w, https:\/\/bio-balkon.de\/wp-content\/uploads\/2024\/10\/Herler-Herbios-Klimaterrasse-Bildschirmfoto-2024-08-15-um-18.39.00.avif 2048w, https:\/\/bio-balkon.de\/wp-content\/uploads\/2024\/10\/Herler-Herbios-Klimaterrasse-Bildschirmfoto-2024-08-15-um-18.39.00-18x10.avif 18w, https:\/\/bio-balkon.de\/wp-content\/uploads\/2024\/10\/Herler-Herbios-Klimaterrasse-Bildschirmfoto-2024-08-15-um-18.39.00-1320x767.avif 1320w\" sizes=\"auto, (max-width: 1024px) 100vw, 1024px\"><\/figure>\n\n\n\n<figure class=\"wp-block-image size-large\"><img loading=\"lazy\" decoding=\"async\" width=\"1024\" height=\"684\" src=\"https:\/\/bio-balkon.de\/wp-content\/uploads\/2024\/09\/Juergen-Herler-Herbios-Vertikalbeet-Hotel-1024x684.avif\" alt class=\"wp-image-72501\" srcset=\"https:\/\/bio-balkon.de\/wp-content\/uploads\/2024\/09\/Juergen-Herler-Herbios-Vertikalbeet-Hotel-1024x684.avif 1024w, https:\/\/bio-balkon.de\/wp-content\/uploads\/2024\/09\/Juergen-Herler-Herbios-Vertikalbeet-Hotel-300x200.avif 300w, https:\/\/bio-balkon.de\/wp-content\/uploads\/2024\/09\/Juergen-Herler-Herbios-Vertikalbeet-Hotel-768x513.avif 768w, https:\/\/bio-balkon.de\/wp-content\/uploads\/2024\/09\/Juergen-Herler-Herbios-Vertikalbeet-Hotel-18x12.avif 18w, https:\/\/bio-balkon.de\/wp-content\/uploads\/2024\/09\/Juergen-Herler-Herbios-Vertikalbeet-Hotel-1320x881.avif 1320w, https:\/\/bio-balkon.de\/wp-content\/uploads\/2024\/09\/Juergen-Herler-Herbios-Vertikalbeet-Hotel.avif 1426w\" sizes=\"auto, (max-width: 1024px) 100vw, 1024px\"><\/figure>\n\n\n\n<figure class=\"wp-block-image size-large\"><a href=\"https:\/\/wurmkiste.at\/?wpam_id=14\" target=\"_blank\" rel=\"noreferrer noopener\"><img loading=\"lazy\" decoding=\"async\" width=\"1024\" height=\"472\" src=\"https:\/\/bio-balkon.de\/wp-content\/uploads\/2024\/09\/Wurmkiste-Wurmkompostierung-1024x472.avif\" alt class=\"wp-image-72473\" srcset=\"https:\/\/bio-balkon.de\/wp-content\/uploads\/2024\/09\/Wurmkiste-Wurmkompostierung-1024x472.avif 1024w, https:\/\/bio-balkon.de\/wp-content\/uploads\/2024\/09\/Wurmkiste-Wurmkompostierung-300x138.avif 300w, https:\/\/bio-balkon.de\/wp-content\/uploads\/2024\/09\/Wurmkiste-Wurmkompostierung-768x354.avif 768w, https:\/\/bio-balkon.de\/wp-content\/uploads\/2024\/09\/Wurmkiste-Wurmkompostierung-1536x708.avif 1536w, https:\/\/bio-balkon.de\/wp-content\/uploads\/2024\/09\/Wurmkiste-Wurmkompostierung.avif 2048w, https:\/\/bio-balkon.de\/wp-content\/uploads\/2024\/09\/Wurmkiste-Wurmkompostierung-18x8.avif 18w, https:\/\/bio-balkon.de\/wp-content\/uploads\/2024\/09\/Wurmkiste-Wurmkompostierung-1320x608.avif 1320w\" sizes=\"auto, (max-width: 1024px) 100vw, 1024px\"><\/a><figcaption class=\"wp-element-caption\">Wurm\u00adkom\u00adpos\u00adtie\u00adrung in einer <a href=\"https:\/\/wurmkiste.at\/?wpam_id=14\" target=\"_blank\" rel=\"noreferrer noopener nofollow\">Worm box<\/a><\/figcaption><\/figure>\n\n\n\n<figure class=\"wp-block-image size-large\"><img loading=\"lazy\" decoding=\"async\" width=\"1024\" height=\"489\" src=\"https:\/\/bio-balkon.de\/wp-content\/uploads\/2024\/09\/Wumhotel-Wurmkiste-Wurmkompostierung-1024x489.avif\" alt class=\"wp-image-72474\" srcset=\"https:\/\/bio-balkon.de\/wp-content\/uploads\/2024\/09\/Wumhotel-Wurmkiste-Wurmkompostierung-1024x489.avif 1024w, https:\/\/bio-balkon.de\/wp-content\/uploads\/2024\/09\/Wumhotel-Wurmkiste-Wurmkompostierung-300x143.avif 300w, https:\/\/bio-balkon.de\/wp-content\/uploads\/2024\/09\/Wumhotel-Wurmkiste-Wurmkompostierung-768x367.avif 768w, https:\/\/bio-balkon.de\/wp-content\/uploads\/2024\/09\/Wumhotel-Wurmkiste-Wurmkompostierung-1536x734.avif 1536w, https:\/\/bio-balkon.de\/wp-content\/uploads\/2024\/09\/Wumhotel-Wurmkiste-Wurmkompostierung.avif 2048w, https:\/\/bio-balkon.de\/wp-content\/uploads\/2024\/09\/Wumhotel-Wurmkiste-Wurmkompostierung-18x9.avif 18w, https:\/\/bio-balkon.de\/wp-content\/uploads\/2024\/09\/Wumhotel-Wurmkiste-Wurmkompostierung-1320x631.avif 1320w\" sizes=\"auto, (max-width: 1024px) 100vw, 1024px\"><figcaption class=\"wp-element-caption\">Wurm\u00adkom\u00adpos\u00adtie\u00adrung in einem <a href=\"https:\/\/wurmkiste.at\/produkt\/wurmhotel-gemeinschaftlich-kompostieren\/?wpam_id=14\" target=\"_blank\" rel=\"noreferrer noopener nofollow\">Wurm\u00adho\u00adtel<\/a> f\u00fcr eine Gemein\u00adschaft<\/figcaption><\/figure>\n\n\n\n<p>Die\u00adses Leucht\u00adturm\u00adpro\u00adjekt Bal\u00adkon\u00adschu\u00adle mit Schau\u00adgar\u00adten m\u00f6ch\u00adte ich gern zen\u00adtral in Ber\u00adlin mit guter Anbin\u00addung an die \u00f6ffent\u00adli\u00adchen Ver\u00adkehrs\u00admit\u00adtel umset\u00adzen und freue mich auf Gespr\u00e4\u00adche und Ange\u00adbo\u00adte per Mail an news@bio-balkon.de. Gern stel\u00adle ich mei\u00adne Exper\u00adti\u00adse und Kon\u00adtak\u00adte zur Ver\u00adf\u00fc\u00adgung. Fir\u00admen k\u00f6nn\u00adten in part\u00adner\u00adschaft\u00adli\u00adcher Zusam\u00admen\u00adar\u00adbeit mit mir ihre Nach\u00adhal\u00adtig\u00adkeits\u00adstra\u00adte\u00adgie ver\u00adbes\u00adsern, Bio\u00addi\u00adver\u00adsi\u00adt\u00e4ts- und Nach\u00adhal\u00adtig\u00adkeits\u00adzie\u00adle erf\u00fcl\u00adlen, eine wei\u00adte\u00adre Ma\u00df\u00adnah\u00adme f\u00fcr mehr Nach\u00adhal\u00adtig\u00adkeit umset\u00adzen, in der K\u00fcche ern\u00adte\u00adfri\u00adsche, vor Ort pro\u00addu\u00adzier\u00adte Kr\u00e4u\u00adter ver\u00adar\u00adbei\u00adten, ihre Mit\u00adar\u00adbei\u00adter schu\u00adlen. Die Zusam\u00admen\u00adar\u00adbeit mit einem Eco-Hotel fin\u00adde ich sehr inter\u00ades\u00adsant. Auf\u00adgrund mei\u00adner Erfah\u00adrun\u00adgen von diver\u00adsen Mes\u00adsen wei\u00df ich, dass vie\u00adle Men\u00adschen von au\u00dfer\u00adhalb ange\u00adreist kom\u00admen, um mich etwas ken\u00adnen\u00adzu\u00adler\u00adnen, gera\u00adde auch in Ver\u00adbin\u00addung mit einem Ber\u00adlin-Besuch eine gute Kom\u00adbi\u00adna\u00adti\u00adon.<\/p>\n\n\n\n<p><strong>Fir\u00admen\u00adkon\u00adtakt<\/strong><\/p>\n\n\n\n<p>Bir\u00adgit Schatt\u00adling<\/p>\n\n\n\n<p>Bar\u00adstr. 38<br>10713 Ber\u00adlin<\/p>\n\n\n\n<p>E\u2011Mail: news@bio-balkon.de<br>Tel.: +49 178 5350112<\/p>\n\n\n\n<p>Web: <a href=\"https:\/\/bio-balkon.de\/en\/\">https:\/\/bio-balkon.de<\/a><\/p>\n\n\n\n<p>Pres\u00adse\u00adord\u00adner: <a href=\"https:\/\/bio-balkon.de\/en\/presse\/\">https:\/\/bio-balkon.de\/presse\/<\/a><\/p>\n\n\n\n<p><a href=\"https:\/\/bio-balkon.de\/en\/\">Web\u00adsite<\/a>&nbsp;|&nbsp;<a href=\"https:\/\/www.instagram.com\/birgitschattling\/\">Insta\u00adgram<\/a>&nbsp;|&nbsp;<a href=\"https:\/\/www.youtube.com\/channel\/UCzezoXLtWd6sLzZstzR_ufQ\">You\u00adTube<\/a>&nbsp;|&nbsp;<a href=\"https:\/\/www.facebook.com\/birgitsbiobalkon\">Face\u00adbook<\/a>&nbsp;|&nbsp;<a href=\"https:\/\/www.facebook.com\/groups\/1291278840940692\/\">Face\u00adbook group<\/a>&nbsp;|&nbsp;<a href=\"https:\/\/www.pinterest.de\/biobalkon\/_created\/\">Pin\u00adte\u00adrest<\/a>&nbsp;&nbsp;<\/p>\n\n\n\n<p>Hier geht\u2019s zum News\u00adlet\u00adter&nbsp;<a href=\"https:\/\/bio-balkon.de\/en\/\">https:\/\/bio-balkon.de\/<\/a><\/p>\n\n\n\n<p><\/p>\n\n\n\n<p><\/p>\n\n\n\n<p><\/p>\n\n\n\n<h2 class=\"wp-block-heading\">Vita Bir\u00adgit Schatt\u00adling<\/h2>\n\n\n\n<p><strong>Die Ber\u00adli\u00adner Bal\u00adkon\u00adg\u00e4rt\u00adne\u00adrin, \u201eNatur im Gar\u00adten\u201c \u2013 Bot\u00adschaf\u00adte\u00adrin, Autorin und Ver\u00adan\u00adstal\u00adte\u00adrin der bis\u00adher 15 Online Bio-Bal\u00adkon Kon\u00adgres\u00adse Bir\u00adgit Schatt\u00adling ist Medi\u00aden\u00adpreis\u00adtr\u00e4\u00adge\u00adrin 2018 der Deut\u00adschen Gar\u00adten\u00adbau\u00adge\u00adsell\u00adschaft DGG 1822 e.V. 2017 und 2019 war sie f\u00fcr den \u201eEuro\u00adpean Award for Eco\u00adlo\u00adgi\u00adcal Gar\u00addening\u201c nomi\u00adniert. Im glei\u00adchen Jahr erhielt sie beim Gr\u00fc\u00adne-Liga-Wett\u00adbe\u00adwerb \u201eGift\u00adfrei\u00ades G\u00e4rt\u00adnern\u201c einen Son\u00adder\u00adpreis f\u00fcr G\u00e4rt\u00adnern auf kleins\u00adtem Raum. Sie ist hoch\u00adschul\u00adzer\u00adti\u00adfi\u00adzier\u00adte \u201eFach\u00adbe\u00adra\u00adte\u00adrin f\u00fcr Selbst\u00adver\u00adsor\u00adgung mit ess\u00adba\u00adren Wild\u00adpflan\u00adzen\u201c. Ihr Hor\u00adtus Bio-Bal\u00adkon geh\u00f6rt zum \u201eHor\u00adtus-Netz\u00adwerk. Viel\u00adfalt. Sch\u00f6n\u00adheit. Nut\u00adzen.\u201c \u2013 Monats\u00adpro\u00adjekt August 2019 der UN-Deka\u00adde Bio\u00adlo\u00adgi\u00adsche Viel\u00adfalt. Seit 2019 ist sie Juro\u00adrin beim Pflanz\u00adwett\u00adbe\u00adwerb \u201eDeutsch\u00adland summt! Wir tun was f\u00fcr Bie\u00adnen\u201c. F\u00fcr den Ver\u00adlag Gr\u00e4\u00adfe und Unzer schrieb sie den Rat\u00adge\u00adber \u201eMein Bio\u00adtop auf dem Bal\u00adkon. Natur\u00ader\u00adleb\u00adnis und Ern\u00adte\u00adgl\u00fcck mit\u00adten in der Stadt\u201c, wel\u00adches nach vier Mona\u00adten bereits eine zwei\u00adte Auf\u00adla\u00adge erhielt. Beim Ulmer Ver\u00adlag erschien 2023 in der #machs\u00adnach\u00adhal\u00adtig-Rei\u00adhe \u201eMein genia\u00adler Bio-Bal\u00adkon. Mit gro\u00df\u00adar\u00adti\u00adgen Pflanz\u00adkom\u00adbis &amp; DIY-Pro\u00adjek\u00adten zu mehr Arten\u00adviel\u00adfalt und lecke\u00adrer Ern\u00adte\u201c. Bir\u00adgit Schatt\u00adling hilft (nicht nur) Stadt\u00admen\u00adschen dabei, wie\u00adder mehr&nbsp;Gr\u00fcn und Selbst\u00adver\u00adsor\u00adgung in die St\u00e4d\u00adte zu brin\u00adgen. Sie gibt prak\u00adti\u00adsche Anlei\u00adtung f\u00fcr \u00fcppi\u00adge, freu\u00adde\u00adbrin\u00adgen\u00adde Bal\u00adkon-Oasen, die eine Wohl\u00adtat f\u00fcr Men\u00adschen,&nbsp;Insek\u00adten und Tie\u00adre sind und begeis\u00adtert mit ihren Online\u00adkon\u00adgres\u00adsen und Vor\u00adtr\u00e4\u00adgen f\u00fcr das \u00f6ko\u00adlo\u00adgi\u00adsche G\u00e4rt\u00adnern auf klei\u00adnem Raum.<\/strong><\/p>\n\n\n\n<h2 class=\"wp-block-heading\">Zum Ken\u00adnen\u00adler\u00adnen Fern\u00adseh\u00adfil\u00adme mit mir<\/h2>\n\n\n\n<p>Gro\u00ad\u00dfe Ern\u00adte: Selbst\u00adver\u00adsor\u00adgung vom Bal\u00adkon 13.09.2024 \u2219&nbsp;DER TAG in Ber\u00adlin &amp; Bran\u00adden\u00adburg&nbsp;\u2219 @ rbb Fern\u00adse\u00adhen Bea\u00adte Tyron<\/p>\n\n\n\n<figure class=\"wp-block-image size-large\"><a href=\"https:\/\/www.ardmediathek.de\/video\/der-tag-in-berlin-und-brandenburg\/grosse-ernte-selbstversorgung-vom-balkon\/rbb-fernsehen\/Y3JpZDovL3JiYl8zOWQzZWIwZi1mOTQyLTQ5NTQtOWJlZC0zZjU4Zjc5NDM4YWZfcHVibGljYXRpb24?fbclid=IwY2xjawFxm39leHRuA2FlbQIxMQABHVPAUfYsRZlTcfW_VO5Tx8h4qxCV-Eodp5K8xokXCwzb7kx96unMmVp4KA_aem_bWkdGpP2zbjBVhkDf-8QMA\" target=\"_blank\" rel=\"noreferrer noopener\"><img loading=\"lazy\" decoding=\"async\" width=\"1024\" height=\"606\" src=\"https:\/\/bio-balkon.de\/wp-content\/uploads\/2024\/09\/RBB-Der-Tag-Beate-Tyron-Wintergemuese-Jungpflanzen-Bildschirmfoto-2024-09-14-um-11.26.22-1024x606.avif\" alt class=\"wp-image-72503\" srcset=\"https:\/\/bio-balkon.de\/wp-content\/uploads\/2024\/09\/RBB-Der-Tag-Beate-Tyron-Wintergemuese-Jungpflanzen-Bildschirmfoto-2024-09-14-um-11.26.22-1024x606.avif 1024w, https:\/\/bio-balkon.de\/wp-content\/uploads\/2024\/09\/RBB-Der-Tag-Beate-Tyron-Wintergemuese-Jungpflanzen-Bildschirmfoto-2024-09-14-um-11.26.22-300x178.avif 300w, https:\/\/bio-balkon.de\/wp-content\/uploads\/2024\/09\/RBB-Der-Tag-Beate-Tyron-Wintergemuese-Jungpflanzen-Bildschirmfoto-2024-09-14-um-11.26.22-768x454.avif 768w, https:\/\/bio-balkon.de\/wp-content\/uploads\/2024\/09\/RBB-Der-Tag-Beate-Tyron-Wintergemuese-Jungpflanzen-Bildschirmfoto-2024-09-14-um-11.26.22-1536x909.avif 1536w, https:\/\/bio-balkon.de\/wp-content\/uploads\/2024\/09\/RBB-Der-Tag-Beate-Tyron-Wintergemuese-Jungpflanzen-Bildschirmfoto-2024-09-14-um-11.26.22-18x12.avif 18w, https:\/\/bio-balkon.de\/wp-content\/uploads\/2024\/09\/RBB-Der-Tag-Beate-Tyron-Wintergemuese-Jungpflanzen-Bildschirmfoto-2024-09-14-um-11.26.22-1320x781.avif 1320w, https:\/\/bio-balkon.de\/wp-content\/uploads\/2024\/09\/RBB-Der-Tag-Beate-Tyron-Wintergemuese-Jungpflanzen-Bildschirmfoto-2024-09-14-um-11.26.22.avif 1798w\" sizes=\"auto, (max-width: 1024px) 100vw, 1024px\"><\/a><\/figure>\n\n\n\n<p>Bal\u00adko\u00adni\u00aden: Selbst\u00adver\u00adsor\u00adgung mit ver\u00adti\u00adka\u00adlem Anbau | @ MDR Gar\u00adten Anke Delei\u00adter vom 19.08.2021<\/p>\n\n\n\n<figure class=\"wp-block-embed is-type-video is-provider-youtube wp-block-embed-youtube wp-embed-aspect-16-9 wp-has-aspect-ratio\"><div class=\"wp-block-embed__wrapper\">\n<iframe loading=\"lazy\" title=\"Balkonien: Selbstversorgung mit vertikalem Anbau | MDR Garten\" width=\"800\" height=\"450\" src=\"https:\/\/www.youtube.com\/embed\/TGZng2cUrXI?start=1&amp;feature=oembed\" frameborder=\"0\" allow=\"accelerometer; autoplay; clipboard-write; encrypted-media; gyroscope; picture-in-picture; web-share\" referrerpolicy=\"strict-origin-when-cross-origin\" allowfullscreen><\/iframe>\n<\/div><\/figure>\n\n\n\n<p>RBB Radio Cos\u00admo po-rus\u00adski (rus\u00adsi\u00adsche Unter\u00adti\u00adtel) vom 14. August 2024 \u2013 Film von Eka\u00adte\u00adri\u00adna Sav\u00adchen\u00adko<\/p>\n\n\n\n<figure class=\"wp-block-embed is-type-video is-provider-youtube wp-block-embed-youtube wp-embed-aspect-4-3 wp-has-aspect-ratio\"><div class=\"wp-block-embed__wrapper\">\n<iframe loading=\"lazy\" title=\"RBB Radio Cosmo po-russki (russische Untertitel) vom 14. August 2024 - Film von Ekaterina Savchenko\" width=\"800\" height=\"600\" src=\"https:\/\/www.youtube.com\/embed\/uWE9Fte4P8M?feature=oembed\" frameborder=\"0\" allow=\"accelerometer; autoplay; clipboard-write; encrypted-media; gyroscope; picture-in-picture; web-share\" referrerpolicy=\"strict-origin-when-cross-origin\" allowfullscreen><\/iframe>\n<\/div><\/figure>\n\n\n\n<p>Der Bio-Bal\u00adkon in der RBB-Abend\u00adschau vom 02.07.2018: Alles Bio in Ber\u00adlin \u2013 Selbst\u00adver\u00adsor\u00adgung Bal\u00adkon<\/p>\n\n\n\n<figure class=\"wp-block-embed is-type-video is-provider-youtube wp-block-embed-youtube wp-embed-aspect-16-9 wp-has-aspect-ratio\"><div class=\"wp-block-embed__wrapper\">\n<iframe loading=\"lazy\" title=\"Der Bio-Balkon in der RBB-Abendschau vom 02.07.2018: Alles Bio in Berlin - Selbstversorgung Balkon\" width=\"800\" height=\"450\" src=\"https:\/\/www.youtube.com\/embed\/AF3dPof6Lhg?feature=oembed\" frameborder=\"0\" allow=\"accelerometer; autoplay; clipboard-write; encrypted-media; gyroscope; picture-in-picture; web-share\" referrerpolicy=\"strict-origin-when-cross-origin\" allowfullscreen><\/iframe>\n<\/div><\/figure>\n\n\n\n<figure class=\"wp-block-image size-large\"><img decoding=\"async\" src=\"https:\/\/bio-balkon.de\/wp-content\/uploads\/2024\/01\/Flyer_biogartenmesse_bio_balkon_1240x1748_gaertnere_mit_birgit-726x1024.avif\" alt><\/figure>\n\n\n\n<figure class=\"wp-block-image size-large\"><img loading=\"lazy\" decoding=\"async\" width=\"1024\" height=\"539\" src=\"https:\/\/bio-balkon.de\/wp-content\/uploads\/2024\/09\/cropped-Kongress-FB-Header-1024x539.avif\" alt class=\"wp-image-70764\" srcset=\"https:\/\/bio-balkon.de\/wp-content\/uploads\/2024\/09\/cropped-Kongress-FB-Header-1024x539.avif 1024w, https:\/\/bio-balkon.de\/wp-content\/uploads\/2024\/09\/cropped-Kongress-FB-Header-300x158.avif 300w, https:\/\/bio-balkon.de\/wp-content\/uploads\/2024\/09\/cropped-Kongress-FB-Header-768x404.avif 768w, https:\/\/bio-balkon.de\/wp-content\/uploads\/2024\/09\/cropped-Kongress-FB-Header-1536x808.avif 1536w, https:\/\/bio-balkon.de\/wp-content\/uploads\/2024\/09\/cropped-Kongress-FB-Header-18x9.avif 18w, https:\/\/bio-balkon.de\/wp-content\/uploads\/2024\/09\/cropped-Kongress-FB-Header-1320x694.avif 1320w, https:\/\/bio-balkon.de\/wp-content\/uploads\/2024\/09\/cropped-Kongress-FB-Header.avif 1639w\" sizes=\"auto, (max-width: 1024px) 100vw, 1024px\"><\/figure>\n\n\n\n<figure class=\"wp-block-image size-large\"><img decoding=\"async\" src=\"https:\/\/bio-balkon.de\/wp-content\/uploads\/2024\/03\/Kongress-14-FB-Werbebild-.avif\" alt><\/figure>\n\n\n\n<figure class=\"wp-block-image size-large\"><img decoding=\"async\" src=\"https:\/\/bio-balkon.de\/wp-content\/uploads\/2024\/03\/Kongress-14-Schwerpunkt-schwierige-Standorte-.avif\" alt><\/figure>\n\n\n\n<figure class=\"wp-block-image size-large\"><img decoding=\"async\" src=\"https:\/\/bio-balkon.de\/wp-content\/uploads\/2024\/03\/Jeder-Meter-zaehlt-Kongress-14-Insta-1024x1024.avif\" alt><\/figure>","protected":false},"excerpt":{"rendered":"<p>R\u00e4um\u00adlich\u00adkeit als Leucht\u00adturm\u00adpro\u00adjekt f\u00fcr natur\u00adna\u00adhes G\u00e4rt\u00adnern mit weg\u00adwei\u00adsen\u00adden Impul\u00adsen f\u00fcr natur\u00adna\u00adhes G\u00e4rt\u00adnern auf klei\u00adnem Raum zen\u00adtral in Ber\u00adlin von Ber\u00adli\u00adner Bal\u00adkon\u00adex\u00adper\u00adtin gew\u00fcnscht<\/p>","protected":false},"author":5,"featured_media":73215,"comment_status":"open","ping_status":"open","sticky":false,"template":"","format":"standard","meta":{"_acf_changed":false,"wp_typography_post_enhancements_disabled":false,"footnotes":""},"categories":[1],"tags":[],"class_list":["post-72438","post","type-post","status-publish","format-standard","has-post-thumbnail","hentry","category-uncategorized"],"acf":[],"_links":{"self":[{"href":"https:\/\/bio-balkon.de\/en\/wp-json\/wp\/v2\/posts\/72438","targetHints":{"allow":["GET"]}}],"collection":[{"href":"https:\/\/bio-balkon.de\/en\/wp-json\/wp\/v2\/posts"}],"about":[{"href":"https:\/\/bio-balkon.de\/en\/wp-json\/wp\/v2\/types\/post"}],"author":[{"embeddable":true,"href":"https:\/\/bio-balkon.de\/en\/wp-json\/wp\/v2\/users\/5"}],"replies":[{"embeddable":true,"href":"https:\/\/bio-balkon.de\/en\/wp-json\/wp\/v2\/comments?post=72438"}],"version-history":[{"count":0,"href":"https:\/\/bio-balkon.de\/en\/wp-json\/wp\/v2\/posts\/72438\/revisions"}],"wp:featuredmedia":[{"embeddable":true,"href":"https:\/\/bio-balkon.de\/en\/wp-json\/wp\/v2\/media\/73215"}],"wp:attachment":[{"href":"https:\/\/bio-balkon.de\/en\/wp-json\/wp\/v2\/media?parent=72438"}],"wp:term":[{"taxonomy":"category","embeddable":true,"href":"https:\/\/bio-balkon.de\/en\/wp-json\/wp\/v2\/categories?post=72438"},{"taxonomy":"post_tag","embeddable":true,"href":"https:\/\/bio-balkon.de\/en\/wp-json\/wp\/v2\/tags?post=72438"}],"curies":[{"name":"wp","href":"https:\/\/api.w.org\/{rel}","templated":true}]}}