{"id":7196,"date":"2025-03-30T10:29:00","date_gmt":"2025-03-30T08:29:00","guid":{"rendered":"https:\/\/bio-balkon.de\/?p=7196"},"modified":"2026-04-17T05:22:30","modified_gmt":"2026-04-17T03:22:30","slug":"balkon-im-mai","status":"publish","type":"post","link":"https:\/\/bio-balkon.de\/en\/balkon-im-mai\/","title":{"rendered":"Bal\u00adc\u00ado\u00adny in May \u2014 oppor\u00adtu\u00adni\u00adties for har\u00adve\u00ads\u00adt\u00ading hap\u00adpi\u00adness and expe\u00adri\u00aden\u00adcing natu\u00adre"},"content":{"rendered":"<p>Sp\u00e4\u00adtes\u00adtens jetzt im Mai mit sei\u00adnem Fr\u00fch\u00adlings\u00adduft steigt die Lust auf einen sch\u00f6\u00adnen gem\u00fct\u00adli\u00adchen Bal\u00adkon, auf dem man sich erho\u00adlen kann. Wir k\u00f6n\u00adnen den Pflan\u00adzen beim Wach\u00adsen zuschau\u00aden. Jetzt ist Zeit zum S\u00e4en und Pflan\u00adzen vom Som\u00admer\u00adge\u00adm\u00fc\u00adse. Was jetzt im Mai f\u00fcr den Bal\u00adkon ges\u00e4t und gepflanzt wer\u00adden kann und wel\u00adche Auf\u00adga\u00adben anste\u00adhen, liest Du im fol\u00adgen\u00adden Arti\u00adkel.&nbsp;<\/p>\n\n\n\n<figure class=\"wp-block-image aligncenter size-large\"><img loading=\"lazy\" decoding=\"async\" width=\"1024\" height=\"768\" src=\"https:\/\/bio-balkon.de\/wp-content\/uploads\/2020\/07\/Isabel-Jauernig-Mangold-anzucht-aussaat-keimlinge-1024x768.avif\" alt=\"Aussaaten von buntem Stielmangold. Er bew\u00e4hrt sich auf dem Balkon im Balkonkasten.\" class=\"wp-image-8906\" srcset=\"https:\/\/bio-balkon.de\/wp-content\/uploads\/2020\/07\/Isabel-Jauernig-Mangold-anzucht-aussaat-keimlinge-1024x768.avif 1024w, https:\/\/bio-balkon.de\/wp-content\/uploads\/2020\/07\/Isabel-Jauernig-Mangold-anzucht-aussaat-keimlinge-300x225.avif 300w, https:\/\/bio-balkon.de\/wp-content\/uploads\/2020\/07\/Isabel-Jauernig-Mangold-anzucht-aussaat-keimlinge-768x576.avif 768w, https:\/\/bio-balkon.de\/wp-content\/uploads\/2020\/07\/Isabel-Jauernig-Mangold-anzucht-aussaat-keimlinge-1536x1152.avif 1536w, https:\/\/bio-balkon.de\/wp-content\/uploads\/2020\/07\/Isabel-Jauernig-Mangold-anzucht-aussaat-keimlinge-16x12.avif 16w, https:\/\/bio-balkon.de\/wp-content\/uploads\/2020\/07\/Isabel-Jauernig-Mangold-anzucht-aussaat-keimlinge-1320x990.avif 1320w, https:\/\/bio-balkon.de\/wp-content\/uploads\/2020\/07\/Isabel-Jauernig-Mangold-anzucht-aussaat-keimlinge.avif 1920w\" sizes=\"auto, (max-width: 1024px) 100vw, 1024px\"><figcaption class=\"wp-element-caption\">Stiel\u00adm\u00adan\u00adgold<\/figcaption><\/figure>\n\n\n\n<h2 class=\"wp-block-heading\">Im Mai kann ges\u00e4t wer\u00adden:<\/h2>\n\n\n\n<p>Die Ver\u00adlin\u00adkun\u00adgen f\u00fch\u00adren zu emp\u00adfoh\u00adle\u00adnen bal\u00adkon\u00adtaug\u00adli\u00adchen Sor\u00adten in Deme\u00adter-Qua\u00adli\u00adt\u00e4t, also der bes\u00adten Bio-Qua\u00adli\u00adt\u00e4t:<\/p>\n\n\n\n<ul class=\"wp-block-list\">\n<li><a href=\"https:\/\/www.bingenheimersaatgut.de\/de\/bio-saatgut\/gemuese\/asia-salate.html\" target=\"_blank\" rel=\"noreferrer noopener\">Asi\u00adan salads<\/a>,&nbsp;<a href=\"https:\/\/www.bingenheimersaatgut.de\/de\/bio-saatgut\/gemuese\/asia-salate\/asia-salat-mischung-g246\" target=\"_blank\" rel=\"noreferrer noopener\">Asi\u00adan salad mix as a simp\u00adle seed disc<\/a><\/li>\n\n\n\n<li><a href=\"https:\/\/www.bingenheimersaatgut.de\/de\/bio-saatgut\/gemuese\/salat\/bataviasalat\/amerikanischer-brauner-g378\" target=\"_blank\" rel=\"noreferrer noopener\">Bata\u00advia let\u00adtuce \u201cAme\u00adri\u00adcan brown\u201d<\/a>&nbsp;(par\u00adti\u00adcu\u00adlar\u00adly sui\u00adta\u00adble for baby leaf cul\u00adti\u00adva\u00adti\u00adon)<\/li>\n\n\n\n<li><a href=\"https:\/\/www.bingenheimersaatgut.de\/de\/bio-saatgut\/kraeuter\/basilikum.html\" target=\"_blank\" rel=\"noreferrer noopener\">Basil<\/a> (pre\u00adcul\u00adtu\u00adre)<\/li>\n\n\n\n<li><a href=\"https:\/\/www.bingenheimersaatgut.de\/de\/bio-saatgut\/kraeuter\/bohnenkraut\/bohnenkraut-saturn-k15\" target=\"_blank\" rel=\"noreferrer noopener\">Savo\u00adry<\/a><\/li>\n\n\n\n<li><a href=\"https:\/\/www.bingenheimersaatgut.de\/de\/bio-saatgut\/gemuese\/bohnen\/buschbohne.html\" target=\"_blank\" rel=\"noreferrer noopener\">Busch\u00adboh\u00adne<\/a>Recom\u00admen\u00adda\u00adti\u00adon <a href=\"https:\/\/www.bingenheimersaatgut.de\/de\/bio-saatgut\/gemuese\/bohnen\/buschbohne\/helios-g132\" target=\"_blank\" rel=\"noreferrer noopener\">Heli\u00ados<\/a>, <a href=\"https:\/\/www.bingenheimersaatgut.de\/de\/bio-saatgut\/gemuese\/bohnen\/buschbohne\/saxa-g120\" target=\"_blank\" rel=\"noreferrer noopener\">Saxa<\/a><\/li>\n\n\n\n<li><a href=\"https:\/\/www.bingenheimersaatgut.de\/de\/bio-saatgut\/kraeuter\/dill.html\" target=\"_blank\" rel=\"noreferrer noopener\">Dill<\/a><\/li>\n\n\n\n<li><a href=\"https:\/\/www.bingenheimersaatgut.de\/de\/bio-saatgut\/gemuese\/erbsen.html\" target=\"_blank\" rel=\"noreferrer noopener\">Pea<\/a>,&nbsp;Emp\u00adfeh\u00adlung Zucker\u00aderb\u00adse&nbsp;<a href=\"https:\/\/www.bingenheimersaatgut.de\/de\/bio-saatgut\/gemuese\/erbsen\/zuckererbse\/ambrosia-g161\" target=\"_blank\" rel=\"noreferrer noopener\">Ambro\u00adsia<\/a>pige\u00adon pea <a href=\"https:\/\/www.bingenheimersaatgut.de\/de\/bio-saatgut\/gemuese\/erbsen\/markerbse\/wunder-von-kelvedon-g155\" target=\"_blank\" rel=\"noreferrer noopener\">Mira\u00adcle of Kel\u00adve\u00addon<\/a>, vio\u00adlett bl\u00fc\u00adhen\u00adde Schal\u00aderb\u00adse mit blau\u00aden H\u00fcl\u00adsen und hoch\u00adwach\u00adsend <a href=\"https:\/\/www.bingenheimersaatgut.de\/de\/bio-saatgut\/gemuese\/erbsen\/schalerbse\/blauwschokker-g775\" target=\"_blank\" rel=\"noreferrer noopener\">Blau\u00adw\u00adschok\u00adker<\/a><\/li>\n\n\n\n<li><a href=\"https:\/\/www.bingenheimersaatgut.de\/de\/bio-saatgut\/gemuese\/kohl\/gruenkohl.html\" target=\"_blank\" rel=\"noreferrer noopener\">Gr\u00fcn\u00adkohl<\/a>Recom\u00admen\u00adda\u00adti\u00adon <a href=\"https:\/\/www.bingenheimersaatgut.de\/de\/bio-saatgut\/gemuese\/kohl\/gruenkohl\/lerchenzungen-g632\" target=\"_blank\" rel=\"noreferrer noopener\">Ler\u00adchen\u00adzun\u00adge<\/a>, <a href=\"https:\/\/www.bingenheimersaatgut.de\/de\/bio-saatgut\/gemuese\/kohl\/gruenkohl\/halbhoher-gruener-krauser-g225\" target=\"_blank\" rel=\"noreferrer noopener\">Halb\u00adho\u00adher gr\u00fc\u00adner Krau\u00adser<\/a>, Palmkohl\/Schwarzkohl <a href=\"https:\/\/www.bingenheimersaatgut.de\/de\/bio-saatgut\/gemuese\/kohl\/gruenkohl\/nero-di-toscana-as-g653\" target=\"_blank\" rel=\"noreferrer noopener\">Nero di Tos\u00adca\u00adna<\/a><\/li>\n\n\n\n<li><a href=\"https:\/\/www.bingenheimersaatgut.de\/de\/bio-saatgut\/gemuese\/gurken.html\" target=\"_blank\" rel=\"noreferrer noopener\">Cucum\u00adber<\/a> (Vor\u00adan\u00adzucht, nach den Eis\u00adhei\u00adli\u00adgen drau\u00ad\u00dfen), Ves\u00adper\u00adgur\u00adke f\u00fcr Bal\u00adkon: <a href=\"https:\/\/www.bingenheimersaatgut.de\/de\/bio-saatgut\/gemuese\/gurken\/salatgurken\/persika-g175\" target=\"_blank\" rel=\"noreferrer noopener\">Per\u00adsia<\/a>, Mini cucum\u00adber&nbsp;<a href=\"https:\/\/www.bingenheimersaatgut.de\/de\/bio-saatgut\/gemuese\/gurken\/salatgurken\/la-diva-g680\" target=\"_blank\" rel=\"noreferrer noopener\">La Diva<\/a>, Coun\u00adtry cucum\u00adber <a href=\"https:\/\/www.bingenheimersaatgut.de\/de\/bio-saatgut\/gemuese\/gurken\/salatgurken\/tanja-g174\" target=\"_blank\" rel=\"noreferrer noopener\">Tan\u00adja<\/a>,&nbsp;stark ran\u00adken\u00adde, klet\u00adtern\u00adde Sor\u00adten:&nbsp;<a href=\"https:\/\/www.dreschflegel-shop.de\/fruchtgemuese-und-obst\/gurken\/weitere-gurkenartige\/814\/mexikanisches-zwerg-guerkchen\" target=\"_blank\" rel=\"noreferrer noopener\">Mexi\u00adcan mini cucum\u00adber<\/a>, <a href=\"https:\/\/dreschflegel-shop.de\/cyclanthere-hoernchenkuerbis\" target=\"_blank\" rel=\"noreferrer noopener\">Inca cucum\u00adber (squash)<\/a><\/li>\n\n\n\n<li><a href=\"https:\/\/www.bingenheimersaatgut.de\/de\/bio-saatgut\/gemuese\/kohl\/kohlrabi.html\" target=\"_blank\" rel=\"noreferrer noopener\">Kohl\u00adra\u00adbi<\/a> (pre\u00adcul\u00adtu\u00adre), recom\u00admen\u00adda\u00adti\u00adon blue: <a href=\"https:\/\/www.bingenheimersaatgut.de\/de\/bio-saatgut\/gemuese\/kohl\/kohlrabi\/blaro-g232\" target=\"_blank\" rel=\"noreferrer noopener\">Bla\u00adro<\/a>, <a href=\"https:\/\/www.bingenheimersaatgut.de\/de\/bio-saatgut\/gemuese\/kohl\/kohlrabi\/azur-star-g227\" target=\"_blank\" rel=\"noreferrer noopener\">Azur Star<\/a>white: <a href=\"https:\/\/www.bingenheimersaatgut.de\/de\/bio-saatgut\/gemuese\/kohl\/kohlrabi\/orinoko-g231\" target=\"_blank\" rel=\"noreferrer noopener\">Orino\u00adco<\/a>. Die lila Vari\u00adan\u00adten wir\u00adken optisch viel ein\u00adla\u00adden\u00adder.<\/li>\n\n\n\n<li><a href=\"https:\/\/www.bingenheimersaatgut.de\/de\/bio-saatgut\/gemuese\/kuerbis.html\" target=\"_blank\" rel=\"noreferrer noopener\">Pump\u00adkin<\/a>&nbsp;(Vor\u00adan\u00adzucht, nach den Eis\u00adhei\u00adli\u00adgen drau\u00ad\u00dfen),&nbsp;bal\u00adkon\u00adtaug\u00adlich:&nbsp;<a href=\"https:\/\/www.bingenheimersaatgut.de\/de\/bio-saatgut\/gemuese\/kuerbis\/patisson-blanc-g258\" target=\"_blank\" rel=\"noreferrer noopener\">Patis\u00adson<\/a>, <a href=\"https:\/\/www.bingenheimersaatgut.de\/de\/bio-saatgut\/gemuese\/kuerbis\/sweet-dumpling-g267\" target=\"_blank\" rel=\"noreferrer noopener\">Sweet Dum\u00adpling<\/a>,&nbsp;<a href=\"https:\/\/www.bingenheimersaatgut.de\/de\/bio-saatgut\/gemuese\/kuerbis\/table-queen-g747\" target=\"_blank\" rel=\"noreferrer noopener\">Table Queen<\/a>, <a href=\"https:\/\/www.bingenheimersaatgut.de\/de\/bio-saatgut\/gemuese\/kuerbis\/zaphito-g254\" target=\"_blank\" rel=\"noreferrer noopener\">Zaphi\u00adto<\/a>, <a href=\"https:\/\/www.bingenheimersaatgut.de\/de\/bio-saatgut\/gemuese\/kuerbis\/green-hokkaido-g263\" target=\"_blank\" rel=\"noreferrer noopener\">Hok\u00adkai\u00addo<\/a><\/li>\n\n\n\n<li><a href=\"https:\/\/www.bingenheimersaatgut.de\/de\/bio-saatgut\/gemuese\/spinatspinat-aehnliche\/malabarspinat\/malabarspinat-g715\" target=\"_blank\" rel=\"noreferrer noopener\">Mala\u00adbar spin\u00adach<\/a>&nbsp;(pre\u00adcul\u00adtu\u00adre), <a href=\"https:\/\/www.bingenheimersaatgut.de\/de\/bio-saatgut\/gemuese\/spinatspinat-aehnliche\/neuseelaender-spinat\/neuseelaender-spinat-g687\" target=\"_blank\" rel=\"noreferrer noopener\">New Zea\u00adland spin\u00adach<\/a> (pre\u00adcul\u00adtu\u00adre),&nbsp;<a href=\"https:\/\/dreschflegel-shop.de\/magentaspreen\" target=\"_blank\" rel=\"noreferrer noopener\">Baum\u00adspi\u00adnat \u201aMagen\u00adta Spreen\u2018<\/a> (Vor\u00adkul\u00adtur und direkt)<\/li>\n\n\n\n<li><a href=\"https:\/\/www.bingenheimersaatgut.de\/de\/bio-saatgut\/gemuese\/mangold.html\" target=\"_blank\" rel=\"noreferrer noopener\">Swiss chard<\/a>&nbsp;(pre\u00adcul\u00adtu\u00adre), recom\u00admen\u00adda\u00adti\u00adon red-stem\u00admed <a href=\"https:\/\/www.bingenheimersaatgut.de\/de\/bio-saatgut\/gemuese\/mangold\/feurio-as-g639\" target=\"_blank\" rel=\"noreferrer noopener\">Feu\u00adrio<\/a>, white stem\u00admed <a href=\"https:\/\/www.bingenheimersaatgut.de\/de\/bio-saatgut\/gemuese\/mangold\/glatter-silber-3-g270\" target=\"_blank\" rel=\"noreferrer noopener\">Smooth sil\u00adver<\/a>, yel\u00adlow <a href=\"https:\/\/www.bingenheimersaatgut.de\/de\/bio-saatgut\/gemuese\/mangold\/pirol-as-g644\" target=\"_blank\" rel=\"noreferrer noopener\">Orio\u00adle<\/a>, mix\u00adtu\u00adre of four colors <a href=\"https:\/\/www.bingenheimersaatgut.de\/de\/bio-saatgut\/gemuese\/mangold\/rainbow-g648\" target=\"_blank\" rel=\"noreferrer noopener\">Rain\u00adbow<\/a> and <a href=\"https:\/\/www.dreschflegel-shop.de\/blatt-und-stielgemuese\/mangold\/3024\/mangold-bright-lights?number=15346\" target=\"_blank\" rel=\"noreferrer noopener\">Bright Lights<\/a>green chard for baby leaf cul\u00adti\u00adva\u00adti\u00adon: <a href=\"https:\/\/www.bingenheimersaatgut.de\/de\/bio-saatgut\/gemuese\/mangold\/verde-da-taglio-schnittmangold-g675\" target=\"_blank\" rel=\"noreferrer noopener\">Ver\u00adde da Taglio<\/a><\/li>\n\n\n\n<li><a href=\"https:\/\/www.bingenheimersaatgut.de\/de\/bio-saatgut\/gemuese\/radies.html\" target=\"_blank\" rel=\"noreferrer noopener\">Radish<\/a>recom\u00admen\u00adda\u00adti\u00adons for the tub: <a href=\"https:\/\/www.bingenheimersaatgut.de\/de\/bio-saatgut\/gemuese\/radies\/sora-g332\" target=\"_blank\" rel=\"noreferrer noopener\">Sora<\/a>, <a href=\"https:\/\/www.bingenheimersaatgut.de\/de\/bio-saatgut\/gemuese\/radies\/rudi-g334\" target=\"_blank\" rel=\"noreferrer noopener\">Rudi<\/a>, <a href=\"https:\/\/www.bingenheimersaatgut.de\/de\/bio-saatgut\/gemuese\/radies\/eiszapfen-g329\" target=\"_blank\" rel=\"noreferrer noopener\">Ici\u00adc\u00adle<\/a>, <a href=\"https:\/\/www.bingenheimersaatgut.de\/de\/bio-saatgut\/gemuese\/radies\/french-breakfast-2-g618\" target=\"_blank\" rel=\"noreferrer noopener\">French Breakfast2<\/a><\/li>\n\n\n\n<li><a href=\"https:\/\/www.bingenheimersaatgut.de\/de\/bio-saatgut\/gemuese\/rote-bete.html\" target=\"_blank\" rel=\"noreferrer noopener\">Beet<\/a><\/li>\n\n\n\n<li><a href=\"https:\/\/www.bingenheimersaatgut.de\/de\/bio-saatgut\/gemuese\/bohnen\/stangenbohne.html\" target=\"_blank\" rel=\"noreferrer noopener\">Stan\u00adgen\u00adboh\u00adne<\/a>Recom\u00admen\u00adda\u00adti\u00adon <a href=\"https:\/\/www.bingenheimersaatgut.de\/de\/bio-saatgut\/gemuese\/bohnen\/stangenbohne\/stangenbohnen-mix-g816\" target=\"_blank\" rel=\"noreferrer noopener nofollow\">Stan\u00adgen\u00adboh\u00adnen-Mix<\/a>, <a href=\"https:\/\/www.bingenheimersaatgut.de\/de\/bio-saatgut\/gemuese\/bohnen\/stangenbohne\/brunhilde-g139a\" target=\"_blank\" rel=\"noreferrer noopener\">Brun\u00adhil\u00adde<\/a>, <a href=\"https:\/\/www.bingenheimersaatgut.de\/de\/bio-saatgut\/gemuese\/bohnen\/stangenbohne\/neckarkoenigin-g136\" target=\"_blank\" rel=\"noreferrer noopener\">Neckar\u00adk\u00f6\u00adni\u00adgin<\/a>, Feu\u00ader\u00adboh\u00adne&nbsp;<a href=\"https:\/\/www.bingenheimersaatgut.de\/de\/bio-saatgut\/gemuese\/bohnen\/feuerbohne\/preisgewinner-g139b\" target=\"_blank\" rel=\"noreferrer noopener\">Preis\u00adge\u00adwin\u00adner<\/a><\/li>\n\n\n\n<li><a href=\"https:\/\/www.bingenheimersaatgut.de\/de\/bio-saatgut\/kraeuter\/petersilie.html\" target=\"_blank\" rel=\"noreferrer noopener\">Pars\u00adley<\/a><\/li>\n\n\n\n<li><a href=\"https:\/\/www.bingenheimersaatgut.de\/de\/bio-saatgut\/gemuese\/zucchini.html\" target=\"_blank\" rel=\"noreferrer noopener\">Zuc\u00adchi\u00adni<\/a>&nbsp;(Vor\u00adan\u00adzucht, nach den Eis\u00adhei\u00adli\u00adgen drau\u00ad\u00dfen), Emp\u00adfeh\u00adlung Bal\u00adkon:&nbsp;<a href=\"https:\/\/www.bingenheimersaatgut.de\/de\/bio-saatgut\/gemuese\/zucchini\/cocozelle-von-tripolis-g450\" target=\"_blank\" rel=\"noreferrer noopener\">Coco\u00adzel\u00adle of Tri\u00adpo\u00adli<\/a>, <a href=\"https:\/\/www.bingenheimersaatgut.de\/de\/bio-saatgut\/gemuese\/zucchini\/zuboda-g451\" target=\"_blank\" rel=\"noreferrer noopener\">Zubo\u00adda<\/a><\/li>\n\n\n\n<li><a href=\"https:\/\/www.bingenheimersaatgut.de\/de\/bio-saatgut\/gemuese\/moehren.html\" target=\"_blank\" rel=\"noreferrer noopener\">M\u00f6h\u00adren<\/a> Auf\u00adgrund ihrer gerin\u00adgen Wur\u00adzel\u00adl\u00e4n\u00adge eig\u00adnen sich <a href=\"https:\/\/biogartenversand.de\/moehre-pariser-markt-4\/produkt\" target=\"_blank\" rel=\"noreferrer noopener\">Pari\u00adser Markt<\/a> and <a href=\"https:\/\/www.bingenheimersaatgut.de\/de\/bio-saatgut\/gemuese\/moehren\/oxhella-g288\" target=\"_blank\" rel=\"noreferrer noopener\">Oxhel\u00adla<\/a> her\u00advor\u00adra\u00adgend f\u00fcr den Anbau im Bal\u00adkon\u00adkas\u00adten.&nbsp;<\/li>\n<\/ul>\n\n\n\n<figure class=\"wp-block-image aligncenter size-large\"><img loading=\"lazy\" decoding=\"async\" width=\"768\" height=\"1024\" src=\"https:\/\/bio-balkon.de\/wp-content\/uploads\/2020\/07\/Tomate-anzucht-jungpflanze-pflanzung-Isabel-jauernig-anzuchtregal-20200404_155749-768x1024.avif\" alt=\"Anzucht der Tomaten. Sie wollen es hell und warm.\" class=\"wp-image-8907\" srcset=\"https:\/\/bio-balkon.de\/wp-content\/uploads\/2020\/07\/Tomate-anzucht-jungpflanze-pflanzung-Isabel-jauernig-anzuchtregal-20200404_155749-768x1024.avif 768w, https:\/\/bio-balkon.de\/wp-content\/uploads\/2020\/07\/Tomate-anzucht-jungpflanze-pflanzung-Isabel-jauernig-anzuchtregal-20200404_155749-225x300.avif 225w, https:\/\/bio-balkon.de\/wp-content\/uploads\/2020\/07\/Tomate-anzucht-jungpflanze-pflanzung-Isabel-jauernig-anzuchtregal-20200404_155749-1152x1536.avif 1152w, https:\/\/bio-balkon.de\/wp-content\/uploads\/2020\/07\/Tomate-anzucht-jungpflanze-pflanzung-Isabel-jauernig-anzuchtregal-20200404_155749-9x12.avif 9w, https:\/\/bio-balkon.de\/wp-content\/uploads\/2020\/07\/Tomate-anzucht-jungpflanze-pflanzung-Isabel-jauernig-anzuchtregal-20200404_155749-1320x1760.avif 1320w, https:\/\/bio-balkon.de\/wp-content\/uploads\/2020\/07\/Tomate-anzucht-jungpflanze-pflanzung-Isabel-jauernig-anzuchtregal-20200404_155749.avif 1440w\" sizes=\"auto, (max-width: 768px) 100vw, 768px\"><\/figure>\n\n\n\n<h2 class=\"wp-block-heading\">Die Eis\u00adhei\u00adli\u00adgen<\/h2>\n\n\n\n<p>Man\u00adche wis\u00adsen viel\u00adleicht gar nicht, was das ist. Noch weni\u00adger die Bedeu\u00adtung f\u00fcr uns G\u00e4rt\u00adner. Die <a href=\"https:\/\/de.wikipedia.org\/wiki\/Eisheilige\" target=\"_blank\" rel=\"noreferrer noopener\">Eis\u00adhei\u00adli\u00adgen<\/a> mar\u00adkie\u00adren einen his\u00adto\u00adri\u00adschen Wen\u00adde\u00adpunkt im Gar\u00adten-\/Bal\u00adkon\u00adjahr. Nach den Eis\u00adhei\u00adli\u00adgen, der letz\u00adte ist die \u201eKal\u00adte Sophie\u201c, gibt es erfah\u00adrungs\u00adge\u00adm\u00e4\u00df kei\u00adne Sp\u00e4t\u00adfr\u00f6s\u00adte mehr. Obwohl im Mai oft som\u00admer\u00adli\u00adche Tem\u00adpe\u00adra\u00adtu\u00adren herr\u00adschen, k\u00f6n\u00adnen noch Nacht- und Boden\u00adfrost auf\u00adtre\u00adten. Die\u00adser macht k\u00e4l\u00adte\u00ademp\u00adfind\u00adli\u00adche Pflan\u00adzen und damit unse\u00adre Bem\u00fc\u00adhun\u00adgen kaputt. Die Eis\u00adhei\u00adli\u00adgen gehen auf die Erfah\u00adrun\u00adgen von Bau\u00adern aus vie\u00adlen Jahr\u00adhun\u00adder\u00adten zur\u00fcck. Dazwi\u00adschen lag eine Kalen\u00adder\u00adre\u00adform. Das hei\u00dft fr\u00fc\u00adher waren die Eis\u00adhei\u00adli\u00adgen vom 21. \u2013 25. Mai. Durch die Kalen\u00adder\u00adre\u00adform kamen zehn Tage hin\u00adzu. Nun ste\u00adhen die Eis\u00adhei\u00adli\u00adgen vom 11.\u201315. Mai im Kalen\u00adder, sind aber eigent\u00adlich sp\u00e4\u00adter. Des\u00adwe\u00adgen ist als rich\u00adti\u00adger Pflanz\u00adter\u00admin in man\u00adchen Fach\u00adb\u00fc\u00adchern der 20. Mai emp\u00adfoh\u00adlen wor\u00adden.&nbsp;<\/p>\n\n\n\n<p>Des\u00adhalb besagt die alte G\u00e4rt\u00adner\u00adre\u00adgel, frost\u00ademp\u00adfind\u00adli\u00adche Pflan\u00adzen wie Toma\u00adten, Papri\u00adka, Chi\u00adli, Gur\u00adken, Zuc\u00adchi\u00adni, Phy\u00adsa\u00adlis, Auber\u00adgi\u00adnen, K\u00fcr\u00adbis und so wei\u00adter erst nach den Eis\u00adhei\u00adli\u00adgen raus\u00adzu\u00adbrin\u00adgen.<\/p>\n\n\n\n<figure class=\"wp-block-image aligncenter size-large\"><img loading=\"lazy\" decoding=\"async\" width=\"768\" height=\"1024\" src=\"https:\/\/bio-balkon.de\/wp-content\/uploads\/2020\/07\/Tomate-Jungpflanze-anzucht-pflanzung-20200501_192932-768x1024.avif\" alt=\"Es ist im Mai Zeit, die Tomatenjungpflanzen auf den Balkon zu setzen. Achte auf eine Abh\u00e4rtung.\" class=\"wp-image-8909\" srcset=\"https:\/\/bio-balkon.de\/wp-content\/uploads\/2020\/07\/Tomate-Jungpflanze-anzucht-pflanzung-20200501_192932-768x1024.avif 768w, https:\/\/bio-balkon.de\/wp-content\/uploads\/2020\/07\/Tomate-Jungpflanze-anzucht-pflanzung-20200501_192932-225x300.avif 225w, https:\/\/bio-balkon.de\/wp-content\/uploads\/2020\/07\/Tomate-Jungpflanze-anzucht-pflanzung-20200501_192932-1152x1536.avif 1152w, https:\/\/bio-balkon.de\/wp-content\/uploads\/2020\/07\/Tomate-Jungpflanze-anzucht-pflanzung-20200501_192932-9x12.avif 9w, https:\/\/bio-balkon.de\/wp-content\/uploads\/2020\/07\/Tomate-Jungpflanze-anzucht-pflanzung-20200501_192932-1320x1760.avif 1320w, https:\/\/bio-balkon.de\/wp-content\/uploads\/2020\/07\/Tomate-Jungpflanze-anzucht-pflanzung-20200501_192932.avif 1440w\" sizes=\"auto, (max-width: 768px) 100vw, 768px\"><figcaption class=\"wp-element-caption\">Es ist im Mai Zeit, die Toma\u00adten\u00adjung\u00adpflan\u00adzen auf den Bal\u00adkon zu set\u00adzen. Ach\u00adte auf eine Abh\u00e4r\u00adtung.<\/figcaption><\/figure>\n\n\n\n<p>Aber wir haben eine Kli\u00adma\u00ad\u00e4n\u00adde\u00adrung. Wir haben Regio\u00adnen, die sind w\u00e4r\u00admer als ande\u00adre. Wir sind Bal\u00adkon\u00adg\u00e4rt\u00adne\u00adrIn\u00adnen. Unse\u00adre St\u00e4d\u00adte sind hei\u00ad\u00dfer als das Umland, die St\u00e4d\u00adte haben eine W\u00e4r\u00adme\u00adglo\u00adcke. Ein gro\u00ad\u00dfer Teil der Bal\u00adkons sind ein\u00adge\u00adbau\u00adte Bal\u00adkons, wo die W\u00e4n\u00adde noch W\u00e4r\u00adme abstrah\u00adlen. Des\u00adhalb ist die alte Regel gut und wich\u00adtig, und jeder soll\u00adte die\u00adse als sehr wich\u00adtig ken\u00adnen. Aber kei\u00adne jahr\u00adhun\u00adder\u00adte\u00adal\u00adte Regel f\u00fcr den Acker\u00adbau darf nicht modi\u00adfi\u00adziert wer\u00adden. Jeder soll\u00adte im Blick haben, wo liegt sein Bal\u00adkon, wie ist er gebaut und sei\u00adne per\u00ads\u00f6n\u00adli\u00adchen Erfah\u00adrun\u00adgen machen. Es gilt, die alte Regel im Kopf zu haben, bewu\u00dft ent\u00adschei\u00adden und den Wet\u00adter\u00adbe\u00adricht, das Ther\u00admo\u00adme\u00adter und sei\u00adne Pflan\u00adzen gut im Blick haben.<\/p>\n\n\n\n<p>Bei Tem\u00adpe\u00adra\u00adtu\u00adren unter 10\u00b0+ kann man die T\u00f6p\u00adfe mit frost\u00ademp\u00adfind\u00adli\u00adchen Pflan\u00adzen an die Haus\u00adwand schie\u00adben, mit K\u00e4l\u00adtevlies, Jute\u00ads\u00e4\u00adcken, alten Bett\u00adla\u00adken, Tisch\u00adde\u00adcken, Luft\u00adpols\u00adter\u00adfo\u00adlie oder Zei\u00adtun\u00adgen abde\u00adcken oder rein\u00adtra\u00adgen. Hat die Pflan\u00adze eine kal\u00adte Nacht drau\u00ad\u00dfen ver\u00adbracht, kann sie einen R\u00fcck\u00adschlag um unge\u00adf\u00e4hr vier Wochen erlei\u00adden,&nbsp; bis sie wie\u00adder fit ist und wei\u00adter w\u00e4chst. Das kann pas\u00adsie\u00adren, mu\u00df aber nicht, Toma\u00adten bsw. k\u00f6n\u00adnen viel wider\u00adstands\u00adf\u00e4\u00adhi\u00adger wer\u00adden, Wet\u00adter und Pflan\u00adzen las\u00adsen sich nicht jedes Mal gleich berech\u00adnen. Da muss man ein Gef\u00fchl daf\u00fcr bekom\u00admen. Las\u00adse Dich nicht ent\u00admu\u00adti\u00adgen, son\u00addern ermu\u00adti\u00adgen und behal\u00adte Dei\u00adne Pflan\u00adzen immer im Blick.<\/p>\n\n\n\n<figure class=\"wp-block-image aligncenter size-large\"><img loading=\"lazy\" decoding=\"async\" width=\"768\" height=\"1024\" src=\"https:\/\/bio-balkon.de\/wp-content\/uploads\/2020\/07\/Tomate-Jungpflanze-anzucht-pflanzung-20200501_192915-768x1024.avif\" alt=\"Es ist im Mai Zeit, die Tomatenjungpflanzen auf den Balkon zu setzen. Achte auf eine Abh\u00e4rtung.\" class=\"wp-image-8911\" srcset=\"https:\/\/bio-balkon.de\/wp-content\/uploads\/2020\/07\/Tomate-Jungpflanze-anzucht-pflanzung-20200501_192915-768x1024.avif 768w, https:\/\/bio-balkon.de\/wp-content\/uploads\/2020\/07\/Tomate-Jungpflanze-anzucht-pflanzung-20200501_192915-225x300.avif 225w, https:\/\/bio-balkon.de\/wp-content\/uploads\/2020\/07\/Tomate-Jungpflanze-anzucht-pflanzung-20200501_192915-1152x1536.avif 1152w, https:\/\/bio-balkon.de\/wp-content\/uploads\/2020\/07\/Tomate-Jungpflanze-anzucht-pflanzung-20200501_192915-9x12.avif 9w, https:\/\/bio-balkon.de\/wp-content\/uploads\/2020\/07\/Tomate-Jungpflanze-anzucht-pflanzung-20200501_192915-1320x1760.avif 1320w, https:\/\/bio-balkon.de\/wp-content\/uploads\/2020\/07\/Tomate-Jungpflanze-anzucht-pflanzung-20200501_192915.avif 1440w\" sizes=\"auto, (max-width: 768px) 100vw, 768px\"><\/figure>\n\n\n\n<p>Ich mache wie vie\u00adle ande\u00adre G\u00e4rt\u00adner die posi\u00adti\u00adve Erfah\u00adrung, frost\u00ademp\u00adfind\u00adli\u00adche Pflan\u00adzen wie Toma\u00adten, Papri\u00adka, Chi\u00adli, Gur\u00adken, Zuc\u00adchi\u00adni, Phy\u00adsa\u00adlis, K\u00fcr\u00adbis schon weit vor den Eis\u00adhei\u00adli\u00adgen erfolg\u00adreich drau\u00ad\u00dfen auf dem Bal\u00adkon wach\u00adsen zu las\u00adsen, ohne dass sie einen K\u00e4l\u00adte\u00adschock erlei\u00adden. So ver\u00adfr\u00fcht sich die Ern\u00adte\u00adzeit und ins\u00adge\u00adsamt ver\u00adl\u00e4n\u00adgert sich die Ern\u00adte\u00adzeit. F\u00fcr bis\u00adlang nicht so Erfah\u00adre\u00adne und Muti\u00adge besteht auch die M\u00f6g\u00adlich\u00adkeit, die H\u00e4lf\u00adte der Pflan\u00adzen drau\u00ad\u00dfen wach\u00adsen zu las\u00adsen und die ande\u00adre H\u00e4lf\u00adte noch in der war\u00admen Woh\u00adnung zu las\u00adsen.<\/p>\n\n\n\n<p>Bei drin\u00adnen vor\u00adge\u00adzo\u00adge\u00adnen oder gekauf\u00adten Pfl\u00e4nz\u00adchen ach\u00adten wir G\u00e4rt\u00adne\u00adrIn\u00adnen auf eine Abh\u00e4r\u00adtung. Wir gew\u00f6h\u00adnen die w\u00e4r\u00adme\u00adge\u00adwohn\u00adten Pflan\u00adzen lang\u00adsam an die h\u00e4r\u00adte\u00adren Bedin\u00adgun\u00adgen drau\u00ad\u00dfen mit Son\u00adne, Wind und Nacht\u00adab\u00adsen\u00adkung bei den Tem\u00adpe\u00adra\u00adtu\u00adren. Wir tra\u00adgen die Pflan\u00adzen stun\u00adden\u00adwei\u00adse raus. Sie ste\u00adhen anfangs nur stun\u00adden\u00adwei\u00adse drau\u00ad\u00dfen, erst mal nur im Schat\u00adten. Dann wer\u00adden sie wie\u00adder her\u00adein\u00adge\u00adtra\u00adgen. Am n\u00e4chs\u00adten Tag wie\u00adder her\u00adaus\u00adge\u00adtra\u00adgen, abends wer\u00adden sie erneut her\u00adein\u00adge\u00adtra\u00adgen&nbsp;\u2026<\/p>\n\n\n\n<figure class=\"wp-block-image aligncenter size-large\"><img loading=\"lazy\" decoding=\"async\" width=\"1024\" height=\"768\" src=\"https:\/\/bio-balkon.de\/wp-content\/uploads\/2020\/07\/P1980478-gaissmayer-gartenlust-jungpflanzen-endivie-1024x768.avif\" alt=\"Jungpflanzen vom Salat k\u00f6nnen nat\u00fcrlich im Mai gesetzt werden. Balkong\u00e4rtnern kann zur Selbstversorgung beitragen. \" class=\"wp-image-8912\" srcset=\"https:\/\/bio-balkon.de\/wp-content\/uploads\/2020\/07\/P1980478-gaissmayer-gartenlust-jungpflanzen-endivie-1024x768.avif 1024w, https:\/\/bio-balkon.de\/wp-content\/uploads\/2020\/07\/P1980478-gaissmayer-gartenlust-jungpflanzen-endivie-300x225.avif 300w, https:\/\/bio-balkon.de\/wp-content\/uploads\/2020\/07\/P1980478-gaissmayer-gartenlust-jungpflanzen-endivie-768x576.avif 768w, https:\/\/bio-balkon.de\/wp-content\/uploads\/2020\/07\/P1980478-gaissmayer-gartenlust-jungpflanzen-endivie-1536x1152.avif 1536w, https:\/\/bio-balkon.de\/wp-content\/uploads\/2020\/07\/P1980478-gaissmayer-gartenlust-jungpflanzen-endivie-16x12.avif 16w, https:\/\/bio-balkon.de\/wp-content\/uploads\/2020\/07\/P1980478-gaissmayer-gartenlust-jungpflanzen-endivie-1320x990.avif 1320w, https:\/\/bio-balkon.de\/wp-content\/uploads\/2020\/07\/P1980478-gaissmayer-gartenlust-jungpflanzen-endivie.avif 1920w\" sizes=\"auto, (max-width: 1024px) 100vw, 1024px\"><\/figure>\n\n\n\n<h2 class=\"wp-block-heading\">Die ein\u00adfa\u00adche Vari\u00adan\u00adte \u2013 Gem\u00fc\u00adse\u00adpflan\u00adzen kau\u00adfen und aus\u00adpflan\u00adzen \u2013 Bezugs\u00adquel\u00adlen regio\u00adna\u00adle Jung\u00adpflan\u00adzen samen\u00adfes\u00adter Sor\u00adten<\/h2>\n\n\n\n<p>Genau wie bei den auf der Fens\u00adter\u00adbank vor\u00adge\u00adzo\u00adge\u00adnen Pflan\u00adzen beach\u00adten wir bei gekauf\u00adten nicht frost\u00adhar\u00adten Pflan\u00adzen die Aus\u00adf\u00fch\u00adrun\u00adgen zu den Eis\u00adhei\u00adli\u00adgen und Abh\u00e4r\u00adtung, bevor wir sie nach drau\u00ad\u00dfen pflan\u00adzen. Bew\u00e4hr\u00adte Gem\u00fc\u00adse\u00adjung\u00adpflan\u00adzen f\u00fcr den Bal\u00adkon sind Toma\u00adte, Papri\u00adka, Kohl\u00adra\u00adbi, Gur\u00adke, K\u00fcr\u00adbis, Auber\u00adgi\u00adne, Basi\u00adli\u00adkum.<\/p>\n\n\n\n<p>Hier hat unse\u00adre Bio-Bal\u00adkon-Bewe\u00adgung unse\u00adre <a href=\"https:\/\/www.google.com\/maps\/d\/edit?mid=1A7S4H38a12tB-DCEG-y_2_UQwFxMRyVH&amp;ll=49.54186918993747%2C10.38008677812498&amp;z=6\" target=\"_blank\" rel=\"noreferrer noopener\">Green card<\/a> ein\u00adge\u00adf\u00fchrt, um regio\u00adna\u00adle (Bio-)G\u00e4rtnereien und Bio-Bal\u00adkons zu fin\u00adden. Hier <a href=\"https:\/\/bio-balkon.de\/en\/?mailpoet_router&amp;endpoint=track&amp;action=click&amp;data=WyI0NDIwNSIsImVhYWIwZiIsIjEwNTYyOSIsIjhhYWVhMDk1ZWQ0YiIsZmFsc2Vd\" target=\"_blank\" rel=\"noreferrer noopener\">Jung\u00adpflan\u00adzen aus Bin\u00adgen\u00adhei\u00admer Saat\u00adgut regio\u00adnal ein\u00adkau\u00adfen.<\/a> Gern kannst Du <a href=\"https:\/\/bio-balkon.de\/en\/map\/\" target=\"_blank\" rel=\"noreferrer noopener\">hier wei\u00adte\u00adre G\u00e4rt\u00adne\u00adrei\u00aden<\/a> und Dei\u00adnen Bal\u00adkon ein\u00adtra\u00adgen.<\/p>\n\n\n\n<p><a href=\"https:\/\/bio-balkon.de\/en\/recommendations\/pflanzen\/\" target=\"_blank\" rel=\"noreferrer noopener\">Hier geht es zum Online-Bezug von Pflan\u00adzen,<\/a>&nbsp;aber nat\u00fcr\u00adlich ist regio\u00adna\u00adler Kauf bes\u00adser. <\/p>\n\n\n\n<figure class=\"wp-block-image size-large\"><img loading=\"lazy\" decoding=\"async\" width=\"1024\" height=\"1024\" src=\"https:\/\/bio-balkon.de\/wp-content\/uploads\/2025\/05\/Schfwollpellets-duengen-1024x1024.avif\" alt=\"Biologische Schafwollpellets als D\u00fcnger f\u00fcr Tomaten und Gemu\u0308se von &quot;Der Wolldu\u0308nger vom Ro\u0308tberghof&quot;\" class=\"wp-image-79544\" srcset=\"https:\/\/bio-balkon.de\/wp-content\/uploads\/2025\/05\/Schfwollpellets-duengen-1024x1024.avif 1024w, https:\/\/bio-balkon.de\/wp-content\/uploads\/2025\/05\/Schfwollpellets-duengen-300x300.avif 300w, https:\/\/bio-balkon.de\/wp-content\/uploads\/2025\/05\/Schfwollpellets-duengen-150x150.avif 150w, https:\/\/bio-balkon.de\/wp-content\/uploads\/2025\/05\/Schfwollpellets-duengen-768x768.avif 768w, https:\/\/bio-balkon.de\/wp-content\/uploads\/2025\/05\/Schfwollpellets-duengen-12x12.avif 12w, https:\/\/bio-balkon.de\/wp-content\/uploads\/2025\/05\/Schfwollpellets-duengen.avif 1080w\" sizes=\"auto, (max-width: 1024px) 100vw, 1024px\"><\/figure>\n\n\n\n<h2 class=\"wp-block-heading\">Beim Toma\u00adten pflan\u00adzen gleich D\u00fcn\u00adgung f\u00fcr die gan\u00adze Sai\u00adson ins Pflanz\u00adloch<\/h2>\n\n\n\n<p>Ins Pflanz\u00adloch habe ich eine gute Hand\u00advoll Schaf\u00adwoll\u00adpel\u00adlets getan von&nbsp;<a href=\"https:\/\/www.wollduenger.de\/shop\/\" target=\"_blank\" rel=\"noreferrer noopener\">\u201eDer Woll\u00add\u00fcn\u00adger\u201c<\/a>.&nbsp;<strong>Eine gro\u00ad\u00dfe Hand\u00advoll Schaf\u00adwoll\u00adpel\u00adlets reicht bei Toma\u00adten und ande\u00adren Stark\u00adzeh\u00adrern als Grund\u00add\u00fcn\u00adgung f\u00fcr die gan\u00adze Sai\u00adson<\/strong>. Nur f\u00fcr Fleisch\u00adto\u00adma\u00adten soll\u00adten es zwei H\u00e4n\u00adde voll sein. Klaus Mebus vom R\u00f6t\u00adberg\u00adhof schick\u00adte mir einen Sack. Neu\u00ader\u00addings gibt es bei ihm Schaf\u00adwoll\u00adpel\u00adlets mit ein\u00adge\u00adbau\u00adtem Kali\u00adma\u00adgne\u00adsia als exzel\u00adlen\u00adtem <a href=\"https:\/\/www.wollduenger.de\/shop\/Der-Tomaten-&amp;-Gem%C3%BCsed%C3%BCnger-vom-R%C3%B6tberghof-2-kg-p702035631\" target=\"_blank\" rel=\"noreferrer noopener nofollow\">Toma\u00adten- und Gem\u00fc\u00adse\u00add\u00fcn\u00adger<\/a>. Die Schaf\u00adschur\u00adwol\u00adle von Scha\u00adfen aus Baden-W\u00fcrt\u00adtem\u00adberg, die die Spin\u00adne\u00adrei\u00aden nicht mehr neh\u00admen, wird mit 12,0 % Kali\u00adma\u00adgne\u00adsia aus nat\u00fcr\u00adli\u00adchen Roh\u00adsalz\u00adla\u00adger\u00adst\u00e4t\u00adten ver\u00adfei\u00adnert, das sorgt f\u00fcr mehr Bl\u00fc\u00adten und damit mehr Fr\u00fcch\u00adte. Es ist ein super nach\u00adhal\u00adti\u00adges Pro\u00addukt, zuge\u00adlas\u00adsen f\u00fcr den \u00f6ko\u00adlo\u00adgi\u00adschen Land\u00adbau in Deutsch\u00adland.<\/p>\n\n\n\n<p>Mit dem Woll\u00add\u00fcn\u00adger brin\u00adgen wir nicht nur unse\u00adre Pflan\u00adzen zum Bl\u00fc\u00adhen, son\u00addern f\u00f6r\u00addern auch die Pfle\u00adge und den Erhalt von Natur und Land\u00adschaft in der Regi\u00adon Baden-W\u00fcrt\u00adtem\u00adberg: <\/p>\n\n\n\n<ul class=\"wp-block-list\">\n<li>Spar\u00adsa\u00adme Anwen\u00addung durch nat\u00fcr\u00adli\u00adche Lang\u00adzeit\u00add\u00fcn\u00adgung: eine D\u00fcn\u00adger\u00adga\u00adbe deckt den N\u00e4hr\u00adstoff\u00adbe\u00addarf f\u00fcr eine gan\u00adze Sai\u00adson <\/li>\n\n\n\n<li>Was\u00adser\u00adspei\u00adche\u00adrung<\/li>\n\n\n\n<li>spei\u00adchert bis zum 3,5fachen des Eigen\u00adge\u00adwichts<\/li>\n\n\n\n<li>Boden\u00adauf\u00adlo\u00adcke\u00adrung durch das Auf\u00adquel\u00adlen des Natur\u00add\u00fcn\u00adgers und somit Ver\u00adhin\u00adde\u00adrung von Stau\u00adn\u00e4s\u00adse<\/li>\n\n\n\n<li>Erh\u00f6h\u00adte Wider\u00adstands\u00adf\u00e4\u00adhig\u00adkeit der Pflan\u00adzen<\/li>\n\n\n\n<li>Gestei\u00adger\u00adte Boden\u00adfrucht\u00adbar\u00adkeit<\/li>\n\n\n\n<li>Kei\u00adne N\u00e4hr\u00adstoff\u00adaus\u00adwa\u00adschung<\/li>\n\n\n\n<li>Grund\u00adwas\u00adser\u00adscho\u00adnend.<\/li>\n<\/ul>\n\n\n\n<p>Kommt Ihr an Schaf\u00adroh\u00adwol\u00adle ran, nutzt die Chan\u00adce und nehmt sie dem Sch\u00e4\u00adfer ab. Pel\u00adlets sind nur \u201ebedien\u00adfreund\u00adli\u00adcher\u201c, weni\u00adger \u201estop\u00adfen\u201c ist ange\u00adsagt, weil sie als gepress\u00adtes Pro\u00addukt weni\u00adger Platz im K\u00fcbel ein\u00adneh\u00admen.<\/p>\n\n\n\n<p><a href=\"https:\/\/bio-balkon.de\/en\/k-selbstversorgung\/selbstversorgung-live-kongress\/michael-schick-anbau-von-tomaten-2\/\" target=\"_blank\" rel=\"noreferrer noopener\">Micha\u00adel Schick von Miches Toma\u00adten\u00adviel\u00adfalt<\/a>&nbsp;schw\u00e4rm\u00adte davon in sei\u00adnem Kon\u00adgress\u00adbei\u00adtrag, wer noch ein\u00admal nach\u00adh\u00f6\u00adren m\u00f6ch\u00adte, was er zum Anbau, Unter\u00adpflan\u00adzung, D\u00fcn\u00adgung emp\u00adfiehlt, n\u00e4m\u00adlich genau die\u00adse Schaf\u00adwoll\u00adpel\u00adlets, hier sprang der Fun\u00adke der Begeis\u00adte\u00adrung \u00fcber.<\/p>\n\n\n\n<h2 class=\"wp-block-heading\">Zu den (abwei\u00adchen\u00adden) Aus\u00adsaat\u00adter\u00admi\u00adnen auf den Samen\u00adt\u00fct\u00adchen, Aus\u00adsaat\u00adka\u00adlen\u00addern und Web\u00adsei\u00adten<\/h2>\n\n\n\n<p>Just as the infor\u00adma\u00adti\u00adon on the seed packets and seed sup\u00adpli\u00aders\u2019 web\u00adsites varies, so do the sowing calen\u00addars of seed sup\u00adpli\u00aders and gar\u00adden\u00aders\u2019 web\u00adsites. Regio\u00adnal con\u00addi\u00adti\u00adons are dif\u00adfe\u00adrent ever\u00ady\u00adwhe\u00adre and expe\u00adri\u00aden\u00adces vary. Our bal\u00adco\u00adnies in the cities have even more dif\u00adfe\u00adrent con\u00addi\u00adti\u00adons due to the heat of the city and radia\u00adting house walls. Here too, it is important to COURAGEOUSLY, PLAYFULLY and EXPERIMENTALLY gather your own expe\u00adri\u00adence and SEED. The seed its\u00adelf ulti\u00adm\u00adate\u00adly deci\u00addes after sowing whe\u00adther the con\u00addi\u00adti\u00adons of light, water and tem\u00adpe\u00adra\u00adtu\u00adre appear favorable for ger\u00admi\u00adna\u00adti\u00adon or not until later.<\/p>\n\n\n\n<p>Good infor\u00adma\u00adti\u00adon on sowing dates and con\u00addi\u00adti\u00adons at:<\/p>\n\n\n\n<ul class=\"wp-block-list\">\n<li><a href=\"https:\/\/www.bingenheimersaatgut.de\/de\/\" target=\"_blank\" rel=\"noreferrer noopener\">Bin\u00adgen\u00adheim seeds<\/a>, spe\u00adcial page&nbsp;<a href=\"https:\/\/sorten.bingenheimersaatgut.de\/aktuelle-saaten\" target=\"_blank\" rel=\"noreferrer noopener\">Aktu\u00adel\u00adle Saa\u00adten Mai \u2013 was kann ich jetzt s\u00e4en?<\/a><\/li>\n<\/ul>\n\n\n\n<ul class=\"wp-block-list\">\n<li>Janet Glausch <a href=\"https:\/\/naturgarten-samen.de\/shop\/\" target=\"_blank\" rel=\"noreferrer noopener\">Natu\u00adral gar\u00adden seeds from Leip\u00adzig<\/a> Spe\u00adcial page \u2014 <a href=\"https:\/\/naturgarten-samen.de\/shop\/?s=mai&amp;post_type=product&amp;filter_aussaatmonate=mai\" target=\"_blank\" rel=\"noreferrer noopener nofollow\">was kann ich jetzt im Mai s\u00e4en?<\/a><\/li>\n<\/ul>\n\n\n\n<ul class=\"wp-block-list\">\n<li><a href=\"https:\/\/templiner-kraeutergarten.de\/\" target=\"_blank\" rel=\"noreferrer noopener\">Temp\u00adlin herb gar\u00adden<\/a><\/li>\n<\/ul>\n\n\n\n<h2 class=\"wp-block-heading\">Do I have to buy new soil at the start of the sea\u00adson?<\/h2>\n\n\n\n<p>No, it does\u00adn\u2019t have to be thrown away. Here you can read about the pos\u00adsi\u00adbi\u00adli\u00adties of spi\u00adcing up used soil:&nbsp;<a href=\"https:\/\/bio-balkon.de\/en\/5-wege-kraft-in-die-alte-balkonkastenerde-zu-bekommen-ohne-jedes-jahr-neue-erde-zu-kaufen\/\">5 ways to get strength into old bal\u00adc\u00ado\u00adny box soil wit\u00adhout buy\u00ading new soil every year.<\/a><br><\/p>\n\n\n\n<h2 class=\"wp-block-heading\">Pflan\u00adze auch hei\u00admi\u00adsche Wild\u00adpflan\u00adzen<\/h2>\n\n\n\n<p>Die Bl\u00fc\u00adten unse\u00adrer hei\u00admi\u00adschen Wild\u00adpflan\u00adzen sind wun\u00adder\u00adsch\u00f6n und <strong>f\u00f6r\u00addern best\u00e4u\u00adben\u00adde Insek\u00adten und auch \u201eN\u00fctz\u00adlin\u00adge\u201c in der \u201eSch\u00e4dlings\u201c-Abwehr<\/strong>. Beim Pro\u00adjekt&nbsp;<a href=\"https:\/\/www.tausende-gaerten.de\/\" target=\"_blank\" rel=\"noreferrer noopener\">Thou\u00adsands of gar\u00addens Thou\u00adsands of spe\u00adci\u00ades<\/a>&nbsp;sind vie\u00adle Infor\u00adma\u00adtio\u00adnen zu hei\u00admi\u00adschen Wild\u00adpflan\u00adzen zur F\u00f6r\u00adde\u00adrung der Arten\u00adviel\u00adfalt \u2013 <a href=\"https:\/\/bio-balkon.de\/en\/kongress-11-kann-man-tiere-pflanzen-3\/\" target=\"_blank\" rel=\"noreferrer noopener\">for plan\u00adting ani\u00admals<\/a> \u2013 abruf\u00adbar und regio\u00adna\u00adle G\u00e4rt\u00adne\u00adrei\u00aden, wo die\u00adse ver\u00adkauft wer\u00adden.<\/p>\n\n\n\n<h2 class=\"wp-block-heading\" id=\"sichtung-vom-saatgut\">Tol\u00adle Wild\u00adpflan\u00adzen mit wun\u00adder\u00adsch\u00f6\u00adnen, insek\u00adten\u00adfreund\u00adli\u00adchen Bl\u00fc\u00adten k\u00f6n\u00adnen auf dem Bal\u00adkon ges\u00e4t wer\u00adden:<\/h2>\n\n\n\n<p>Mei\u00adne bew\u00e4hr\u00adten Lieb\u00adlings\u00adwild\u00adpflan\u00adzen f\u00fcr K\u00fcbel habe ich fett mar\u00adkiert. Stand\u00adort, Bl\u00fch\u00addau\u00ader, Bl\u00fch\u00adfar\u00adbe, Gr\u00f6\u00dfe\/H\u00f6he\/Abstand, mehrj\u00e4hrig\/zweij\u00e4hrig oder ein\u00adj\u00e4h\u00adrig, Anga\u00adben zur Aus\u00adsaat, Keim\u00addau\u00ader, Verwendung\/Essbarkeit und wel\u00adchen Tie\u00adren sie nut\u00adzen (#tie\u00adre\u00adpflan\u00adzen) ent\u00adnimmst Du der Ver\u00adlin\u00adkung bzw. der Pflan\u00adzen\u00adda\u00adten\u00adbank <a href=\"https:\/\/www.naturadb.de\/\" target=\"_blank\" rel=\"noreferrer noopener\">Natu\u00adraDB<\/a>.<\/p>\n\n\n\n<p><\/p>\n\n\n\n<p>Yel\u00adlow flowers:<\/p>\n\n\n\n<ul class=\"wp-block-list\">\n<li><a href=\"https:\/\/naturgarten-samen.de\/produkt\/gewoehnliches-leinkraut-100-korn\/\" target=\"_blank\" rel=\"noreferrer noopener\">Com\u00admon toad\u00adflax<\/a><\/li>\n\n\n\n<li><a href=\"https:\/\/naturgarten-samen.de\/produkt\/echter-steinklee-50-korn\/\" target=\"_blank\" rel=\"noreferrer noopener\">Sweet clover<\/a><\/li>\n\n\n\n<li><a href=\"https:\/\/naturgarten-samen.de\/produkt\/schwarze-koenigskerze-200-korn\/\" target=\"_blank\" rel=\"noreferrer noopener\">Black mull\u00adein<\/a><\/li>\n\n\n\n<li><a href=\"https:\/\/naturgarten-samen.de\/produkt\/pracht-koenigskerze-100-korn\/\" target=\"_blank\" rel=\"noreferrer noopener\">Magni\u00adfi\u00adcent mull\u00adein<\/a><\/li>\n\n\n\n<li><a href=\"https:\/\/naturgarten-samen.de\/produkt\/grossbluetige-koenigskerze-200-korn\/\" target=\"_blank\" rel=\"noreferrer noopener\">Lar\u00adge-flowe\u00adred mull\u00adein<\/a><\/li>\n\n\n\n<li><a href=\"https:\/\/naturgarten-samen.de\/produkt\/saat-wucherblume-100-korn\/\" target=\"_blank\" rel=\"noreferrer noopener\">Usu\u00adry flower<\/a><\/li>\n\n\n\n<li><a href=\"https:\/\/naturgarten-samen.de\/produkt\/echtes-johanniskraut-200-korn\/\" target=\"_blank\" rel=\"noreferrer noopener\">St. John\u2019s wort<\/a><\/li>\n\n\n\n<li><a href=\"https:\/\/naturgarten-samen.de\/produkt\/gewoehnliches-ferkelkraut-50-korn\/\" target=\"_blank\" rel=\"noreferrer noopener\">Com\u00admon piglet weed<\/a><\/li>\n\n\n\n<li><strong><a href=\"https:\/\/naturgarten-samen.de\/produkt\/faerber-hundskamille-100-korn\/\" target=\"_blank\" rel=\"noreferrer noopener\">Dyer\u2019s dog cha\u00admo\u00admi\u00adle<\/a><\/strong><\/li>\n<\/ul>\n\n\n\n<p>Blue and pur\u00adple flowers:<\/p>\n\n\n\n<ul class=\"wp-block-list\">\n<li><a href=\"https:\/\/naturgarten-samen.de\/produkt\/ausdauernder-lein-100-korn\/\" target=\"_blank\" rel=\"noreferrer noopener\">Per\u00adsis\u00adtent flax<\/a><\/li>\n\n\n\n<li><a href=\"https:\/\/naturgarten-samen.de\/produkt\/gewoehnliche-wegwarte-50-korn\/\" target=\"_blank\" rel=\"noreferrer noopener\">Com\u00admon chi\u00adco\u00adry<\/a><\/li>\n\n\n\n<li><strong><a href=\"https:\/\/naturgarten-samen.de\/produkt\/gewoehnlicher-natternkopf-50-korn\/\" target=\"_blank\" rel=\"noreferrer noopener\">Com\u00admon viper\u2019s bugloss<\/a><\/strong><\/li>\n\n\n\n<li><a href=\"https:\/\/naturgarten-samen.de\/produkt\/wald-vergissmeinnicht-50-korn\/\" target=\"_blank\" rel=\"noreferrer noopener\">Forest for\u00adget-me-not<\/a><\/li>\n\n\n\n<li><a href=\"https:\/\/naturgarten-samen.de\/produkt\/langblaettriger-ehrenpreis-100-korn\/\" target=\"_blank\" rel=\"noreferrer noopener\">Long-lea\u00adved speed\u00adwell<\/a><\/li>\n\n\n\n<li><a href=\"https:\/\/naturgarten-samen.de\/produkt\/grosser-ehrenpreis-100-korn\/\" target=\"_blank\" rel=\"noreferrer noopener\">Grand Pri\u00adze of Honor<\/a><\/li>\n\n\n\n<li><a href=\"https:\/\/naturgarten-samen.de\/produkt\/gamander-ehrenpreis-100-korn\/\" target=\"_blank\" rel=\"noreferrer noopener\">Gaman\u00adder speed\u00adwell<\/a><\/li>\n\n\n\n<li><a href=\"https:\/\/naturgarten-samen.de\/produkt\/echter-ehrenpreis-100-korn\/\" target=\"_blank\" rel=\"noreferrer noopener\">Speed\u00adwell<\/a><\/li>\n\n\n\n<li><strong><a href=\"https:\/\/naturgarten-samen.de\/produkt\/rundblaettrige-glockenblume-100-korn\/\" target=\"_blank\" rel=\"noreferrer noopener\">Round-lea\u00adved bell\u00adflower<\/a><\/strong><\/li>\n\n\n\n<li><strong><a href=\"https:\/\/naturgarten-samen.de\/produkt\/pfirsichblaettrige-glockenblume-100-korn\/\" target=\"_blank\" rel=\"noreferrer noopener\">Peach-lea\u00adved bell\u00adflower<\/a><\/strong><\/li>\n\n\n\n<li><strong><a href=\"https:\/\/naturgarten-samen.de\/produkt\/nesselblaettrige-glockenblume-100-korn\/\" target=\"_blank\" rel=\"noreferrer noopener\">Nett\u00adle-lea\u00adved bell\u00adflower<\/a><\/strong><\/li>\n\n\n\n<li><strong><a href=\"https:\/\/naturgarten-samen.de\/produkt\/acker-glockenblume-100-korn\/\" target=\"_blank\" rel=\"noreferrer noopener\">Field bell\u00adflower<\/a><\/strong><\/li>\n\n\n\n<li><a href=\"https:\/\/naturgarten-samen.de\/produkt\/grossbluetige-braunelle-50-korn\/\" target=\"_blank\" rel=\"noreferrer noopener\">Lar\u00adge-flowe\u00adred brown alli\u00adum<\/a><\/li>\n\n\n\n<li><a href=\"https:\/\/naturgarten-samen.de\/produkt\/gewoehnliche-braunelle-50-korn\/\" target=\"_blank\" rel=\"noreferrer noopener\">Com\u00admon brown alli\u00adum<\/a><\/li>\n<\/ul>\n\n\n\n<p>Pink and red flowers:<\/p>\n\n\n\n<ul class=\"wp-block-list\">\n<li><a href=\"https:\/\/naturgarten-samen.de\/produkt\/rote-lichtnelke-50-korn\/\" target=\"_blank\" rel=\"noreferrer noopener\">Red cam\u00adpi\u00adon<\/a><\/li>\n\n\n\n<li><strong><a href=\"https:\/\/naturgarten-samen.de\/produkt\/mauretanische-malve-50-korn\/\" target=\"_blank\" rel=\"noreferrer noopener\">Mau\u00adri\u00adta\u00adni\u00adan mal\u00adlow<\/a><\/strong><\/li>\n\n\n\n<li><a href=\"https:\/\/naturgarten-samen.de\/produkt\/gewoehnliche-nachtviole-50-korn\/\" target=\"_blank\" rel=\"noreferrer noopener\">Night vio\u00adlet<\/a><\/li>\n\n\n\n<li><a href=\"https:\/\/naturgarten-samen.de\/produkt\/nelken-leimkraut-100-korn\/\" target=\"_blank\" rel=\"noreferrer noopener\">Car\u00adna\u00adti\u00adon cin\u00adque\u00adfoil<\/a><\/li>\n\n\n\n<li><a href=\"https:\/\/naturgarten-samen.de\/produkt\/ruprechtskraut-50-korn\/\" target=\"_blank\" rel=\"noreferrer noopener\">Ruprecht\u2019s weed<\/a><\/li>\n\n\n\n<li><strong><a href=\"https:\/\/naturgarten-samen.de\/produkt\/karthaeuser-nelke-100-korn\/\" target=\"_blank\" rel=\"noreferrer noopener\">Car\u00adthu\u00adsi\u00adan pink<\/a><\/strong><\/li>\n\n\n\n<li><a href=\"https:\/\/naturgarten-samen.de\/produkt\/nickende-distel-50-korn\/\" target=\"_blank\" rel=\"noreferrer noopener\">Nod\u00adding thist\u00adle<\/a><\/li>\n\n\n\n<li><a href=\"https:\/\/naturgarten-samen.de\/produkt\/bueschel-nelke-100-korn\/\" target=\"_blank\" rel=\"noreferrer noopener\">Tuf\u00adted car\u00adna\u00adti\u00adon<\/a><\/li>\n\n\n\n<li><strong><a href=\"https:\/\/naturgarten-samen.de\/produkt\/gewoehnlicher-blutweiderich-200-korn\/\" target=\"_blank\" rel=\"noreferrer noopener\">Com\u00admon loo\u00adsestri\u00adfe<\/a><\/strong><\/li>\n\n\n\n<li><strong><a href=\"https:\/\/naturgarten-samen.de\/produkt\/wiesen-witwenblume-50-korn\/\" target=\"_blank\" rel=\"noreferrer noopener\">Mea\u00addow widow flower<\/a><\/strong><\/li>\n\n\n\n<li><a href=\"https:\/\/naturgarten-samen.de\/produkt\/wiesen-schaumkraut-100-korn\/\" target=\"_blank\" rel=\"noreferrer noopener\">Mea\u00addow foam\u00adwort<\/a><\/li>\n\n\n\n<li><strong><a href=\"https:\/\/naturgarten-samen.de\/produkt\/gewoehnlicher-wasserdost-50-korn\/\" target=\"_blank\" rel=\"noreferrer noopener\">Com\u00admon water aza\u00adlea<\/a><\/strong><\/li>\n\n\n\n<li><a href=\"https:\/\/naturgarten-samen.de\/produkt\/rot-klee-100-korn\/\" target=\"_blank\" rel=\"noreferrer noopener\">Red clover<\/a><\/li>\n\n\n\n<li><a href=\"https:\/\/naturgarten-samen.de\/produkt\/saat-esparsette-50-korn\/\" target=\"_blank\" rel=\"noreferrer noopener\">Seed spar\u00adrow<\/a><\/li>\n\n\n\n<li><a href=\"https:\/\/naturgarten-samen.de\/produkt\/pechnelke-100-korn\/\" target=\"_blank\" rel=\"noreferrer noopener\">Pitch car\u00adna\u00adti\u00adon<\/a><\/li>\n\n\n\n<li><strong><a href=\"https:\/\/naturgarten-samen.de\/produkt\/wiesen-flockenblume-100-korn\/\" target=\"_blank\" rel=\"noreferrer noopener\">Mea\u00addow knap\u00adweed<\/a><\/strong><\/li>\n\n\n\n<li><a href=\"https:\/\/naturgarten-samen.de\/produkt\/kornrade-50-korn\/\" target=\"_blank\" rel=\"noreferrer noopener\">Corn cock\u00adle<\/a><\/li>\n\n\n\n<li><strong><a href=\"https:\/\/naturgarten-samen.de\/produkt\/echtes-herzgespann-50-korn\/\" target=\"_blank\" rel=\"noreferrer noopener\">True mother\u00adwort<\/a><\/strong><\/li>\n<\/ul>\n\n\n\n<p>White flowers:<\/p>\n\n\n\n<ul class=\"wp-block-list\">\n<li><strong><a href=\"https:\/\/naturgarten-samen.de\/produkt\/gewoehnliche-schafgarbe-100-korn\/\" target=\"_blank\" rel=\"noreferrer noopener\">Mea\u00addow yar\u00adrow<\/a><\/strong><\/li>\n\n\n\n<li><a href=\"https:\/\/naturgarten-samen.de\/produkt\/wiesen-margerite-100-korn\/\" target=\"_blank\" rel=\"noreferrer noopener\">Mea\u00addow dai\u00adsy<\/a><\/li>\n\n\n\n<li><a href=\"https:\/\/naturgarten-samen.de\/produkt\/mittlerer-wegerich-100-korn\/\" target=\"_blank\" rel=\"noreferrer noopener\">Midd\u00adle plan\u00adtain<\/a><\/li>\n\n\n\n<li><a href=\"https:\/\/naturgarten-samen.de\/produkt\/weisser-steinklee-50-korn\/\" target=\"_blank\" rel=\"noreferrer noopener\">White sweet clover<\/a><\/li>\n\n\n\n<li><strong><a href=\"https:\/\/naturgarten-samen.de\/produkt\/spitz-wegerich-100-korn\/\" target=\"_blank\" rel=\"noreferrer noopener\">Poin\u00adted plan\u00adtain<\/a><\/strong><\/li>\n\n\n\n<li><a href=\"https:\/\/naturgarten-samen.de\/produkt\/grossblaettriger-sauerampfer-50-korn\/\" target=\"_blank\" rel=\"noreferrer noopener\">Grea\u00adter sor\u00adrel<\/a><\/li>\n\n\n\n<li><strong><a href=\"https:\/\/naturgarten-samen.de\/produkt\/mutterkraut-100-korn\/\" target=\"_blank\" rel=\"noreferrer noopener\">Fever\u00adfew<\/a><\/strong><\/li>\n\n\n\n<li><strong><a href=\"https:\/\/naturgarten-samen.de\/produkt\/echtes-loeffelkraut-100-korn\/\" target=\"_blank\" rel=\"noreferrer noopener\">Spoon\u00adwort<\/a><\/strong><\/li>\n\n\n\n<li><a href=\"https:\/\/naturgarten-samen.de\/produkt\/weisse-lichtnelke-50-korn\/\" target=\"_blank\" rel=\"noreferrer noopener\"><strong>White cam\u00adpi\u00adon<\/strong><\/a><\/li>\n\n\n\n<li><a href=\"https:\/\/naturgarten-samen.de\/produkt\/nickendes-leimkraut-100-korn\/\" target=\"_blank\" rel=\"noreferrer noopener\">Nod\u00adding cin\u00adque\u00adfoil<\/a><\/li>\n\n\n\n<li><a href=\"https:\/\/naturgarten-samen.de\/produkt\/gewoehnliches-leimkraut-100-korn\/\" target=\"_blank\" rel=\"noreferrer noopener\">Com\u00admon cuckoo flower<\/a><\/li>\n\n\n\n<li><strong><a href=\"https:\/\/naturgarten-samen.de\/produkt\/echte-katzenminze-50-korn\/\" target=\"_blank\" rel=\"noreferrer noopener\">Real cat\u00adnip<\/a><\/strong><\/li>\n\n\n\n<li><a href=\"https:\/\/naturgarten-samen.de\/produkt\/roemische-kamille-100-korn\/\" target=\"_blank\" rel=\"noreferrer noopener\">Roman cha\u00admo\u00admi\u00adle<\/a><\/li>\n\n\n\n<li><a href=\"https:\/\/naturgarten-samen.de\/produkt\/echte-kamille-200-korn\/\" target=\"_blank\" rel=\"noreferrer noopener\">True cha\u00admo\u00admi\u00adle<\/a><\/li>\n\n\n\n<li><a href=\"https:\/\/naturgarten-samen.de\/produkt\/gewoehnliches-hirtentaeschel-200-korn\/\" target=\"_blank\" rel=\"noreferrer noopener\">Com\u00admon shepherd\u2019s pur\u00adse<\/a><\/li>\n\n\n\n<li><a href=\"https:\/\/naturgarten-samen.de\/produkt\/gaensebluemchen-100-korn\/\" target=\"_blank\" rel=\"noreferrer noopener\">Dai\u00adsies<\/a><\/li>\n\n\n\n<li><strong><a href=\"https:\/\/naturgarten-samen.de\/produkt\/echter-eibisch-50-korn\/\" target=\"_blank\" rel=\"noreferrer noopener\">True marsh\u00admal\u00adlow<\/a><\/strong><\/li>\n\n\n\n<li><strong><a href=\"https:\/\/naturgarten-samen.de\/produkt\/wilde-moehre-100-korn\/\" target=\"_blank\" rel=\"noreferrer noopener\">Wild car\u00adrot<\/a><\/strong><\/li>\n<\/ul>\n\n\n\n<figure class=\"wp-block-image aligncenter size-large\"><img loading=\"lazy\" decoding=\"async\" width=\"526\" height=\"394\" src=\"https:\/\/bio-balkon.de\/wp-content\/uploads\/2020\/07\/Isabel-Jauernig-Aussaat-anzucht-Samen-keimlinge-91798194_10219734154737751_6205179590311149568_o.avif\" alt=\"Zeit f\u00fcr Aussaaten, die dann im Mai auf den Balkon gesetzt werden.\" class=\"wp-image-8914\" srcset=\"https:\/\/bio-balkon.de\/wp-content\/uploads\/2020\/07\/Isabel-Jauernig-Aussaat-anzucht-Samen-keimlinge-91798194_10219734154737751_6205179590311149568_o.avif 526w, https:\/\/bio-balkon.de\/wp-content\/uploads\/2020\/07\/Isabel-Jauernig-Aussaat-anzucht-Samen-keimlinge-91798194_10219734154737751_6205179590311149568_o-300x225.avif 300w\" sizes=\"auto, (max-width: 526px) 100vw, 526px\"><\/figure>\n\n\n\n<h2 class=\"wp-block-heading\">Kann man Mit\u00adte Mai noch aus\u00ads\u00e4\u00aden?<\/h2>\n\n\n\n<p>Vie\u00adle treibt die Bef\u00fcrch\u00adtung, dass die Aus\u00adsaat von Saat\u00adgut jetzt bereits zu sp\u00e4t ist. Dem ist nicht so. Ganz klar: Du kannst noch aus\u00ads\u00e4\u00aden!<\/p>\n\n\n\n<p>Das ist sogar eine aus\u00adge\u00adzeich\u00adne\u00adte Tak\u00adtik. Die gro\u00ad\u00dfe Kunst beim G\u00e4rt\u00adnern ist das zeit\u00adver\u00adsetz\u00adte Den\u00adken, das zeit\u00adver\u00adsetz\u00adte Aus\u00ads\u00e4\u00aden, das gestaf\u00adfel\u00adte Aus\u00ads\u00e4\u00aden. Auch wenn jetzt alles gera\u00adde\u00adzu explo\u00addiert, d\u00fcr\u00adfen wir an Sp\u00e4t\u00adsom\u00admer und Herbst den\u00adken. Auch da wol\u00adlen wir noch Toma\u00adten, Gur\u00adken und Zuc\u00adchi\u00adni ern\u00adten. Blu\u00admen sol\u00adlen uns ver\u00adzau\u00adbern und Nah\u00adrung f\u00fcr die Insek\u00adten bereit\u00adstel\u00adlen. Wir ver\u00adwen\u00adden gern Stau\u00adden (mehr\u00adj\u00e4h\u00adri\u00adge Pflan\u00adzen), wir pflan\u00adzen das Som\u00admer\u00adge\u00adm\u00fc\u00adse sp\u00e4\u00adtes\u00adtens nach den Eis\u00adhei\u00adli\u00adgen raus, aber wir k\u00f6nnen\/sollten noch aus\u00ads\u00e4\u00aden. Bis Mit\u00adte Juni ges\u00e4\u00adtes Blu\u00admen\u00adsaat\u00adgut der Ein\u00adj\u00e4h\u00adri\u00adgen kann bis in den Novem\u00adber hin\u00adein bl\u00fc\u00adhen, bis zum Frost. Erwerbs\u00adg\u00e4rt\u00adner s\u00e4en ihr Gem\u00fc\u00adse in Staf\u00adfeln aus. So k\u00f6n\u00adnen sie bis in den Frost hin\u00adein ern\u00adten. So ste\u00adhen Pflan\u00adzen zur Ver\u00adf\u00fc\u00adgung, die viel\u00adleicht nicht vom Mehl\u00adtau und ande\u00adren Pilz\u00ader\u00adkran\u00adkun\u00adgen im Sp\u00e4t\u00adsom\u00admer geplagt sind.<\/p>\n\n\n\n<h2 class=\"wp-block-heading\">Mini-Gem\u00fc\u00adse oder ange\u00adneh\u00admes Mikro\u00adkli\u00adma?<\/h2>\n\n\n\n<p>Abra\u00adten m\u00f6ch\u00adte ich von Mini-Gem\u00fc\u00adse, auch wenn es s\u00fc\u00df aus\u00adsieht. Wer ordent\u00adlich ern\u00adten will, soll\u00adte \u201enor\u00adma\u00adle\u201c Sor\u00adten kau\u00adfen. Nat\u00fcr\u00adlich ist es ein star\u00adkes Argu\u00adment, \u00fcber die Bal\u00adkon\u00adbr\u00fcs\u00adtung zu schau\u00aden. Ich wei\u00adse gern auf die Ver\u00adwen\u00addung gro\u00ad\u00dfer Pflan\u00adzen hin, denn damit l\u00e4sst sich ein ess\u00adba\u00adrer Dschun\u00adgel bau\u00aden. Am bes\u00adten eig\u00adnen sich <a href=\"https:\/\/bio-balkon.de\/en\/lust-auf-aepfel-vom-balkon\/\" target=\"_blank\" data-type=\"URL\" data-id=\"https:\/\/bio-balkon.de\/lust-auf-aepfel-vom-balkon\/\" rel=\"noreferrer noopener\">Colum\u00adnar app\u00adles<\/a>, Stab-\/Coc\u00adtail\u00adto\u00adma\u00adten, Son\u00adnen\u00adblu\u00admen, Inka-Gur\u00adken, Klet\u00adter\u00adboh\u00adnen, Mexi\u00adka\u00adni\u00adsche Mini-Gur\u00adke, Gur\u00adke, Stan\u00adgen\u00adboh\u00adnen, Kapu\u00adzi\u00adner\u00adkres\u00adse, Hok\u00adkai\u00addo-K\u00fcr\u00adbis, Goji-Bee\u00adren, Mini-Kiwi, Spa\u00adlier\u00adobst uvm. Zudem schaffst Du Dir so ein ange\u00adneh\u00admes Mikro\u00adkli\u00adma auf dem Bal\u00adkon. Die Son\u00adne f\u00fchrt zu einem star\u00adken Wachs\u00adtum in der son\u00adnen\u00adzu\u00adge\u00adwand\u00adten Sei\u00adte. Die Pflan\u00adzen wer\u00adfen bald einen nat\u00fcr\u00adli\u00adchen Schat\u00adten. Sie ver\u00adduns\u00adten, die Luft wirkt frisch und ist k\u00e4l\u00adter als au\u00dfer\u00adhalb des Bal\u00adkons. Sogar im Extrem\u00adsom\u00admer kann man es auf einem S\u00fcd\u00adbal\u00adkon dann gut aus\u00adhal\u00adten, wenn er gut begr\u00fcnt ist.<\/p>\n\n\n\n<figure class=\"wp-block-image aligncenter size-large\"><img loading=\"lazy\" decoding=\"async\" width=\"768\" height=\"1024\" src=\"https:\/\/bio-balkon.de\/wp-content\/uploads\/2020\/06\/P1790567-paul-potatoe-kartoffeln-taybeere-768x1024.avif\" alt=\"Im Mai werden auf dem Balkon die Kartoffeln gesetzt.\" class=\"wp-image-7446\" srcset=\"https:\/\/bio-balkon.de\/wp-content\/uploads\/2020\/06\/P1790567-paul-potatoe-kartoffeln-taybeere-768x1024.avif 768w, https:\/\/bio-balkon.de\/wp-content\/uploads\/2020\/06\/P1790567-paul-potatoe-kartoffeln-taybeere-225x300.avif 225w, https:\/\/bio-balkon.de\/wp-content\/uploads\/2020\/06\/P1790567-paul-potatoe-kartoffeln-taybeere-1152x1536.avif 1152w, https:\/\/bio-balkon.de\/wp-content\/uploads\/2020\/06\/P1790567-paul-potatoe-kartoffeln-taybeere-9x12.avif 9w, https:\/\/bio-balkon.de\/wp-content\/uploads\/2020\/06\/P1790567-paul-potatoe-kartoffeln-taybeere-1320x1760.avif 1320w, https:\/\/bio-balkon.de\/wp-content\/uploads\/2020\/06\/P1790567-paul-potatoe-kartoffeln-taybeere.avif 1440w\" sizes=\"auto, (max-width: 768px) 100vw, 768px\"><\/figure>\n\n\n\n<h2 class=\"wp-block-heading\">Kar\u00adtof\u00adfeln legen auf dem Bal\u00adkon im Mai<\/h2>\n\n\n\n<p>Auch die Kar\u00adtof\u00adfeln wer\u00adden jetzt gelegt. Hier kannst Du von unse\u00adrem ers\u00adten <a href=\"https:\/\/bio-balkon.de\/en\/potato-cultivation-on-the-organic-balcony-in-a-self-experiment\/\" target=\"_blank\" rel=\"noreferrer noopener\">Selbst\u00adver\u00adsuch<\/a> lesen. Vor\u00adge\u00adkeim\u00adte Knol\u00adlen sind klar im Vor\u00adteil.&nbsp;<\/p>\n\n\n\n<h2 class=\"wp-block-heading\">Willst Du \u00fcber\u00adhaupt etwas in der Stadt Ange\u00adbau\u00adtes essen?<\/h2>\n\n\n\n<p>Bist Du in Sor\u00adge? <strong><a href=\"https:\/\/www.youtube.com\/watch?v=KHa3U0_HfNc&amp;t=2538s\" target=\"_blank\" rel=\"noreferrer noopener\">Here<\/a><\/strong> fin\u00addest Du ein Inter\u00adview zu Schad\u00adstoff\u00adbe\u00adlas\u00adtun\u00adgen beim inner\u00adst\u00e4d\u00adti\u00adschen G\u00e4rt\u00adnern vom <a href=\"https:\/\/bio-balkon.de\/en\/congress-2019-2\/\" target=\"_blank\" rel=\"noreferrer noopener\">3rd Online Orga\u00adnic Bal\u00adc\u00ado\u00adny Con\u00adgress<\/a>.<\/p>\n\n\n\n<h2 class=\"wp-block-heading\">\u201eSch\u00e4d\u00adlin\u00adge\u201c und \u201eN\u00fctz\u00adlin\u00adge\u201c&nbsp;auf dem Bal\u00adkon im Mai<\/h2>\n\n\n\n<p>Es ist Blattlaus\u00adzeit. Ler\u00adne den ent\u00adspann\u00adten Umgang mit ihnen. Sie sind wich\u00adti\u00adge Nah\u00adrungs\u00adgrund\u00adla\u00adge f\u00fcr Mari\u00aden\u00adk\u00e4\u00adfer, Ohr\u00adw\u00fcr\u00admer, Lar\u00adven der Flor- und Schweb\u00adflie\u00adgen und vie\u00adler V\u00f6gel. <a href=\"https:\/\/bio-balkon.de\/en\/marienkaefer-sind-nuetzlich-auch-auf-dem-balkon\/\" target=\"_blank\" rel=\"noreferrer noopener\">So erkennst Du Mari\u00aden\u00adk\u00e4\u00adfer\u00adlar\u00adven, die in ihrer 2\u2011w\u00f6chigen Ent\u00adwick\u00adlungs\u00adzeit 800 Blatt\u00adl\u00e4u\u00adse ver\u00adtil\u00adgen. In sei\u00adner Lebens\u00adzeit (ca. 25 \u2013 30 Tage) kann ein&nbsp;Mari\u00aden\u00adk\u00e4\u00adfer&nbsp;bis zu 4.000 Blatt\u00adl\u00e4u\u00adse fres\u00adsen.<\/a>&nbsp; Es ist f\u00fcr Stadt\u00adbal\u00adkon\u00adg\u00e4rt\u00adne\u00adrIn\u00adnen ein gro\u00ad\u00dfes Erleb\u00adnis, wenn sich tat\u00ads\u00e4ch\u00adlich die Blatt\u00adlaus\u00adpla\u00adge durch das Ein\u00adtref\u00adfen von \u201eN\u00fctz\u00adlin\u00adgen\u201c von allein erle\u00addigt.<\/p>\n\n\n\n<figure class=\"wp-block-image aligncenter size-large\"><img loading=\"lazy\" decoding=\"async\" width=\"1024\" height=\"768\" src=\"https:\/\/bio-balkon.de\/wp-content\/uploads\/2020\/07\/P1770244-baumscheibe-waldmeister-marienka\u0308fer-marienka\u0308ferlarve-1024x768.avif\" alt=\"Im Mai kann die &quot;Blattlausplage&quot; beginnen. Ich rate zum entspannten Umgang. Die nat\u00fcrlichen Gegenspieler Marienk\u00e4fer und Florfliegen werden kommen. Auch mitten in der Stadt.\" class=\"wp-image-8916\" srcset=\"https:\/\/bio-balkon.de\/wp-content\/uploads\/2020\/07\/P1770244-baumscheibe-waldmeister-marienka\u0308fer-marienka\u0308ferlarve-1024x768.avif 1024w, https:\/\/bio-balkon.de\/wp-content\/uploads\/2020\/07\/P1770244-baumscheibe-waldmeister-marienka\u0308fer-marienka\u0308ferlarve-300x225.avif 300w, https:\/\/bio-balkon.de\/wp-content\/uploads\/2020\/07\/P1770244-baumscheibe-waldmeister-marienka\u0308fer-marienka\u0308ferlarve-768x576.avif 768w, https:\/\/bio-balkon.de\/wp-content\/uploads\/2020\/07\/P1770244-baumscheibe-waldmeister-marienka\u0308fer-marienka\u0308ferlarve-1536x1152.avif 1536w, https:\/\/bio-balkon.de\/wp-content\/uploads\/2020\/07\/P1770244-baumscheibe-waldmeister-marienka\u0308fer-marienka\u0308ferlarve-16x12.avif 16w, https:\/\/bio-balkon.de\/wp-content\/uploads\/2020\/07\/P1770244-baumscheibe-waldmeister-marienka\u0308fer-marienka\u0308ferlarve-1320x990.avif 1320w, https:\/\/bio-balkon.de\/wp-content\/uploads\/2020\/07\/P1770244-baumscheibe-waldmeister-marienka\u0308fer-marienka\u0308ferlarve.avif 1920w\" sizes=\"auto, (max-width: 1024px) 100vw, 1024px\"><\/figure>\n\n\n\n<p>\u00dcber einen Erfah\u00adrungs\u00adaus\u00adtausch w\u00fcr\u00adde ich mich freu\u00aden, dan\u00adke f\u00fcr Eure R\u00fcck\u00admel\u00addun\u00adgen. Gern in der <a href=\"https:\/\/www.facebook.com\/groups\/1291278840940692\/\" target=\"_blank\" rel=\"noreferrer noopener\">Face\u00adbook group for the Orga\u00adnic Bal\u00adc\u00ado\u00adny Con\u00adgress<\/a>.<\/p>\n\n\n\n<p>Bild 2, 3, 4, 5 und 7 sind von Isa\u00adbel Jau\u00ader\u00adnig und Ihrem tol\u00adlen Per\u00adma\u00adkul\u00adtur\u00adgar\u00adten-Pro\u00adjekt <a href=\"https:\/\/www.facebook.com\/dergoldenewinkel\/\" target=\"_blank\" rel=\"noreferrer noopener\">137,5 Grad<\/a>. Dan\u00adke Isa\u00adbel.<\/p>\n\n\n\n<h2 class=\"wp-block-heading\">Sources of sup\u00adp\u00adly<\/h2>\n\n\n\n<p><a href=\"https:\/\/bio-balkon.de\/en\/recommendations\/pflanzen\/\" target=\"_blank\" rel=\"noreferrer noopener\">Online orga\u00adnic plants<\/a><\/p>\n\n\n\n<p>Our&nbsp;<a href=\"https:\/\/www.google.com\/maps\/d\/edit?mid=1A7S4H38a12tB-DCEG-y_2_UQwFxMRyVH&amp;ll=49.76431896965475%2C10.38008677812498&amp;z=7\" target=\"_blank\" rel=\"noreferrer noopener\">Green card with non-toxic orga\u00adnic (pro\u00addu\u00adcing) nur\u00adse\u00adries<\/a>&nbsp;and orga\u00adnic bal\u00adco\u00adnies<\/p>\n\n\n\n<p><a href=\"https:\/\/bio-balkon.de\/en\/recommendations\/\" target=\"_blank\" rel=\"noreferrer noopener\">Dis\u00adcounts and recom\u00admen\u00adda\u00adti\u00adons for the orga\u00adnic bal\u00adc\u00ado\u00adny move\u00adment<\/a><\/p>\n\n\n\n<h2 class=\"wp-block-heading\">Was hast Du auf dem Bal\u00adkon im Mai schon aus\u00adge\u00ads\u00e4t?&nbsp;<\/h2>","protected":false},"excerpt":{"rendered":"<p>Now is the time to sow and plant. Read on to find out what can be sown and plan\u00adted on the bal\u00adc\u00ado\u00adny in May. This list is long. This month is very important for a suc\u00adcessful har\u00adve\u00adst. What tasks are due in May?<\/p>","protected":false},"author":5,"featured_media":8127,"comment_status":"open","ping_status":"closed","sticky":false,"template":"","format":"standard","meta":{"_acf_changed":false,"wp_typography_post_enhancements_disabled":false,"footnotes":""},"categories":[37,987,47,186,106,685,58,67],"tags":[],"class_list":["post-7196","post","type-post","status-publish","format-standard","has-post-thumbnail","hentry","category-allgemein","category-balkonjahr","category-gemuese","category-grundlagen-besonders-fuer-einsteiger","category-klimawandel","category-nachhaltigkeit","category-obst","category-stadtnatur"],"acf":[],"_links":{"self":[{"href":"https:\/\/bio-balkon.de\/en\/wp-json\/wp\/v2\/posts\/7196","targetHints":{"allow":["GET"]}}],"collection":[{"href":"https:\/\/bio-balkon.de\/en\/wp-json\/wp\/v2\/posts"}],"about":[{"href":"https:\/\/bio-balkon.de\/en\/wp-json\/wp\/v2\/types\/post"}],"author":[{"embeddable":true,"href":"https:\/\/bio-balkon.de\/en\/wp-json\/wp\/v2\/users\/5"}],"replies":[{"embeddable":true,"href":"https:\/\/bio-balkon.de\/en\/wp-json\/wp\/v2\/comments?post=7196"}],"version-history":[{"count":2,"href":"https:\/\/bio-balkon.de\/en\/wp-json\/wp\/v2\/posts\/7196\/revisions"}],"predecessor-version":[{"id":91755,"href":"https:\/\/bio-balkon.de\/en\/wp-json\/wp\/v2\/posts\/7196\/revisions\/91755"}],"wp:featuredmedia":[{"embeddable":true,"href":"https:\/\/bio-balkon.de\/en\/wp-json\/wp\/v2\/media\/8127"}],"wp:attachment":[{"href":"https:\/\/bio-balkon.de\/en\/wp-json\/wp\/v2\/media?parent=7196"}],"wp:term":[{"taxonomy":"category","embeddable":true,"href":"https:\/\/bio-balkon.de\/en\/wp-json\/wp\/v2\/categories?post=7196"},{"taxonomy":"post_tag","embeddable":true,"href":"https:\/\/bio-balkon.de\/en\/wp-json\/wp\/v2\/tags?post=7196"}],"curies":[{"name":"wp","href":"https:\/\/api.w.org\/{rel}","templated":true}]}}