{"id":62053,"date":"2023-08-14T22:04:00","date_gmt":"2023-08-14T20:04:00","guid":{"rendered":"https:\/\/bio-balkon.de\/?p=62053"},"modified":"2025-06-16T10:06:21","modified_gmt":"2025-06-16T08:06:21","slug":"der-gruene-franzoesische-balkon-mit-wenigen-schritten-zu-hause-pariser-charme-schaffen","status":"publish","type":"post","link":"https:\/\/bio-balkon.de\/en\/der-gruene-franzoesische-balkon-mit-wenigen-schritten-zu-hause-pariser-charme-schaffen\/","title":{"rendered":"Der gr\u00fc\u00adne fran\u00adz\u00f6\u00adsi\u00adsche Bal\u00adkon: Mit weni\u00adgen Schrit\u00adten zu Hau\u00adse Pari\u00adser Charme schaf\u00adfen"},"content":{"rendered":"<p><strong>Klein aber oho! Ein fran\u00adz\u00f6\u00adsi\u00adscher Bal\u00adkon mag win\u00adzig sein, aber selbst die\u00adsen weni\u00adgen Platz kann man nut\u00adzen \u2013 in die\u00adsem Bei\u00adtrag erf\u00e4hrst Du, wie Du aus der Br\u00fcs\u00adtung vor Dei\u00adnem boden\u00adtie\u00adfen Fens\u00adter eine klei\u00adne Oase mit Pari\u00adser Charme zau\u00adberst.<\/strong> <\/p>\n\n\n\n<p>Wer St\u00e4d\u00adte wie Paris oder Mar\u00adseil\u00adle schon besucht hat, kennt sie mit Sicher\u00adheit: die typi\u00adschen Br\u00fcs\u00adtun\u00adgen vor boden\u00adtie\u00adfen Fens\u00adtern. Aber auch bei uns in Deutsch\u00adland und ins\u00adbe\u00adson\u00adde\u00adre im st\u00e4d\u00adti\u00adschen Raum wer\u00adden <strong>fran\u00adz\u00f6\u00adsi\u00adsche Bal\u00adko\u00adne immer belieb\u00adter<\/strong>. Denn sie erm\u00f6g\u00adli\u00adchen viel Licht, selbst wenn kei\u00adne gro\u00ad\u00dfe Bal\u00adkon\u00adfl\u00e4\u00adche gege\u00adben ist.&nbsp;<\/p>\n\n\n\n<p>Nat\u00fcr\u00adlich kannst Du auch einen fran\u00adz\u00f6\u00adsi\u00adschen Bal\u00adkon nach Lust und Lau\u00adne bepflan\u00adzen \u2013 nach einem biss\u00adchen Theo\u00adrie gibt es <strong>tol\u00adle Tipps und Tricks<\/strong>, wie Du das Meis\u00adte aus Dei\u00adnem fran\u00adz\u00f6\u00adsi\u00adschen Bal\u00adkon her\u00adaus\u00adho\u00adlen kannst.&nbsp;<\/p>\n\n\n\n<p>Ein Pro\u00adblem sind oft\u00admals die Pflanz\u00adge\u00adf\u00e4s\u00adse, die g\u00e4n\u00adgi\u00adgen Bal\u00adkon\u00adk\u00e4s\u00adten pas\u00adsen nicht. Zudem neh\u00admen sie die Sicht auf Augen\u00adh\u00f6\u00adhe, was vie\u00adlen nicht gef\u00e4llt. Seit 2023 ist ein neu\u00ades Pro\u00addukt auf dem Markt: In Bran\u00adden\u00adburg regio\u00adnal pro\u00addu\u00adzier\u00adte Pflanz\u00adge\u00adf\u00e4\u00ad\u00dfe mit 4 l Was\u00adser\u00adspei\u00adcher aus voll\u00adst\u00e4n\u00addig recy\u00adcel\u00adba\u00adrem Plas\u00adtik (PP) f\u00fcr Br\u00fcs\u00adtun\u00adgen und Stab\u00adge\u00adl\u00e4n\u00adder oder Stan\u00adgen\u00adge\u00adl\u00e4n\u00adder mit ver\u00adti\u00adka\u00adlen Stre\u00adben. Die\u00adse k\u00f6n\u00adnen ganz unpro\u00adble\u00adma\u00adtisch zwi\u00adschen die Stre\u00adben des Bal\u00adkon\u00adge\u00adl\u00e4n\u00adders gescho\u00adben wer\u00adden, die Sicht bleibt frei.<\/p>\n\n\n\n<p>Die\u00adse <a href=\"https:\/\/www.array-planter.com\/p\/blumenkasten-fuer-gelaender-4l-mit-wasserreservoir-fuer-sichtschutz\" data-type=\"link\" data-id=\"https:\/\/www.array-planter.com\/p\/blumenkasten-fuer-gelaender-4l-mit-wasserreservoir-fuer-sichtschutz\" target=\"_blank\" rel=\"noreferrer noopener\">neu\u00aden Pflanz\u00adge\u00adf\u00e4s\u00adse<\/a> anschau\u00aden. Die Bio-Bal\u00adkon-Bewe\u00adgung erh\u00e4lt <strong>10 % Rabat<\/strong>t mit Gut\u00adschein <strong>Orga\u00adnic balcony10<\/strong>.<\/p>\n\n\n\n<figure class=\"wp-block-image size-large\"><a href=\"https:\/\/www.array-planter.com\/p\/blumenkasten-fuer-gelaender-4l-mit-wasserreservoir-fuer-sichtschutz\" target=\"_blank\" rel=\"noreferrer noopener\"><img loading=\"lazy\" decoding=\"async\" width=\"1024\" height=\"1024\" src=\"https:\/\/bio-balkon.de\/wp-content\/uploads\/2023\/11\/Ulf-Gerstberger-Webebild-Insta-Gutschein-1024x1024.avif\" alt=\"Pflanzgef\u00e4\u00dfe mit Wasserspeicher aus vollst\u00e4ndig recycelbarem Plastik (PP) f\u00fcr Br\u00fcstungen und Stabgel\u00e4nder oder Stangengel\u00e4nder mit vertikalen Streben\" class=\"wp-image-64529\" srcset=\"https:\/\/bio-balkon.de\/wp-content\/uploads\/2023\/11\/Ulf-Gerstberger-Webebild-Insta-Gutschein-1024x1024.avif 1024w, https:\/\/bio-balkon.de\/wp-content\/uploads\/2023\/11\/Ulf-Gerstberger-Webebild-Insta-Gutschein-300x300.avif 300w, https:\/\/bio-balkon.de\/wp-content\/uploads\/2023\/11\/Ulf-Gerstberger-Webebild-Insta-Gutschein-150x150.avif 150w, https:\/\/bio-balkon.de\/wp-content\/uploads\/2023\/11\/Ulf-Gerstberger-Webebild-Insta-Gutschein-768x768.avif 768w, https:\/\/bio-balkon.de\/wp-content\/uploads\/2023\/11\/Ulf-Gerstberger-Webebild-Insta-Gutschein-12x12.avif 12w, https:\/\/bio-balkon.de\/wp-content\/uploads\/2023\/11\/Ulf-Gerstberger-Webebild-Insta-Gutschein.avif 1080w\" sizes=\"auto, (max-width: 1024px) 100vw, 1024px\"><\/a><\/figure>\n\n\n\n<h2 class=\"wp-block-heading\">Was ist ein fran\u00adz\u00f6\u00adsi\u00adscher Bal\u00adkon?<\/h2>\n\n\n\n<p>Ein fran\u00adz\u00f6\u00adsi\u00adscher Bal\u00adkon ist streng genom\u00admen oft kein \u201erich\u00adti\u00adger\u201c Bal\u00adkon. Denn die boden\u00adtie\u00adfen Fens\u00adter mit einem Sicher\u00adheits\u00adge\u00adl\u00e4n\u00adder davor erm\u00f6g\u00adli\u00adchen in der Regel kei\u00adnen Aus\u00adtritt. Die\u00adse <strong>kom\u00adpak\u00adte Gr\u00f6\u00ad\u00dfe zeich\u00adnet den fran\u00adz\u00f6\u00adsi\u00adschen Bal\u00adkon aus<\/strong> \u2013 je nach\u00addem, ob das Gel\u00e4n\u00adder vor\u00adge\u00adsetzt wird oder nicht, kann der Platz vor dem Fens\u00adter sogar noch st\u00e4r\u00adker vari\u00adie\u00adren.<\/p>\n\n\n\n<figure class=\"wp-block-image size-large is-resized\"><img loading=\"lazy\" decoding=\"async\" width=\"1024\" height=\"674\" src=\"https:\/\/bio-balkon.de\/wp-content\/uploads\/2023\/11\/franzoesischer-balkon-vorgesetzt-laibung-1024x674.avif\" alt class=\"wp-image-62056\" style=\"width:840px;height:auto\" srcset=\"https:\/\/bio-balkon.de\/wp-content\/uploads\/2023\/11\/franzoesischer-balkon-vorgesetzt-laibung-1024x674.avif 1024w, https:\/\/bio-balkon.de\/wp-content\/uploads\/2023\/11\/franzoesischer-balkon-vorgesetzt-laibung-300x197.avif 300w, https:\/\/bio-balkon.de\/wp-content\/uploads\/2023\/11\/franzoesischer-balkon-vorgesetzt-laibung-768x505.avif 768w, https:\/\/bio-balkon.de\/wp-content\/uploads\/2023\/11\/franzoesischer-balkon-vorgesetzt-laibung-18x12.avif 18w, https:\/\/bio-balkon.de\/wp-content\/uploads\/2023\/11\/franzoesischer-balkon-vorgesetzt-laibung.avif 1240w\" sizes=\"auto, (max-width: 1024px) 100vw, 1024px\"><figcaption class=\"wp-element-caption\"><br>Ein fran\u00adz\u00f6\u00adsi\u00adscher Bal\u00adkon mit einem vor\u00adge\u00adsetz\u00adten Gel\u00e4n\u00adder bie\u00adtet etwas mehr Platz (Gra\u00adfik \u00a9 <a href=\"https:\/\/www.elbemetall.de\/\" target=\"_blank\" rel=\"noreferrer noopener\">elbemetall.de<\/a>).<\/figcaption><\/figure>\n\n\n\n<p>Man fin\u00addet ihn dem\u00adentspre\u00adchend oft bei Woh\u00adnun\u00adgen oder H\u00e4u\u00adsern in Innen\u00adst\u00e4d\u00adten, wo gan\u00adze Bal\u00adko\u00adne auf\u00adgrund von platz- oder bau\u00adtech\u00adni\u00adschen Ma\u00df\u00adnah\u00admen nicht m\u00f6g\u00adlich sind. Ein fran\u00adz\u00f6\u00adsi\u00adscher Bal\u00adkon bie\u00adtet <strong>viel Licht und eine gute Bel\u00fcf\u00adtungs\u00adm\u00f6g\u00adlich\u00adkeit f\u00fcr den Innen\u00adraum<\/strong>. Auf\u00adgrund der gro\u00ad\u00dfen Fens\u00adter\u00adfl\u00e4\u00adche l\u00e4sst er R\u00e4u\u00adme hel\u00adler und freund\u00adli\u00adcher wir\u00adken.&nbsp;<\/p>\n\n\n\n<p>Die Gel\u00e4n\u00adder gibt es <strong>in allen For\u00admen und Far\u00adben<\/strong>. Von der klas\u00adsi\u00adschen ver\u00adschn\u00f6r\u00adkel\u00adten Pari\u00adser Optik bis hin zu moder\u00adnen Optio\u00adnen: Bei der <a href=\"https:\/\/www.elbemetall.de\/ratgeber\/montage-franzoesischer-balkon\" target=\"_blank\" rel=\"noreferrer noopener\">Mon\u00adta\u00adge eines fran\u00adz\u00f6\u00adsi\u00adschen Bal\u00adkons<\/a> sind der Fan\u00adta\u00adsie kei\u00adne Gren\u00adzen gesetzt.<\/p>\n\n\n\n<p>Die fol\u00adgen\u00adden Aspek\u00adte soll\u00adtest Du beim <strong>Anbrin\u00adgen eines Gel\u00e4n\u00adders<\/strong> vor Dei\u00adnem boden\u00adtie\u00adfen Fens\u00adter beach\u00adten:<\/p>\n\n\n\n<h2 class=\"wp-block-heading\">So mon\u00adtierst Du einen fran\u00adz\u00f6\u00adsi\u00adschen Bal\u00adkon<\/h2>\n\n\n\n<p>Bevor Du mit der Mon\u00adta\u00adge des Gel\u00e4n\u00adders begin\u00adnen kannst, musst Du Dich mit eini\u00adgen <strong>gesetz\u00adli\u00adchen Vor\u00adga\u00adben <\/strong>aus\u00adein\u00adan\u00adder\u00adset\u00adzen. Denn sie bestim\u00admen, wie hoch die Br\u00fcs\u00adtung sein soll, wel\u00adche Mate\u00adria\u00adli\u00aden Du ver\u00adwen\u00adden darfst und vie\u00adles mehr.&nbsp;<\/p>\n\n\n\n<h3 class=\"wp-block-heading\">Gesetz\u00adli\u00adche Vor\u00adga\u00adben<\/h3>\n\n\n\n<p>Zie\u00adhe, bevor Du mit der Mon\u00adta\u00adge beginnst, am bes\u00adten immer die <a href=\"https:\/\/www.feuertrutz.de\/landesbauordnungen-bauordnungen-der-bundeslaender\" target=\"_blank\" rel=\"noreferrer noopener\">Bau\u00adord\u00adnung Dei\u00adnes Bun\u00addes\u00adlan\u00addes<\/a> zura\u00adte. Denn <strong>the<\/strong> <strong>genau\u00aden Vor\u00adschrif\u00adten k\u00f6n\u00adnen<\/strong> <strong>je nach Land etwas vari\u00adie\u00adren<\/strong>.&nbsp;<\/p>\n\n\n\n<ul class=\"wp-block-list\">\n<li>Ein fran\u00adz\u00f6\u00adsi\u00adscher Bal\u00adkon muss bei einer Absturz\u00adh\u00f6\u00adhe von bis zu 12 m immer <strong>min\u00addes\u00adtens 90 cm hoch<\/strong> sein. Bei mehr als 12 m muss das Gel\u00e4n\u00adder sogar <strong>min\u00addes\u00adtens 110 cm hoch<\/strong> sein.<\/li>\n\n\n\n<li>Bevor Du mit der Mon\u00adta\u00adge begin\u00adnen darfst, musst Du die <strong>Sta\u00adtik berech\u00adnen<\/strong>.&nbsp;<\/li>\n\n\n\n<li>In der Bau\u00adord\u00adnung erf\u00e4hrst Du au\u00dfer\u00addem, <strong>wel\u00adche Mate\u00adria\u00adli\u00aden<\/strong> mit dem jewei\u00adli\u00adgen Mau\u00ader\u00adwerk ver\u00adwen\u00addet wer\u00adden k\u00f6n\u00adnen.<\/li>\n<\/ul>\n\n\n\n<h3 class=\"wp-block-heading\">Mon\u00adta\u00adge des fran\u00adz\u00f6\u00adsi\u00adschen Bal\u00adkons in 10 Schrit\u00adten<\/h3>\n\n\n\n<p>Wenn alle Vor\u00adga\u00adben gekl\u00e4rt sind, kannst Du mit der Mon\u00adta\u00adge begin\u00adnen. Hal\u00adte Dich an <strong>die fol\u00adgen\u00adden Schrit\u00adte<\/strong> und bald ist Dein eige\u00adner fran\u00adz\u00f6\u00adsi\u00adscher Bal\u00adkon fer\u00adtig!<\/p>\n\n\n\n<ol class=\"wp-block-list\">\n<li>Mes\u00adse die&nbsp;Abst\u00e4n\u00adde aus und bemes\u00adse die&nbsp;Befes\u00adti\u00adgungs\u00adma\u00ad\u00dfe.<\/li>\n\n\n\n<li>Zeich\u00adne die Bohr\u00adl\u00f6\u00adcher an (mit Was\u00adser\u00adwaa\u00adge und Zoll\u00adstab).<\/li>\n\n\n\n<li>Boh\u00adre ca. 10 cm tie\u00adfe L\u00f6cher.<\/li>\n\n\n\n<li>Pas\u00adse die L\u00e4n\u00adgen der Gewin\u00adde\u00adstan\u00adgen an.<\/li>\n\n\n\n<li>Set\u00adze die Sieb\u00adh\u00fcl\u00adsen&nbsp;ein und sprit\u00adze Injek\u00adti\u00adons\u00adm\u00f6r\u00adtel ein.<\/li>\n\n\n\n<li>Ver\u00adschrau\u00adbe die Gewin\u00adde\u00adstan\u00adgen.&nbsp;<\/li>\n\n\n\n<li>Las\u00adse alles gut aus\u00adh\u00e4r\u00adten.<\/li>\n\n\n\n<li>Schrau\u00adbe das Gel\u00e4n\u00adder mit Unter\u00adleg\u00adschei\u00adbe und Mut\u00adtern&nbsp;an die Gewin\u00adde\u00adstan\u00adgen.&nbsp;<\/li>\n<\/ol>\n\n\n\n<p>Das Gel\u00e4n\u00adder kann in genau dem Stil gehal\u00adten sein, den Du bevor\u00adzugst. Und auch wenn es ums Begr\u00fc\u00adnen geht, kannst Du Dich hier voll aus\u00adto\u00adben \u2013 wenn auch nur auf klei\u00adnem Raum. Mit\u00adhil\u00adfe der fol\u00adgen\u00adden Tipps und Tricks machst Du im Hand\u00adum\u00addre\u00adhen <strong>eine klei\u00adne gr\u00fc\u00adne Oase<\/strong> aus Dei\u00adnem fran\u00adz\u00f6\u00adsi\u00adschen Bal\u00adkon.<\/p>\n\n\n\n<figure class=\"wp-block-image size-full\"><img loading=\"lazy\" decoding=\"async\" width=\"600\" height=\"800\" src=\"https:\/\/bio-balkon.de\/wp-content\/uploads\/2023\/08\/P2600008-Franzoesischer-balkon-rose.avif\" alt class=\"wp-image-62070\" srcset=\"https:\/\/bio-balkon.de\/wp-content\/uploads\/2023\/08\/P2600008-Franzoesischer-balkon-rose.avif 600w, https:\/\/bio-balkon.de\/wp-content\/uploads\/2023\/08\/P2600008-Franzoesischer-balkon-rose-225x300.avif 225w, https:\/\/bio-balkon.de\/wp-content\/uploads\/2023\/08\/P2600008-Franzoesischer-balkon-rose-9x12.avif 9w\" sizes=\"auto, (max-width: 600px) 100vw, 600px\"><\/figure>\n\n\n\n<h2 class=\"wp-block-heading\">3 Tipps f\u00fcr einen gr\u00fc\u00adnen fran\u00adz\u00f6\u00adsi\u00adschen Bal\u00adkon<\/h2>\n\n\n\n<p>In der Regel bie\u00adtet Dir ein fran\u00adz\u00f6\u00adsi\u00adscher Bal\u00adkon nicht all\u00adzu viel Platz \u2013 das ist f\u00fcr vie\u00adle Men\u00adschen zun\u00e4chst etwas schwie\u00adrig \u2013 denn was soll man auf so wenig Fl\u00e4\u00adche schon gro\u00df anpflan\u00adzen k\u00f6n\u00adnen? Aber beden\u00adke: Die meis\u00adten fran\u00adz\u00f6\u00adsi\u00adschen Bal\u00adko\u00adne haben <strong>in etwa so viel Grund\u00adfl\u00e4\u00adche wie ein Fens\u00adter\u00adbrett<\/strong>. Und jetzt \u00fcber\u00adle\u00adge mal, was auf <a href=\"https:\/\/bio-balkon.de\/en\/recommendations\/windowsill\/\">Dei\u00adnem Fens\u00adter\u00adbrett<\/a> schon alles wach\u00adsen konn\u00adte!<\/p>\n\n\n\n<p>G\u00e4rt\u00adnern auf klei\u00adner Fl\u00e4\u00adche kann zwar eine Her\u00adaus\u00adfor\u00adde\u00adrung sein, aber es ist mach\u00adbar. <strong>Um es Dir leich\u00adter zu machen<\/strong>, habe ich die fol\u00adgen\u00adden Tipps f\u00fcr Dich zusam\u00admen\u00adge\u00adstellt.<\/p>\n\n\n\n<ol class=\"wp-block-list\">\n<li>Pflan\u00adzen\u00adwahl<\/li>\n<\/ol>\n\n\n\n<ol class=\"wp-block-list\">\n<li><\/li>\n<\/ol>\n\n\n\n<p>Grund\u00ads\u00e4tz\u00adlich kannst Du auf Dei\u00adnem fran\u00adz\u00f6\u00adsi\u00adschen Bal\u00adkon anpflan\u00adzen, was Du m\u00f6ch\u00adtest. Ach\u00adte nur unbe\u00addingt dar\u00adauf, <strong>Pflan\u00adzen zu w\u00e4h\u00adlen, die nicht zu hoch oder zu dicht<\/strong> wach\u00adsen \u2013 denn Du m\u00f6ch\u00adtest sicher auch wei\u00adter\u00adhin die sch\u00f6\u00adne Aus\u00adsicht und das vie\u00adle Licht im Zim\u00admer genie\u00ad\u00dfen k\u00f6n\u00adnen.<\/p>\n\n\n\n<ul class=\"wp-block-list\">\n<li>Wenn Du eine roman\u00adti\u00adsche Optik bevor\u00adzugst, bie\u00adten sich <strong>ran\u00adken\u00adde Pflan\u00adzen<\/strong> wie Efeu, Cle\u00adma\u00adtis oder Kapu\u00adzi\u00adner\u00adkres\u00adse f\u00fcr Dei\u00adnen fran\u00adz\u00f6\u00adsi\u00adschen Bal\u00adkon an. Letz\u00adte\u00adre ist nicht nur sch\u00f6n, son\u00addern auch eine <a href=\"https:\/\/www.ndr.de\/ratgeber\/garten\/Kapuzinerkresse-saeen-Essbare-Heilpflanze-mit-huebschen-Blueten,kapuzinerkresse108.html\" target=\"_blank\" rel=\"noreferrer noopener\">ess\u00adba\u00adre Heil\u00adpflan\u00adze<\/a>.<\/li>\n\n\n\n<li>Aber auch <strong>Blu\u00admen mit h\u00e4n\u00adgen\u00adden Trie\u00adben<\/strong> wie Petu\u00adni\u00aden, Gera\u00adni\u00aden oder h\u00e4n\u00adgen\u00adde Bego\u00adni\u00aden-Arten machen hier eine sehr gute Figur.<\/li>\n\n\n\n<li>Je nach der Aus\u00adrich\u00adtung Dei\u00adnes fran\u00adz\u00f6\u00adsi\u00adschen Bal\u00adkons kannst Du <strong>ver\u00adschie\u00adde\u00adne K\u00fcchen\u00adkr\u00e4u\u00adter und Gew\u00fcr\u00adze<\/strong> in H\u00e4n\u00adge\u00adt\u00f6p\u00adfen am Gel\u00e4n\u00adder anpflan\u00adzen.&nbsp;<\/li>\n\n\n\n<li>Aber sogar f\u00fcr <strong>ein klei\u00adnes biss\u00adchen ech\u00adte Selbst\u00adver\u00adsor\u00adgung<\/strong> ist der gerin\u00adge Platz geeig\u00adnet \u2013 pflan\u00adze hier am bes\u00adten Gem\u00fc\u00adse\u00adsor\u00adten wie Boh\u00adnen oder Strauch\u00adto\u00adma\u00adten an, die auch auf wenig Platz gedei\u00adhen. Auch <a href=\"https:\/\/bio-balkon.de\/en\/growing-sprouts-and-microgreens-on-the-windowsill-all-year-round\/\">Spros\u00adsen und Micro\u00adgreens<\/a> bie\u00adten sich hier\u00adf\u00fcr an.<\/li>\n<\/ul>\n\n\n\n<p>2. Nut\u00adze auch das Gel\u00e4n\u00adder<\/p>\n\n\n\n<p>Ein sch\u00f6\u00adner, brei\u00adter <a href=\"https:\/\/bio-balkon.de\/en\/recommendations\/pflanzgefaesse\/\">Pflanz\u00adk\u00fc\u00adbel<\/a> oder ein paar ein\u00adzel\u00adne Blu\u00admen\u00adt\u00f6p\u00adfe haben (je nach Bau\u00adwei\u00adse) meis\u00adtens auf dem Boden des fran\u00adz\u00f6\u00adsi\u00adschen Bal\u00adkons Platz. Aber bei so wenig Raum soll\u00adtest Du unbe\u00addingt alle M\u00f6g\u00adlich\u00adkei\u00adten nut\u00adzen, die Du hast. Ver\u00adgiss also nicht, dass <strong>auch das Gel\u00e4n\u00adder zur nutz\u00adba\u00adren Fl\u00e4\u00adche<\/strong> wer\u00adden kann.&nbsp;<\/p>\n\n\n\n<p>Arbei\u00adte hier am bes\u00adten mit <strong><a href=\"https:\/\/www.array-planter.com\/\" target=\"_blank\" rel=\"noreferrer noopener\">h\u00e4n\u00adgen\u00adden Blu\u00admen\u00adt\u00f6p\u00adfen<\/a><\/strong> \u2013 je nach Tie\u00adfe Dei\u00adnes fran\u00adz\u00f6\u00adsi\u00adschen Bal\u00adkons k\u00f6nn\u00adtest Du sogar mit zwei Rei\u00adhen von T\u00f6p\u00adfen arbei\u00adten \u2013 eine in Rich\u00adtung Haus\u00adfront und eine in Rich\u00adtung Wohn\u00adraum. So maxi\u00admierst Du den ver\u00adf\u00fcg\u00adba\u00adren Platz und kannst dadurch viel mehr anpflan\u00adzen.<\/p>\n\n\n\n<p>3. F\u00fcr noch mehr Platz: Wer\u00adde ver\u00adti\u00adkal<\/p>\n\n\n\n<p>Wenn Du ger\u00adne so viel wie m\u00f6g\u00adlich aus Dei\u00adnem fran\u00adz\u00f6\u00adsi\u00adschen Bal\u00adkon her\u00adaus\u00adho\u00adlen m\u00f6ch\u00adtest, k\u00f6nn\u00adtest Du auch ein gan\u00adzes <a href=\"https:\/\/bio-balkon.de\/en\/inexpensive-vertical-gardening-diy-inexpensive-vertical-garden-bed\/\">Ver\u00adti\u00adkal\u00adbeet sel\u00adber bau\u00aden und es dort plat\u00adzie\u00adren<\/a>. So nutzt Du wirk\u00adlich jedes biss\u00adchen Platz aus und kannst so viel wie m\u00f6g\u00adlich aus Dei\u00adnem klei\u00adnen Bal\u00adkon her\u00adaus\u00adho\u00adlen.<\/p>\n\n\n\n<p>Hier\u00adbei soll\u00adtest Du nur eines nicht au\u00dfer Acht las\u00adsen: Ach\u00adte dar\u00adauf, die ein\u00adzel\u00adnen K\u00e4s\u00adten nicht zu eng zusam\u00admen zu plat\u00adzie\u00adren \u2013 denn die <strong>Pflan\u00adzen brau\u00adchen nat\u00fcr\u00adlich genug Raum<\/strong>, um wach\u00adsen zu k\u00f6n\u00adnen. Beden\u00adke bei der Plat\u00adzie\u00adrung auch ganz genau, wel\u00adche Gew\u00e4ch\u00adse beson\u00adders viel oder wenig Son\u00adnen\u00adlicht ben\u00f6\u00adti\u00adgen.<\/p>\n\n\n\n<ul class=\"wp-block-list\">\n<li>Pflan\u00adze alles, was beson\u00adders viel Son\u00adnen\u00adlicht ben\u00f6\u00adtigt, ten\u00adden\u00adzi\u00adell eher wei\u00adter oben.<\/li>\n\n\n\n<li><a href=\"https:\/\/www.brigitte.de\/leben\/wohnen\/balkon-garten\/schattenpflanzen--30-blumen--die-keine-sonne-brauchen-11775060.html\" target=\"_blank\" rel=\"noreferrer noopener\">Schat\u00adten\u00adpflan\u00adzen<\/a> k\u00f6n\u00adnen dage\u00adgen wei\u00adter unten gesetzt wer\u00adden.<\/li>\n<\/ul>\n\n\n\n<p><strong>Aber Ach\u00adtung:<\/strong> Ob ein Ver\u00adti\u00adkal\u00adbeet auf Dei\u00adnem fran\u00adz\u00f6\u00adsi\u00adschen Bal\u00adkon funk\u00adtio\u00adnie\u00adren kann, h\u00e4ngt davon ab, wie gro\u00df er ist, wel\u00adche Aus\u00adrich\u00adtung er hat und ob er star\u00adken Wet\u00adter\u00adein\u00adfl\u00fcs\u00adsen aus\u00adge\u00adsetzt ist.<\/p>\n\n\n\n<h2 class=\"wp-block-heading\">Eine char\u00adman\u00adte, klei\u00adne Oase<\/h2>\n\n\n\n<p>Egal, wie klein Dein Bal\u00adkon ist \u2013 sogar ein win\u00adzi\u00adger fran\u00adz\u00f6\u00adsi\u00adscher Bal\u00adkon kann zu Dei\u00adner per\u00ads\u00f6n\u00adli\u00adchen Gar\u00adten\u00adoa\u00adse wer\u00adden. Ach\u00adte nur dar\u00adauf, den <strong>begrenz\u00adten Platz opti\u00admal zu nut\u00adzen<\/strong> und die Pflan\u00adzen ent\u00adspre\u00adchend ihrer Licht\u00adbe\u00add\u00fcrf\u00adnis\u00adse zu posi\u00adtio\u00adnie\u00adren. Mit etwas Krea\u00adti\u00advi\u00adt\u00e4t und guter Pla\u00adnung kannst Du so Pari\u00adser Flair in Dein Zuhau\u00adse brin\u00adgen und Dir dabei eine eige\u00adne klei\u00adne Gr\u00fcn\u00adfl\u00e4\u00adche zau\u00adbern.<\/p>\n\n\n\n<p>Autor: Chris\u00adtoph Jahn<\/p>\n\n\n\n<figure class=\"wp-block-image size-full\"><img loading=\"lazy\" decoding=\"async\" width=\"435\" height=\"506\" src=\"https:\/\/bio-balkon.de\/wp-content\/uploads\/2023\/11\/christoph_jahn-elbemetall_franzoesischer_balkon.avif\" alt class=\"wp-image-62059\" srcset=\"https:\/\/bio-balkon.de\/wp-content\/uploads\/2023\/11\/christoph_jahn-elbemetall_franzoesischer_balkon.avif 435w, https:\/\/bio-balkon.de\/wp-content\/uploads\/2023\/11\/christoph_jahn-elbemetall_franzoesischer_balkon-258x300.avif 258w, https:\/\/bio-balkon.de\/wp-content\/uploads\/2023\/11\/christoph_jahn-elbemetall_franzoesischer_balkon-10x12.avif 10w\" sizes=\"auto, (max-width: 435px) 100vw, 435px\"><\/figure>\n\n\n\n<p>Chris\u00adtoph Jahn ist der Gr\u00fcn\u00adder und Gesch\u00e4fts\u00adf\u00fch\u00adrer von<a href=\"https:\/\/www.elbemetall.de\/\" target=\"_blank\" rel=\"noreferrer noopener\"> Elbe\u00adme\u00adtall<\/a>\u00ae, einem Online\u00adshop f\u00fcr Blech\u00adzu\u00adschnit\u00adte aus ver\u00adschie\u00addens\u00adten Metal\u00adlen. Mit \u00fcber 12 Jah\u00adren Know-how im Gep\u00e4ck wei\u00df er, wor\u00adauf es bei der Metall\u00adver\u00adar\u00adbei\u00adtung ankommt: Qua\u00adli\u00adt\u00e4t, Pr\u00e4\u00adzi\u00adsi\u00adon und indi\u00advi\u00addu\u00adel\u00adle Fer\u00adti\u00adgung nach Ma\u00df. Egal ob Indus\u00adtrie, Hand\u00adwerk oder Pri\u00advat\u00adge\u00adbrauch: Zusam\u00admen mit sei\u00adnem erfah\u00adre\u00adnen Fach\u00adkr\u00e4f\u00adte\u00adteam fin\u00addet er f\u00fcr jeden Kun\u00adden die pas\u00adsen\u00adden Blech\u00adpro\u00adfi\u00adle und \u2011zuschnit\u00adte.<\/p>","protected":false},"excerpt":{"rendered":"<p>Klein aber oho! Ein fran\u00adz\u00f6\u00adsi\u00adscher Bal\u00adkon mag win\u00adzig sein, aber selbst die\u00adsen weni\u00adgen Platz kann man nut\u00adzen. In die\u00adsem Bei\u00adtrag erf\u00e4hrst Du, wie Du aus der Br\u00fcs\u00adtung vor Dei\u00adnem boden\u00adtie\u00adfen Fens\u00adter eine klei\u00adne Oase mit Pari\u00adser Charme zau\u00adberst.<\/p>","protected":false},"author":5,"featured_media":62062,"comment_status":"open","ping_status":"open","sticky":false,"template":"","format":"standard","meta":{"_acf_changed":false,"wp_typography_post_enhancements_disabled":false,"footnotes":""},"categories":[1],"tags":[],"class_list":["post-62053","post","type-post","status-publish","format-standard","has-post-thumbnail","hentry","category-uncategorized"],"acf":[],"_links":{"self":[{"href":"https:\/\/bio-balkon.de\/en\/wp-json\/wp\/v2\/posts\/62053","targetHints":{"allow":["GET"]}}],"collection":[{"href":"https:\/\/bio-balkon.de\/en\/wp-json\/wp\/v2\/posts"}],"about":[{"href":"https:\/\/bio-balkon.de\/en\/wp-json\/wp\/v2\/types\/post"}],"author":[{"embeddable":true,"href":"https:\/\/bio-balkon.de\/en\/wp-json\/wp\/v2\/users\/5"}],"replies":[{"embeddable":true,"href":"https:\/\/bio-balkon.de\/en\/wp-json\/wp\/v2\/comments?post=62053"}],"version-history":[{"count":0,"href":"https:\/\/bio-balkon.de\/en\/wp-json\/wp\/v2\/posts\/62053\/revisions"}],"wp:featuredmedia":[{"embeddable":true,"href":"https:\/\/bio-balkon.de\/en\/wp-json\/wp\/v2\/media\/62062"}],"wp:attachment":[{"href":"https:\/\/bio-balkon.de\/en\/wp-json\/wp\/v2\/media?parent=62053"}],"wp:term":[{"taxonomy":"category","embeddable":true,"href":"https:\/\/bio-balkon.de\/en\/wp-json\/wp\/v2\/categories?post=62053"},{"taxonomy":"post_tag","embeddable":true,"href":"https:\/\/bio-balkon.de\/en\/wp-json\/wp\/v2\/tags?post=62053"}],"curies":[{"name":"wp","href":"https:\/\/api.w.org\/{rel}","templated":true}]}}