{"id":38601,"date":"2023-09-16T21:01:00","date_gmt":"2023-09-16T19:01:00","guid":{"rendered":"https:\/\/bio-balkon.de\/?p=38601"},"modified":"2026-03-14T10:07:26","modified_gmt":"2026-03-14T09:07:26","slug":"worm-humus-best-fertilizer-for-your-balcony","status":"publish","type":"post","link":"https:\/\/bio-balkon.de\/en\/wurmhumus-bester-duenger-fuer-deinen-balkon\/","title":{"rendered":"Worm humus \u2014 the best fer\u00adti\u00adli\u00adzer for your bal\u00adc\u00ado\u00adny"},"content":{"rendered":"<p>Zum erfolg\u00adrei\u00adchen G\u00e4rt\u00adnern geh\u00f6rt D\u00fcn\u00adgung und Pflan\u00adzen\u00adst\u00e4r\u00adkung sowie ein akti\u00adves Boden\u00adle\u00adben wie in der Natur. Mein Favo\u00adrit als D\u00fcn\u00adger f\u00fcr den Bal\u00adkon ist die <\/p>\n\n\n\n<p><a href=\"https:\/\/wurmkiste.at\/?wpam_id=14\" target=\"_blank\" rel=\"noreferrer noopener\">Wurm\u00adkom\u00adpos\u00adtie\u00adrung in einer Wurm\u00adkis\u00adte<\/a>. <\/p>\n\n\n\n<p>Deckel auf, Bio-Abf\u00e4l\u00adle rein. Vier Mona\u00adte sp\u00e4\u00adter Wurm\u00adhu\u00admus ern\u00adten, d\u00fcn\u00adgen, hohe Ertr\u00e4\u00adge ein\u00adfah\u00adren. Das ist bes\u00adter orga\u00adni\u00adscher D\u00fcn\u00adger f\u00fcr Dei\u00adnen Bal\u00adkon \u2013 her\u00adge\u00adstellt von 1000 Kom\u00adpost\u00adw\u00fcr\u00admern aus Dei\u00adnem eige\u00adnen Bio\u00adab\u00adfall. Bes\u00adser geht es doch gar nicht. Hier liest Du, wie Du Wurm\u00adhu\u00admus als bes\u00adten D\u00fcn\u00adger f\u00fcr Dei\u00adnen Bal\u00adkon in der Pra\u00adxis anwen\u00addest.<\/p>\n\n\n\n<h2 class=\"wp-block-heading\">Wie nutzt man den Wurm\u00adhu\u00admus?<\/h2>\n\n\n\n<p>Wurm\u00adhu\u00admus, Wurm\u00adtee und Kom\u00adpost\u00adtee f\u00fchrt unse\u00adrem Sub\u00adstrat orga\u00adni\u00adsche D\u00fcn\u00adgung und Boden\u00adle\u00adben zu. Unse\u00adre Pflan\u00adzen wach\u00adsen kr\u00e4f\u00adti\u00adger, ges\u00fcn\u00adder, sind weni\u00adger krank\u00adheits\u00adan\u00adf\u00e4l\u00adlig und die orga\u00adni\u00adsche D\u00fcn\u00adgung bringt die wich\u00adti\u00adgen N\u00e4hr\u00adstof\u00adfe, ohne dass eine \u00dcber\u00add\u00fcn\u00adgung ein\u00adtritt.<\/p>\n\n\n\n<ul class=\"wp-block-list\">\n<li><strong>Erde auf\u00adpep\u00adpen statt neu kau\u00adfen und schlep\u00adpen<\/strong>: Kei\u00adnes\u00adfalls mu\u00dft Du jedes Fr\u00fch\u00adjahr neue Erde kau\u00adfen oder anmi\u00adschen. Hast Du noch \u201ealte, gebrauch\u00adte\u201c Erde in Dei\u00adnen Pflanz\u00adge\u00adf\u00e4\u00ad\u00dfen, dann fri\u00adsche sie mit 10 % Wurm\u00adhu\u00admus auf und lege los. F\u00fcr Stark\u00adzeh\u00adrer wie Toma\u00adten, Zuc\u00adchi\u00adni, K\u00fcr\u00adbis, Papri\u00adka, Kohl\u00adge\u00adm\u00fc\u00adse soll\u00adte 15 % Wurm\u00adhu\u00admus unter\u00adge\u00admischt oder auf die Pflanz\u00adge\u00adf\u00e4\u00ad\u00dfe oben\u00addrauf gestreut und mit einer Gabel ein\u00adge\u00adar\u00adbei\u00adtet wer\u00adden.<\/li>\n\n\n\n<li><strong>Grund\u00add\u00fcn\u00adgung zum Pflanz\u00adzeit\u00adpunkt<\/strong>: Bei der Pflan\u00adzung von Toma\u00adten, Papri\u00adka und ande\u00adrer Stark\u00adzeh\u00adrer darf sofort als Grund\u00add\u00fcn\u00adgung noch eine Extra\u00adpor\u00adti\u00adon Wurm\u00adhu\u00admus in das Pflanz\u00adloch. F\u00fcr Mit\u00adtel- und Schwach\u00adzeh\u00adrer (Sala\u00adte) reicht die hoch\u00adwer\u00adti\u00adge fri\u00adsche torf\u00adfreie Pflan\u00adzerde.<\/li>\n\n\n\n<li><strong>Nach\u00add\u00fcn\u00adgung w\u00e4h\u00adrend des Wachs\u00adtums\u00adpro\u00adzes\u00adses<\/strong>: Im Lau\u00adfe der Sai\u00adson wird bei der Nach\u00add\u00fcn\u00adgung ein\u00adfach auf die Ober\u00adfl\u00e4\u00adche der Pflanz\u00adge\u00adf\u00e4\u00ad\u00dfe 10 % (bei Stark\u00adzeh\u00adrern 15 %) Wurm\u00adhu\u00admus auf\u00adge\u00adstreut und etwas ein\u00adge\u00adar\u00adbei\u00adtet. Ab Mit\u00adte August wird nicht mehr ged\u00fcngt.<\/li>\n\n\n\n<li><strong>Wurm\u00adhu\u00admus ist die Basis f\u00fcr Kom\u00adpost\u00adtee<\/strong>: <a href=\"https:\/\/bio-balkon.de\/en\/besser-gaertnern-mit-komposttee\/\" target=\"_blank\" rel=\"noreferrer noopener\">Com\u00adpost tea<\/a> ist eine tol\u00adle preis\u00adwer\u00adte Vari\u00adan\u00adte, den Boden zu bele\u00adben. Dazu wirkt er d\u00fcn\u00adgend. Im Bau\u00admarkt oder Gar\u00adten\u00adcen\u00adter ange\u00adbo\u00adte\u00adne Erde wur\u00adde oft\u00admals hoch erhitzt und unsach\u00adge\u00adm\u00e4\u00df gela\u00adgert. Des\u00adhalb ent\u00adh\u00e4lt die\u00adse kaum Boden\u00adle\u00adbe\u00adwe\u00adsen, wie sie in der Natur nor\u00admal sind.<br><strong>Grund\u00adre\u00adzept Kom\u00adpost\u00adtee:<\/strong><br>Gebe eine Hand\u00advoll voll\u00adrei\u00adfen Kom\u00adpost oder Wurm\u00adhu\u00admus in einen durch\u00adl\u00e4s\u00adsi\u00adgen Sack (Nylon\u00adstrumpf, Lei\u00adnen\u00adsack etc.) und h\u00e4n\u00adge ihn in eine 10l Gie\u00df\u00adkan\u00adne mit Was\u00adser (je nach Was\u00adser\u00admen\u00adge anpas\u00adsen). Ab und zu umr\u00fch\u00adren. Nach 24 Stun\u00adden bis 3 Tagen ist der Kom\u00adpost\u00adtee ver\u00adwend\u00adbar.<br><strong>Anwen\u00addung von Kom\u00adpost\u00adtee:<\/strong><br>\u2013 Zur Bele\u00adbung des Wur\u00adzel\u00adum\u00adfel\u00addes regel\u00adm\u00e4\u00ad\u00dfig gie\u00ad\u00dfen. Es bil\u00addet sich ein Bak\u00adte\u00adri\u00aden\u00adfilm auf den Wur\u00adzeln, der das Ein\u00addrin\u00adgen von Krank\u00adheits\u00ader\u00adre\u00adgern erschwert.<br>\u2013 Vor\u00adbeu\u00adgend cir\u00adca alle 10 Tage direkt auf die Bl\u00e4t\u00adter sprit\u00adzen. Der Bak\u00adte\u00adri\u00aden\u00adfilm hilft Pflan\u00adzen, die gegen\u00ad\u00fcber Pilz\u00adkrank\u00adhei\u00adten emp\u00adfind\u00adlich sind.<\/li>\n\n\n\n<li>Die sich sam\u00admeln\u00adde <strong>See\u00adpage liquid<\/strong>, <strong>Worm tea<\/strong> oder auch <strong>Sicker\u00adwas\u00adser<\/strong> cal\u00adled, ser\u00adves <strong>1:5 ver\u00add\u00fcnnt als Fl\u00fcs\u00adsig\u00add\u00fcn\u00adger, <\/strong>auch pri\u00adma in der Woh\u00adnung bei Zim\u00admer\u00adpflan\u00adzen anwend\u00adbar.<\/li>\n<\/ul>\n\n\n\n<p>Alle Ma\u00df\u00adnah\u00admen bei nas\u00adsem Wet\u00adter ohne Son\u00adne durch\u00adf\u00fch\u00adren, damit die fei\u00adnen Mikro\u00ador\u00adga\u00adnis\u00admen \u00fcber\u00adle\u00adben. Im geern\u00adte\u00adten Wurm\u00adhu\u00admus ent\u00adhal\u00adte\u00adne <strong>Regen\u00adw\u00fcr\u00admer bzw. Kokons d\u00fcr\u00adfen gern in gro\u00ad\u00dfe Pflanz\u00adge\u00adf\u00e4\u00ad\u00dfe mit hin\u00adein. <\/strong>G\u00fcns\u00adtig ist ein <strong>Mul\u00adchen <\/strong>der Pflanz\u00adge\u00adf\u00e4\u00ad\u00dfe mit orga\u00adni\u00adschem Mate\u00adri\u00adal, also ein Abde\u00adcken mit leicht ange\u00adtrock\u00adne\u00adtem Rasen\u00adab\u00adschnitt, klein\u00adge\u00adschnit\u00adte\u00adnen stick\u00adstoff\u00adhal\u00adti\u00adgen Brenn\u00adnes\u00adseln, kali\u00adum\u00adhal\u00adti\u00adgem Bein\u00adwell, bei der Pflan\u00adzen\u00adpfle\u00adge abge\u00adputz\u00adtes Blatt\u00adma\u00adte\u00adri\u00adal oder Schafwolle\/<a href=\"https:\/\/www.wollduenger.de\/\" target=\"_blank\" rel=\"noreferrer noopener\">Sheep\u2019s wool pel\u00adlets<\/a>. Das Boden\u00adle\u00adben aus dem Wurm\u00adhu\u00admus ern\u00e4hrt sich vom Mulch\u00adma\u00adte\u00adri\u00adal, zer\u00adsetzt die\u00adses und es wirkt d\u00fcn\u00adgend. Mul\u00adchen hat immer auch den Effekt, dass weni\u00adger Gie\u00df\u00adwas\u00adser ver\u00adduns\u00adtet, da die Ober\u00adfl\u00e4\u00adche der Pflanz\u00adge\u00adf\u00e4\u00ad\u00dfe vor Ver\u00adduns\u00adtung gesch\u00fctzt ist.<\/p>\n\n\n\n<h2 class=\"wp-block-heading\">Wel\u00adche Vari\u00adan\u00adten der Wurm\u00adkom\u00adpos\u00adtie\u00adrung gibt es?<\/h2>\n\n\n\n<figure class=\"wp-block-image size-full\"><a href=\"https:\/\/wurmkiste.at\/?wpam_id=14\" target=\"_blank\" rel=\"noopener\"><img loading=\"lazy\" decoding=\"async\" width=\"495\" height=\"400\" src=\"https:\/\/bio-balkon.de\/wp-content\/uploads\/2021\/02\/wurmkiste-david-witzeneder.avif\" alt=\"Wurmhumus aus der Wurmkiste ist bester D\u00fcnger f\u00fcr ALLE Balkonpflanzen.\" class=\"wp-image-21276\" srcset=\"https:\/\/bio-balkon.de\/wp-content\/uploads\/2021\/02\/wurmkiste-david-witzeneder.avif 495w, https:\/\/bio-balkon.de\/wp-content\/uploads\/2021\/02\/wurmkiste-david-witzeneder-300x242.avif 300w, https:\/\/bio-balkon.de\/wp-content\/uploads\/2021\/02\/wurmkiste-david-witzeneder-15x12.avif 15w\" sizes=\"auto, (max-width: 495px) 100vw, 495px\"><\/a><\/figure>\n\n\n\n<p><a href=\"https:\/\/wurmkiste.at\/?wpam_id=14\" target=\"_blank\" rel=\"noreferrer noopener\">Wurm\u00adkis\u00adte aus nach\u00adhal\u00adti\u00adgem Holz<\/a> \u2013 mein Favo\u00adrit (auch als Selbst\u00adbau\u00adsatz)<\/p>\n\n\n\n<figure class=\"wp-block-image size-full\"><a href=\"https:\/\/wurmwelten.de\/shop\/wurmkiste-wurm-cafe.html?utm_source=bsch&amp;utm_medium=nwl&amp;utm_campaign=1\" target=\"_blank\" rel=\"noopener\"><img loading=\"lazy\" decoding=\"async\" width=\"465\" height=\"600\" src=\"https:\/\/bio-balkon.de\/wp-content\/uploads\/2021\/04\/wurmkiste_WurmCafe_set_jasper_rimpau_wurmwelten.avif\" alt=\"Es gibt auch Plastikmodelle zur Produktion von Wurmhumus aus Bioabf\u00e4llen als D\u00fcnger f\u00fcr den Balkon.\" class=\"wp-image-26910\" srcset=\"https:\/\/bio-balkon.de\/wp-content\/uploads\/2021\/04\/wurmkiste_WurmCafe_set_jasper_rimpau_wurmwelten.avif 465w, https:\/\/bio-balkon.de\/wp-content\/uploads\/2021\/04\/wurmkiste_WurmCafe_set_jasper_rimpau_wurmwelten-233x300.avif 233w, https:\/\/bio-balkon.de\/wp-content\/uploads\/2021\/04\/wurmkiste_WurmCafe_set_jasper_rimpau_wurmwelten-9x12.avif 9w\" sizes=\"auto, (max-width: 465px) 100vw, 465px\"><\/a><\/figure>\n\n\n\n<p><a href=\"https:\/\/wurmwelten.de\/shop\/wurmkiste-wurm-cafe.html?utm_source=bsch&amp;utm_medium=nwl&amp;utm_campaign=1\" target=\"_blank\" rel=\"noreferrer noopener\">Wurm\u00adca\u00adfe aus Plas\u00adtik<\/a><\/p>\n\n\n\n<p>Nat\u00fcr\u00adlich kann mich sich Wurm\u00adkis\u00adten auch sel\u00adber bau\u00aden. <a href=\"http:\/\/www.kompostherstellung.de\/wurmbox-wurmfarm-fuer-unter-20e-selbst-bauen\/\" target=\"_blank\" rel=\"noreferrer noopener\">Here<\/a> ist z.B. eine Anlei\u00adtung aus Plas\u00adtik\u00adbo\u00adxen.<\/p>\n\n\n\n<figure class=\"wp-block-image size-full\"><a href=\"https:\/\/amzn.to\/3Cmh8rx\" target=\"_blank\" rel=\"noopener\"><img loading=\"lazy\" decoding=\"async\" width=\"352\" height=\"499\" src=\"https:\/\/bio-balkon.de\/wp-content\/uploads\/2022\/03\/Kompost-aus-der-Kiste-jasper-rimpau.avif\" alt=\"Kompost aus der Kiste ist ein gutes Buch zum Selbstbau von Wurmkisten.\" class=\"wp-image-38602\" srcset=\"https:\/\/bio-balkon.de\/wp-content\/uploads\/2022\/03\/Kompost-aus-der-Kiste-jasper-rimpau.avif 352w, https:\/\/bio-balkon.de\/wp-content\/uploads\/2022\/03\/Kompost-aus-der-Kiste-jasper-rimpau-212x300.avif 212w\" sizes=\"auto, (max-width: 352px) 100vw, 352px\"><\/a><\/figure>\n\n\n\n<p>Hier ist Lite\u00adra\u00adtur zum Sel\u00adber\u00adbau\u00aden \u201e<a href=\"https:\/\/amzn.to\/3Kj6vbS\" target=\"_blank\" rel=\"noreferrer noopener\">Kom\u00adpost aus der Kis\u00adte: Wurm\u00adkis\u00adten f\u00fcr den Haus\u00adge\u00adbrauch selbst bau\u00aden<\/a>\u201e<\/p>\n\n\n\n<p>Hier kommst Du <a href=\"https:\/\/wurmkiste.at\/richtig-kompostieren\/?wpam_id=14\" target=\"_blank\" rel=\"noreferrer noopener\">zur Betriebs\u00adan\u00adlei\u00adtung<\/a>&nbsp;solch einer Wurm\u00adkis\u00adte. Es funk\u00adtio\u00adniert. Es stinkt nicht. Es riecht leicht nach Wald, wenn man den Deckel anhebt. Aus mei\u00adner Holz\u00adkis\u00adte sind noch nie die Kom\u00adpost\u00adw\u00fcr\u00admer raus\u00adge\u00adkro\u00adchen. Auch hier gilt: Trau Dich. Hole Dir einen Natur\u00adkreis\u00adlauf ins Umfeld. In die K\u00fcche. In den Flur. Viel\u00adleicht auf den Bal\u00adkon, aber er darf nicht zu son\u00adnig und \u00fcber\u00adhitzt sein, das bekommt den W\u00fcr\u00admern nicht. Frost im Win\u00adter ist auch pro\u00adble\u00adma\u00adtisch. Sie f\u00fch\u00adlen sich am wohls\u00adten und pro\u00addu\u00adzie\u00adren am bes\u00adten den Wurm\u00adhu\u00admus bei den Tem\u00adpe\u00adra\u00adtu\u00adren, wo auch wir uns wohl\u00adf\u00fch\u00adlen. Das ist geleb\u00adte Nach\u00adhal\u00adtig\u00adkeit.<\/p>","protected":false},"excerpt":{"rendered":"<p>Suc\u00adcessful gar\u00addening invol\u00adves fer\u00adti\u00adli\u00adzing and streng\u00adthening plants as well as an acti\u00adve soil life, just like in natu\u00adre. My favou\u00adri\u00adte fer\u00adti\u00adli\u00adzer for the bal\u00adc\u00ado\u00adny is worm com\u00adpos\u00adting in a worm bin. Open the lid and put the orga\u00adnic was\u00adte in. <\/p>","protected":false},"author":5,"featured_media":47797,"comment_status":"open","ping_status":"open","sticky":false,"template":"","format":"standard","meta":{"_acf_changed":false,"wp_typography_post_enhancements_disabled":false,"footnotes":""},"categories":[1],"tags":[],"class_list":["post-38601","post","type-post","status-publish","format-standard","has-post-thumbnail","hentry","category-uncategorized"],"acf":[],"_links":{"self":[{"href":"https:\/\/bio-balkon.de\/en\/wp-json\/wp\/v2\/posts\/38601","targetHints":{"allow":["GET"]}}],"collection":[{"href":"https:\/\/bio-balkon.de\/en\/wp-json\/wp\/v2\/posts"}],"about":[{"href":"https:\/\/bio-balkon.de\/en\/wp-json\/wp\/v2\/types\/post"}],"author":[{"embeddable":true,"href":"https:\/\/bio-balkon.de\/en\/wp-json\/wp\/v2\/users\/5"}],"replies":[{"embeddable":true,"href":"https:\/\/bio-balkon.de\/en\/wp-json\/wp\/v2\/comments?post=38601"}],"version-history":[{"count":1,"href":"https:\/\/bio-balkon.de\/en\/wp-json\/wp\/v2\/posts\/38601\/revisions"}],"predecessor-version":[{"id":89433,"href":"https:\/\/bio-balkon.de\/en\/wp-json\/wp\/v2\/posts\/38601\/revisions\/89433"}],"wp:featuredmedia":[{"embeddable":true,"href":"https:\/\/bio-balkon.de\/en\/wp-json\/wp\/v2\/media\/47797"}],"wp:attachment":[{"href":"https:\/\/bio-balkon.de\/en\/wp-json\/wp\/v2\/media?parent=38601"}],"wp:term":[{"taxonomy":"category","embeddable":true,"href":"https:\/\/bio-balkon.de\/en\/wp-json\/wp\/v2\/categories?post=38601"},{"taxonomy":"post_tag","embeddable":true,"href":"https:\/\/bio-balkon.de\/en\/wp-json\/wp\/v2\/tags?post=38601"}],"curies":[{"name":"wp","href":"https:\/\/api.w.org\/{rel}","templated":true}]}}