{"id":30022,"date":"2021-05-28T13:59:47","date_gmt":"2021-05-28T11:59:47","guid":{"rendered":"https:\/\/bio-balkon.de\/?p=30022"},"modified":"2025-01-16T22:04:39","modified_gmt":"2025-01-16T21:04:39","slug":"anbau-von-goji-beeren-auf-dem-balkon","status":"publish","type":"post","link":"https:\/\/bio-balkon.de\/en\/anbau-von-goji-beeren-auf-dem-balkon\/","title":{"rendered":"Anbau von Goji-Bee\u00adren auf dem Bal\u00adkon"},"content":{"rendered":"<div data-elementor-type=\"wp-post\" data-elementor-id=\"30022\" class=\"elementor elementor-30022\" data-elementor-post-type=\"post\">\n\t\t\t\t\t\t<section class=\"elementor-section elementor-top-section elementor-element elementor-element-347eb57c elementor-section-boxed elementor-section-height-default elementor-section-height-default\" data-id=\"347eb57c\" data-element_type=\"section\" data-e-type=\"section\">\n\t\t\t\t\t\t<div class=\"elementor-container elementor-column-gap-default\">\n\t\t\t\t\t<div class=\"elementor-column elementor-col-100 elementor-top-column elementor-element elementor-element-527ea460\" data-id=\"527ea460\" data-element_type=\"column\" data-e-type=\"column\">\n\t\t\t<div class=\"elementor-widget-wrap elementor-element-populated\">\n\t\t\t\t\t\t<div class=\"elementor-element elementor-element-42d010e elementor-widget elementor-widget-text-editor\" data-id=\"42d010e\" data-element_type=\"widget\" data-e-type=\"widget\" data-widget_type=\"text-editor.default\">\n\t\t\t\t\t\t\t\t\t<p class=\"p3\"><span class=\"s1\"><b>Goji-Bee\u00adren auf dem Bal\u00adkon anzu\u00adbau\u00aden ist im gro\u00ad\u00dfen Pflanz\u00adge\u00adf\u00e4\u00df m\u00f6g\u00adlich. Wor\u00adauf beim Anbau der Super\u00adbee\u00adre im K\u00fcbel zu ach\u00adten ist, liest Du hier. <\/b><\/span><\/p>\n<p class=\"p3\"><span class=\"s1\"><b>Wuchs:<\/b><\/span> Bis 200 cm hoch. Ben\u00f6\u00adtigt einen son\u00adni\u00adgen Stand\u00adort. Win\u00adter\u00adhar\u00adter Strauch mit \u00fcber\u00adh\u00e4n\u00adgen\u00adden Zwei\u00adgen, des\u00adhalb Anbau drei\u00adtrie\u00adbig im Spa\u00adlier. Selbst\u00adfrucht\u00adbar. Bee\u00adren Juli \u2013 Okto\u00adber.<\/p>\n<p class=\"p3\"><span class=\"s1\"><b>Pfle\u00adge:<\/b><\/span> Das Pflanz\u00adge\u00adf\u00e4\u00df soll\u00adte 15 l und mehr umfas\u00adsen. Reich\u00adlich gie\u00ad\u00dfen. Im Juni d\u00fcn\u00adgen. Stark\u00adzeh\u00adrer. Im Win\u00adter schnei\u00adden.<\/p>\n<p class=\"p3\"><span class=\"s1\"><b>Sor\u00adten:<\/b><\/span> Selek\u00adti\u00adon aus 15 ver\u00adschie\u00adde\u00adnen Ertrags\u00adsor\u00adten: \u2018TURGIDUS\u2019 \u2013 gesund, fr\u00fch, ertrag\u00adreich, s\u00fc\u00df, fruch\u00adtig, robust und kom\u00adpakt.<\/p>\n<p class=\"p3\"><span class=\"s1\"><b>Ver\u00adwen\u00addung:<\/b><\/span> Super\u00adfrucht zur Gesund\u00adheits\u00advor\u00adsor\u00adge, Heil\u00adpflan\u00adze aus der TCM. Die \u00e4u\u00dferst w\u00fcch\u00adsi\u00adge, inva\u00adsi\u00adve,&nbsp; urspr\u00fcng\u00adlich aus S\u00fcd\u00adwest\u00adasi\u00aden und S\u00fcd\u00adost\u00adeu\u00adro\u00adpa stam\u00admen\u00adde Wild\u00adpflan\u00adze <em>Gemei\u00adner<\/em> Bocks\u00addorn oder Wolfs\u00addorn <i>(Lyci\u00adum bar\u00adbarum) <\/i>darf nicht in die freie Land\u00adschaft gepflanzt wer\u00adden. Die Wild\u00adform ist bal\u00adko\u00adnun\u00adge\u00adeig\u00adnet.<\/p>\t\t\t\t\t\t\t\t<\/div>\n\t\t\t\t<div class=\"elementor-element elementor-element-39f0d20 elementor-widget elementor-widget-heading\" data-id=\"39f0d20\" data-element_type=\"widget\" data-e-type=\"widget\" data-widget_type=\"heading.default\">\n\t\t\t\t\t<h2 class=\"elementor-heading-title elementor-size-default\">Die\u00adse Goji-Bee\u00adren f\u00fcr den Bal\u00adkon emp\u00adfeh\u00adle ich<\/h2>\t\t\t\t<\/div>\n\t\t\t\t<div class=\"elementor-element elementor-element-03dd625 elementor-widget elementor-widget-text-editor\" data-id=\"03dd625\" data-element_type=\"widget\" data-e-type=\"widget\" data-widget_type=\"text-editor.default\">\n\t\t\t\t\t\t\t\t\t<p>Ich emp\u00adfeh\u00adle Euch die Goji-Bee\u00adren-Sor\u00adte \u2018TURGIDUS\u2019 \u2013 gesund, fr\u00fch, ertrag\u00adreich, s\u00fc\u00df, fruch\u00adtig, robust und kom\u00adpakt. Sie wur\u00adde von Klaus Umbach gez\u00fcch\u00adtet. Klaus Umbach ist Visio\u00adn\u00e4r und \u00fcber\u00adzeug\u00adter Bio-G\u00e4rt\u00adner. F\u00fcr ihn ist bio\u00adlo\u00adgi\u00adscher Anbau die Grund\u00adla\u00adge f\u00fcr eine Gesun\u00addung der Erde und des Men\u00adschen. Auf der BUGA Heil\u00adbronn stie\u00df ich 2019 auf die\u00adse Goji-Sor\u00adte, nach\u00addem ich schon 2013 die Wild\u00adform zog, die mich im Pflanz\u00adge\u00adf\u00e4\u00df aber gar nicht \u00fcber\u00adzeug\u00adte.<\/p>\t\t\t\t\t\t\t\t<\/div>\n\t\t\t\t<div class=\"elementor-element elementor-element-c8b667d elementor-widget elementor-widget-image-gallery\" data-id=\"c8b667d\" data-element_type=\"widget\" data-e-type=\"widget\" data-widget_type=\"image-gallery.default\">\n\t\t\t\t\t\t\t<div class=\"elementor-image-gallery\">\n\t\t\t<div id=\"gallery-1\" class=\"gallery galleryid-30022 gallery-columns-4 gallery-size-thumbnail\"><figure class=\"gallery-item\">\n\t\t\t<div class=\"gallery-icon portrait\">\n\t\t\t\t<a data-elementor-open-lightbox=\"yes\" data-elementor-lightbox-slideshow=\"c8b667d\" data-e-action-hash=\"#elementor-action%3Aaction%3Dlightbox%26settings%3DeyJpZCI6MzAwODAsInVybCI6Imh0dHBzOlwvXC9iaW8tYmFsa29uLmRlXC93cC1jb250ZW50XC91cGxvYWRzXC8yMDIxXC8wNVwvUDI0NTA1MDUtYnVnYS1nb2ppYmVlcmUta2xhdXMtdW1iYWNoLmF2aWYiLCJzbGlkZXNob3ciOiJjOGI2NjdkIn0%3D\" href=\"https:\/\/bio-balkon.de\/wp-content\/uploads\/2021\/05\/P2450505-buga-gojibeere-klaus-umbach.avif\"><img loading=\"lazy\" width=\"150\" height=\"150\" src=\"https:\/\/bio-balkon.de\/wp-content\/uploads\/2021\/05\/P2450505-buga-gojibeere-klaus-umbach-150x150.avif\" class=\"attachment-thumbnail size-thumbnail\" alt=\"Hier werden Goji-Beeren auf der Bundesgartenschau gezeigt, aber der Anbau ist auch auf dem Balkon m\u00f6glich.\" decoding=\"async\"><\/a>\n\t\t\t<\/div><\/figure><figure class=\"gallery-item\">\n\t\t\t<div class=\"gallery-icon portrait\">\n\t\t\t\t<a data-elementor-open-lightbox=\"yes\" data-elementor-lightbox-slideshow=\"c8b667d\" data-e-action-hash=\"#elementor-action%3Aaction%3Dlightbox%26settings%3DeyJpZCI6MzAwODIsInVybCI6Imh0dHBzOlwvXC9iaW8tYmFsa29uLmRlXC93cC1jb250ZW50XC91cGxvYWRzXC8yMDIxXC8wNVwvUDI0NTA1MDYtYnVnYS1nb2ppYmVlcmUta2xhdXMtdW1iYWNoLmF2aWYiLCJzbGlkZXNob3ciOiJjOGI2NjdkIn0%3D\" href=\"https:\/\/bio-balkon.de\/wp-content\/uploads\/2021\/05\/P2450506-buga-gojibeere-klaus-umbach.avif\"><img loading=\"lazy\" width=\"150\" height=\"150\" src=\"https:\/\/bio-balkon.de\/wp-content\/uploads\/2021\/05\/P2450506-buga-gojibeere-klaus-umbach-150x150.avif\" class=\"attachment-thumbnail size-thumbnail\" alt=\"F\u00fcr den Anbau von Goji-Beeren auf dem Balkon wird die Sorte Turdidus empfohlen.\" decoding=\"async\"><\/a>\n\t\t\t<\/div><\/figure><figure class=\"gallery-item\">\n\t\t\t<div class=\"gallery-icon portrait\">\n\t\t\t\t<a data-elementor-open-lightbox=\"yes\" data-elementor-lightbox-slideshow=\"c8b667d\" data-e-action-hash=\"#elementor-action%3Aaction%3Dlightbox%26settings%3DeyJpZCI6MzAwODEsInVybCI6Imh0dHBzOlwvXC9iaW8tYmFsa29uLmRlXC93cC1jb250ZW50XC91cGxvYWRzXC8yMDIxXC8wNVwvUDI0NTA1MTItYnVnYS1nb2ppYmVlcmUta2xhdXMtdW1iYWNoLmF2aWYiLCJzbGlkZXNob3ciOiJjOGI2NjdkIn0%3D\" href=\"https:\/\/bio-balkon.de\/wp-content\/uploads\/2021\/05\/P2450512-buga-gojibeere-klaus-umbach.avif\"><img width=\"150\" height=\"150\" src=\"https:\/\/bio-balkon.de\/wp-content\/uploads\/2021\/05\/P2450512-buga-gojibeere-klaus-umbach-150x150.avif\" class=\"attachment-thumbnail size-thumbnail\" alt=\"F\u00fcr den Anbau von Goji-Beeren auf dem Balkon wird die Sorte Turdidus empfohlen.\" decoding=\"async\" loading=\"lazy\"><\/a>\n\t\t\t<\/div><\/figure><figure class=\"gallery-item\">\n\t\t\t<div class=\"gallery-icon portrait\">\n\t\t\t\t<a data-elementor-open-lightbox=\"yes\" data-elementor-lightbox-slideshow=\"c8b667d\" data-e-action-hash=\"#elementor-action%3Aaction%3Dlightbox%26settings%3DeyJpZCI6MzAwODMsInVybCI6Imh0dHBzOlwvXC9iaW8tYmFsa29uLmRlXC93cC1jb250ZW50XC91cGxvYWRzXC8yMDIxXC8wNVwvUDI0NTA1MTQtYnVnYS1nb2ppYmVlcmUta2xhdXMtdW1iYWNoLmF2aWYiLCJzbGlkZXNob3ciOiJjOGI2NjdkIn0%3D\" href=\"https:\/\/bio-balkon.de\/wp-content\/uploads\/2021\/05\/P2450514-buga-gojibeere-klaus-umbach.avif\"><img width=\"150\" height=\"150\" src=\"https:\/\/bio-balkon.de\/wp-content\/uploads\/2021\/05\/P2450514-buga-gojibeere-klaus-umbach-150x150.avif\" class=\"attachment-thumbnail size-thumbnail\" alt=\"Auf der BUGA Heilbronn entdeckte ich die f\u00fcr den Anbau auf dem Balkon empfohlene Sorte Turgidus.\" decoding=\"async\" loading=\"lazy\"><\/a>\n\t\t\t<\/div><\/figure>\n\t\t<\/div>\n\t\t<\/div>\n\t\t\t\t\t\t<\/div>\n\t\t\t\t<div class=\"elementor-element elementor-element-0a7bdc5 elementor-widget elementor-widget-heading\" data-id=\"0a7bdc5\" data-element_type=\"widget\" data-e-type=\"widget\" data-widget_type=\"heading.default\">\n\t\t\t\t\t<h2 class=\"elementor-heading-title elementor-size-default\">Die\u00adse Goji-Bee\u00adre f\u00fcr den Bal\u00adkon kannst Du hier bezie\u00adhen<\/h2>\t\t\t\t<\/div>\n\t\t\t\t<div class=\"elementor-element elementor-element-4e69277 elementor-widget elementor-widget-text-editor\" data-id=\"4e69277\" data-element_type=\"widget\" data-e-type=\"widget\" data-widget_type=\"text-editor.default\">\n\t\t\t\t\t\t\t\t\t<p>Schaut bei der <a href=\"https:\/\/www.biogojipflanzen.de\/\" target=\"_blank\" rel=\"noreferrer noopener\">BIO\u00adLAND-G\u00e4rt\u00adne\u00adrei Umbach<\/a> in Heil\u00adbronn. Hier geht es <a href=\"https:\/\/www.biogojipflanzen.de\/pflanzen\/product\/Turgidus.html\" target=\"_blank\" rel=\"noopener\">direkt zur Goji-Bee\u00adre<\/a>.<\/p>\t\t\t\t\t\t\t\t<\/div>\n\t\t\t\t<div class=\"elementor-element elementor-element-df7fe9e elementor-widget elementor-widget-text-editor\" data-id=\"df7fe9e\" data-element_type=\"widget\" data-e-type=\"widget\" data-widget_type=\"text-editor.default\">\n\t\t\t\t\t\t\t\t\t<p>Mit Klaus Umbach mach\u00adten wir dann in 2019 ein Web\u00adi\u00adnar zum Anbau von Goji. Er gab mir 2019 Pflan\u00adzen, die bei mir sehr gut wach\u00adsen. Sie sind abso\u00adlut win\u00adter\u00adhart, nicht anf\u00e4l\u00adlig gegen irgend\u00adwel\u00adche Krank\u00adhei\u00adten oder \u201eSch\u00e4d\u00adlin\u00adge\u201c.&nbsp;<\/p>\t\t\t\t\t\t\t\t<\/div>\n\t\t\t\t<div class=\"elementor-element elementor-element-f7b0f2c elementor-widget elementor-widget-image-gallery\" data-id=\"f7b0f2c\" data-element_type=\"widget\" data-e-type=\"widget\" data-widget_type=\"image-gallery.default\">\n\t\t\t\t\t\t\t<div class=\"elementor-image-gallery\">\n\t\t\t<div id=\"gallery-2\" class=\"gallery galleryid-30022 gallery-columns-4 gallery-size-thumbnail\"><figure class=\"gallery-item\">\n\t\t\t<div class=\"gallery-icon landscape\">\n\t\t\t\t<a data-elementor-open-lightbox=\"yes\" data-elementor-lightbox-slideshow=\"f7b0f2c\" data-e-action-hash=\"#elementor-action%3Aaction%3Dlightbox%26settings%3DeyJpZCI6MzAwODQsInVybCI6Imh0dHBzOlwvXC9iaW8tYmFsa29uLmRlXC93cC1jb250ZW50XC91cGxvYWRzXC8yMDIxXC8wNVwvUDI1NTA3NDctZ29qaS10dXJnaWR1cy1rbGF1cy11bWJhY2guYXZpZiIsInNsaWRlc2hvdyI6ImY3YjBmMmMifQ%3D%3D\" href=\"https:\/\/bio-balkon.de\/wp-content\/uploads\/2021\/05\/P2550747-goji-turgidus-klaus-umbach.avif\"><img width=\"150\" height=\"150\" src=\"https:\/\/bio-balkon.de\/wp-content\/uploads\/2021\/05\/P2550747-goji-turgidus-klaus-umbach-150x150.avif\" class=\"attachment-thumbnail size-thumbnail\" alt=\"Hier wird die f\u00fcr den Balkon empfohlene Goji-Beeren Sorte &quot;Turgidus&quot; geliefert.\" decoding=\"async\" loading=\"lazy\"><\/a>\n\t\t\t<\/div><\/figure><figure class=\"gallery-item\">\n\t\t\t<div class=\"gallery-icon portrait\">\n\t\t\t\t<a data-elementor-open-lightbox=\"yes\" data-elementor-lightbox-slideshow=\"f7b0f2c\" data-e-action-hash=\"#elementor-action%3Aaction%3Dlightbox%26settings%3DeyJpZCI6MzAwODUsInVybCI6Imh0dHBzOlwvXC9iaW8tYmFsa29uLmRlXC93cC1jb250ZW50XC91cGxvYWRzXC8yMDIxXC8wNVwvUDI1NTA3NDktZ29qaS10dXJnaWR1cy1rbGF1cy11bWJhY2guYXZpZiIsInNsaWRlc2hvdyI6ImY3YjBmMmMifQ%3D%3D\" href=\"https:\/\/bio-balkon.de\/wp-content\/uploads\/2021\/05\/P2550749-goji-turgidus-klaus-umbach.avif\"><img width=\"150\" height=\"150\" src=\"https:\/\/bio-balkon.de\/wp-content\/uploads\/2021\/05\/P2550749-goji-turgidus-klaus-umbach-150x150.avif\" class=\"attachment-thumbnail size-thumbnail\" alt decoding=\"async\" loading=\"lazy\"><\/a>\n\t\t\t<\/div><\/figure><figure class=\"gallery-item\">\n\t\t\t<div class=\"gallery-icon portrait\">\n\t\t\t\t<a data-elementor-open-lightbox=\"yes\" data-elementor-lightbox-slideshow=\"f7b0f2c\" data-e-action-hash=\"#elementor-action%3Aaction%3Dlightbox%26settings%3DeyJpZCI6MzAwODYsInVybCI6Imh0dHBzOlwvXC9iaW8tYmFsa29uLmRlXC93cC1jb250ZW50XC91cGxvYWRzXC8yMDIxXC8wNVwvUDI1NTA3NTEtZ29qaS10dXJnaWR1cy1rbGF1cy11bWJhY2guYXZpZiIsInNsaWRlc2hvdyI6ImY3YjBmMmMifQ%3D%3D\" href=\"https:\/\/bio-balkon.de\/wp-content\/uploads\/2021\/05\/P2550751-goji-turgidus-klaus-umbach.avif\"><img width=\"150\" height=\"150\" src=\"https:\/\/bio-balkon.de\/wp-content\/uploads\/2021\/05\/P2550751-goji-turgidus-klaus-umbach-150x150.avif\" class=\"attachment-thumbnail size-thumbnail\" alt=\"Hier wird die f\u00fcr den Balkon empfohlene Goji-Beeren Sorte &quot;Turgidus&quot; geliefert.\" decoding=\"async\" loading=\"lazy\"><\/a>\n\t\t\t<\/div><\/figure><figure class=\"gallery-item\">\n\t\t\t<div class=\"gallery-icon portrait\">\n\t\t\t\t<a data-elementor-open-lightbox=\"yes\" data-elementor-lightbox-slideshow=\"f7b0f2c\" data-e-action-hash=\"#elementor-action%3Aaction%3Dlightbox%26settings%3DeyJpZCI6MzAwODgsInVybCI6Imh0dHBzOlwvXC9iaW8tYmFsa29uLmRlXC93cC1jb250ZW50XC91cGxvYWRzXC8yMDIxXC8wNVwvUDI1OTA1ODMtZ29qaS10b21hdGUtbmV1LmF2aWYiLCJzbGlkZXNob3ciOiJmN2IwZjJjIn0%3D\" href=\"https:\/\/bio-balkon.de\/wp-content\/uploads\/2021\/05\/P2590583-goji-tomate-neu.avif\"><img width=\"150\" height=\"150\" src=\"https:\/\/bio-balkon.de\/wp-content\/uploads\/2021\/05\/P2590583-goji-tomate-neu-150x150.avif\" class=\"attachment-thumbnail size-thumbnail\" alt decoding=\"async\" loading=\"lazy\"><\/a>\n\t\t\t<\/div><\/figure>\n\t\t<\/div>\n\t\t<\/div>\n\t\t\t\t\t\t<\/div>\n\t\t\t\t<div class=\"elementor-element elementor-element-494610c elementor-widget elementor-widget-text-editor\" data-id=\"494610c\" data-element_type=\"widget\" data-e-type=\"widget\" data-widget_type=\"text-editor.default\">\n\t\t\t\t\t\t\t\t\t<p>Ich habe nur das Pro\u00adblem, dass Eich\u00adh\u00f6rn\u00adchen sehr gern die Trieb\u00adspit\u00adzen essen und auch \u00f6fters mal Lau\u00adne haben, gan\u00adze Trie\u00adbe ein\u00adfach zu kap\u00adpen.&nbsp;<\/p>\t\t\t\t\t\t\t\t<\/div>\n\t\t\t\t<div class=\"elementor-element elementor-element-7ba7592 elementor-widget elementor-widget-image-gallery\" data-id=\"7ba7592\" data-element_type=\"widget\" data-e-type=\"widget\" data-widget_type=\"image-gallery.default\">\n\t\t\t\t\t\t\t<div class=\"elementor-image-gallery\">\n\t\t\t<div id=\"gallery-3\" class=\"gallery galleryid-30022 gallery-columns-4 gallery-size-thumbnail\"><figure class=\"gallery-item\">\n\t\t\t<div class=\"gallery-icon landscape\">\n\t\t\t\t<a data-elementor-open-lightbox=\"yes\" data-elementor-lightbox-slideshow=\"7ba7592\" data-e-action-hash=\"#elementor-action%3Aaction%3Dlightbox%26settings%3DeyJpZCI6MzAwOTIsInVybCI6Imh0dHBzOlwvXC9iaW8tYmFsa29uLmRlXC93cC1jb250ZW50XC91cGxvYWRzXC8yMDIxXC8wNVwvUDI2MzAxMDAtanVuZ2UtZWljaGhvXHUwMzA4cm5jaGVuLWZlbmNoZWwtZ29qaS1oYXNlbG51c3Nib3gtc3VwZXIuYXZpZiIsInNsaWRlc2hvdyI6IjdiYTc1OTIifQ%3D%3D\" href=\"https:\/\/bio-balkon.de\/wp-content\/uploads\/2021\/05\/P2630100-junge-eichho\u0308rnchen-fenchel-goji-haselnussbox-super.avif\"><img width=\"150\" height=\"150\" src=\"https:\/\/bio-balkon.de\/wp-content\/uploads\/2021\/05\/P2630100-junge-eichho\u0308rnchen-fenchel-goji-haselnussbox-super-150x150.avif\" class=\"attachment-thumbnail size-thumbnail\" alt=\"Auf dem Balkon ist der Anbau von Goji-Beeren m\u00f6glich - im gro\u00dfen Pflanzgef\u00e4\u00df.\" decoding=\"async\" loading=\"lazy\"><\/a>\n\t\t\t<\/div><\/figure><figure class=\"gallery-item\">\n\t\t\t<div class=\"gallery-icon portrait\">\n\t\t\t\t<a data-elementor-open-lightbox=\"yes\" data-elementor-lightbox-slideshow=\"7ba7592\" data-e-action-hash=\"#elementor-action%3Aaction%3Dlightbox%26settings%3DeyJpZCI6MzAwOTgsInVybCI6Imh0dHBzOlwvXC9iaW8tYmFsa29uLmRlXC93cC1jb250ZW50XC91cGxvYWRzXC8yMDIxXC8wNVwvUDI2NDA2OTEtanVuZ2UtZWljaGhvXHUwMzA4cm5jaGVuLWZlbmNoZWwtZ29qaS0uYXZpZiIsInNsaWRlc2hvdyI6IjdiYTc1OTIifQ%3D%3D\" href=\"https:\/\/bio-balkon.de\/wp-content\/uploads\/2021\/05\/P2640691-junge-eichho\u0308rnchen-fenchel-goji-.avif\"><img width=\"150\" height=\"150\" src=\"https:\/\/bio-balkon.de\/wp-content\/uploads\/2021\/05\/P2640691-junge-eichho\u0308rnchen-fenchel-goji--150x150.avif\" class=\"attachment-thumbnail size-thumbnail\" alt decoding=\"async\" loading=\"lazy\"><\/a>\n\t\t\t<\/div><\/figure><figure class=\"gallery-item\">\n\t\t\t<div class=\"gallery-icon portrait\">\n\t\t\t\t<a data-elementor-open-lightbox=\"yes\" data-elementor-lightbox-slideshow=\"7ba7592\" data-e-action-hash=\"#elementor-action%3Aaction%3Dlightbox%26settings%3DeyJpZCI6MzAwODcsInVybCI6Imh0dHBzOlwvXC9iaW8tYmFsa29uLmRlXC93cC1jb250ZW50XC91cGxvYWRzXC8yMDIxXC8wNVwvUDI1OTA1MTEtanVuZ2UtZWljaGhvXHUwMzA4cm5jaGVuLWdvamktZmVuY2hlbC5hdmlmIiwic2xpZGVzaG93IjoiN2JhNzU5MiJ9\" href=\"https:\/\/bio-balkon.de\/wp-content\/uploads\/2021\/05\/P2590511-junge-eichho\u0308rnchen-goji-fenchel.avif\"><img width=\"150\" height=\"150\" src=\"https:\/\/bio-balkon.de\/wp-content\/uploads\/2021\/05\/P2590511-junge-eichho\u0308rnchen-goji-fenchel-150x150.avif\" class=\"attachment-thumbnail size-thumbnail\" alt decoding=\"async\" loading=\"lazy\"><\/a>\n\t\t\t<\/div><\/figure><figure class=\"gallery-item\">\n\t\t\t<div class=\"gallery-icon portrait\">\n\t\t\t\t<a data-elementor-open-lightbox=\"yes\" data-elementor-lightbox-slideshow=\"7ba7592\" data-e-action-hash=\"#elementor-action%3Aaction%3Dlightbox%26settings%3DeyJpZCI6MzAwODksInVybCI6Imh0dHBzOlwvXC9iaW8tYmFsa29uLmRlXC93cC1jb250ZW50XC91cGxvYWRzXC8yMDIxXC8wNVwvUDI1OTA5MzctanVuZ2UtZWljaGhvXHUwMzA4cm5jaGVuLWdvamktd2ViaW5hci1mdXR0ZXJoYXVzLW51XHUwMzA4c3NlLWZlbmNoZWwtc3VwZXIuYXZpZiIsInNsaWRlc2hvdyI6IjdiYTc1OTIifQ%3D%3D\" href=\"https:\/\/bio-balkon.de\/wp-content\/uploads\/2021\/05\/P2590937-junge-eichho\u0308rnchen-goji-webinar-futterhaus-nu\u0308sse-fenchel-super.avif\"><img width=\"150\" height=\"150\" src=\"https:\/\/bio-balkon.de\/wp-content\/uploads\/2021\/05\/P2590937-junge-eichho\u0308rnchen-goji-webinar-futterhaus-nu\u0308sse-fenchel-super-150x150.avif\" class=\"attachment-thumbnail size-thumbnail\" alt decoding=\"async\" loading=\"lazy\"><\/a>\n\t\t\t<\/div><\/figure>\n\t\t<\/div>\n\t\t<\/div>\n\t\t\t\t\t\t<\/div>\n\t\t\t\t<div class=\"elementor-element elementor-element-21dc8ef elementor-widget elementor-widget-text-editor\" data-id=\"21dc8ef\" data-element_type=\"widget\" data-e-type=\"widget\" data-widget_type=\"text-editor.default\">\n\t\t\t\t\t\t\t\t\t<p>Trotz Eich\u00adh\u00f6rn\u00adchen sind es immer eini\u00adge lecke\u00adre gesun\u00adde Bee\u00adren gewor\u00adden. Ich lie\u00adbe die Sch\u00f6n\u00adheit der Bl\u00e4t\u00adter, die Zart\u00adheit der Bl\u00fc\u00adten, die leuch\u00adten\u00adde flam\u00admen\u00adde Far\u00adbe der Bee\u00adren und den s\u00fc\u00dfen Geschmack der Bee\u00adren.<\/p>\t\t\t\t\t\t\t\t<\/div>\n\t\t\t\t<div class=\"elementor-element elementor-element-723ebb3 elementor-widget elementor-widget-image-gallery\" data-id=\"723ebb3\" data-element_type=\"widget\" data-e-type=\"widget\" data-widget_type=\"image-gallery.default\">\n\t\t\t\t\t\t\t<div class=\"elementor-image-gallery\">\n\t\t\t<div id=\"gallery-4\" class=\"gallery galleryid-30022 gallery-columns-4 gallery-size-thumbnail\"><figure class=\"gallery-item\">\n\t\t\t<div class=\"gallery-icon landscape\">\n\t\t\t\t<a data-elementor-open-lightbox=\"yes\" data-elementor-lightbox-slideshow=\"723ebb3\" data-e-action-hash=\"#elementor-action%3Aaction%3Dlightbox%26settings%3DeyJpZCI6MzAwNzcsInVybCI6Imh0dHBzOlwvXC9iaW8tYmFsa29uLmRlXC93cC1jb250ZW50XC91cGxvYWRzXC8yMDIxXC8wNVwvUDEzNTA1ODQtaGVyYnN0LXBoeXNhbGlzLWdvamkuYXZpZiIsInNsaWRlc2hvdyI6IjcyM2ViYjMifQ%3D%3D\" href=\"https:\/\/bio-balkon.de\/wp-content\/uploads\/2021\/05\/P1350584-herbst-physalis-goji.avif\"><img width=\"150\" height=\"150\" src=\"https:\/\/bio-balkon.de\/wp-content\/uploads\/2021\/05\/P1350584-herbst-physalis-goji-150x150.avif\" class=\"attachment-thumbnail size-thumbnail\" alt decoding=\"async\" loading=\"lazy\"><\/a>\n\t\t\t<\/div><\/figure><figure class=\"gallery-item\">\n\t\t\t<div class=\"gallery-icon portrait\">\n\t\t\t\t<a data-elementor-open-lightbox=\"yes\" data-elementor-lightbox-slideshow=\"723ebb3\" data-e-action-hash=\"#elementor-action%3Aaction%3Dlightbox%26settings%3DeyJpZCI6MzAwNzYsInVybCI6Imh0dHBzOlwvXC9iaW8tYmFsa29uLmRlXC93cC1jb250ZW50XC91cGxvYWRzXC8yMDIxXC8wNVwvUDEzNTAyNDEtZ29qaS16aW1iZWxrcmF1dC5hdmlmIiwic2xpZGVzaG93IjoiNzIzZWJiMyJ9\" href=\"https:\/\/bio-balkon.de\/wp-content\/uploads\/2021\/05\/P1350241-goji-zimbelkraut.avif\"><img width=\"150\" height=\"150\" src=\"https:\/\/bio-balkon.de\/wp-content\/uploads\/2021\/05\/P1350241-goji-zimbelkraut-150x150.avif\" class=\"attachment-thumbnail size-thumbnail\" alt decoding=\"async\" loading=\"lazy\"><\/a>\n\t\t\t<\/div><\/figure><figure class=\"gallery-item\">\n\t\t\t<div class=\"gallery-icon portrait\">\n\t\t\t\t<a data-elementor-open-lightbox=\"yes\" data-elementor-lightbox-slideshow=\"723ebb3\" data-e-action-hash=\"#elementor-action%3Aaction%3Dlightbox%26settings%3DeyJpZCI6MzAwNzMsInVybCI6Imh0dHBzOlwvXC9iaW8tYmFsa29uLmRlXC93cC1jb250ZW50XC91cGxvYWRzXC8yMDIxXC8wNVwvUDEzNDAwODQtZ29qaWJlZXJlLXppbWJlbGtyYXV0LmF2aWYiLCJzbGlkZXNob3ciOiI3MjNlYmIzIn0%3D\" href=\"https:\/\/bio-balkon.de\/wp-content\/uploads\/2021\/05\/P1340084-gojibeere-zimbelkraut.avif\"><img width=\"150\" height=\"150\" src=\"https:\/\/bio-balkon.de\/wp-content\/uploads\/2021\/05\/P1340084-gojibeere-zimbelkraut-150x150.avif\" class=\"attachment-thumbnail size-thumbnail\" alt decoding=\"async\" loading=\"lazy\"><\/a>\n\t\t\t<\/div><\/figure><figure class=\"gallery-item\">\n\t\t\t<div class=\"gallery-icon landscape\">\n\t\t\t\t<a data-elementor-open-lightbox=\"yes\" data-elementor-lightbox-slideshow=\"723ebb3\" data-e-action-hash=\"#elementor-action%3Aaction%3Dlightbox%26settings%3DeyJpZCI6MzAwNzEsInVybCI6Imh0dHBzOlwvXC9iaW8tYmFsa29uLmRlXC93cC1jb250ZW50XC91cGxvYWRzXC8yMDIxXC8wNVwvUDEzNTA2MTItZ29qaS1waHlzYWxpcy5hdmlmIiwic2xpZGVzaG93IjoiNzIzZWJiMyJ9\" href=\"https:\/\/bio-balkon.de\/wp-content\/uploads\/2021\/05\/P1350612-goji-physalis.avif\"><img width=\"150\" height=\"150\" src=\"https:\/\/bio-balkon.de\/wp-content\/uploads\/2021\/05\/P1350612-goji-physalis-150x150.avif\" class=\"attachment-thumbnail size-thumbnail\" alt decoding=\"async\" loading=\"lazy\"><\/a>\n\t\t\t<\/div><\/figure>\n\t\t<\/div>\n\t\t<\/div>\n\t\t\t\t\t\t<\/div>\n\t\t\t\t<div class=\"elementor-element elementor-element-f0e81eb elementor-widget elementor-widget-text-editor\" data-id=\"f0e81eb\" data-element_type=\"widget\" data-e-type=\"widget\" data-widget_type=\"text-editor.default\">\n\t\t\t\t\t\t\t\t\t<p>Die Goji\u00adbee\u00adren sind Bestand\u00adteil des Bal\u00adkon-Dschun\u00adgels, was mein Sohn und ich so sehr m\u00f6gen. Die vie\u00adlen tie\u00adri\u00adschen Besu\u00adcher eben\u00adso.<\/p>\t\t\t\t\t\t\t\t<\/div>\n\t\t\t\t<div class=\"elementor-element elementor-element-415a309 elementor-widget elementor-widget-image-gallery\" data-id=\"415a309\" data-element_type=\"widget\" data-e-type=\"widget\" data-widget_type=\"image-gallery.default\">\n\t\t\t\t\t\t\t<div class=\"elementor-image-gallery\">\n\t\t\t<div id=\"gallery-5\" class=\"gallery galleryid-30022 gallery-columns-4 gallery-size-thumbnail\"><figure class=\"gallery-item\">\n\t\t\t<div class=\"gallery-icon portrait\">\n\t\t\t\t<a data-elementor-open-lightbox=\"yes\" data-elementor-lightbox-slideshow=\"415a309\" data-e-action-hash=\"#elementor-action%3Aaction%3Dlightbox%26settings%3DeyJpZCI6MzAxMDYsInVybCI6Imh0dHBzOlwvXC9iaW8tYmFsa29uLmRlXC93cC1jb250ZW50XC91cGxvYWRzXC8yMDIxXC8wNVwvOTAtUDEzNDA0OTgtRHNjaHVuZ2VsLVdpbGRlLU1hbHZlLVppbWJlbGtyYXV0LVNhXHUwMzA4dWxlbmFwZmVsLUJyZW5ubmVzc2VsLVRvbWF0ZS1QaHlzYWxpcy1Hb2ppLXNjYWxlZC5hdmlmIiwic2xpZGVzaG93IjoiNDE1YTMwOSJ9\" href=\"https:\/\/bio-balkon.de\/wp-content\/uploads\/2021\/05\/90-P1340498-Dschungel-Wilde-Malve-Zimbelkraut-Sa\u0308ulenapfel-Brennnessel-Tomate-Physalis-Goji-scaled.avif\"><img width=\"150\" height=\"150\" src=\"https:\/\/bio-balkon.de\/wp-content\/uploads\/2021\/05\/90-P1340498-Dschungel-Wilde-Malve-Zimbelkraut-Sa\u0308ulenapfel-Brennnessel-Tomate-Physalis-Goji-150x150.avif\" class=\"attachment-thumbnail size-thumbnail\" alt decoding=\"async\" loading=\"lazy\"><\/a>\n\t\t\t<\/div><\/figure><figure class=\"gallery-item\">\n\t\t\t<div class=\"gallery-icon portrait\">\n\t\t\t\t<a data-elementor-open-lightbox=\"yes\" data-elementor-lightbox-slideshow=\"415a309\" data-e-action-hash=\"#elementor-action%3Aaction%3Dlightbox%26settings%3DeyJpZCI6MzAxMTcsInVybCI6Imh0dHBzOlwvXC9iaW8tYmFsa29uLmRlXC93cC1jb250ZW50XC91cGxvYWRzXC8yMDIxXC8wNVwvUDI2MzAxMDgtanVuZ2UtZWljaGhvXHUwMzA4cm5jaGVuLWJyZW5ubmVzc2VsLWJsdVx1MDMwOGh0LWdvamktc3VwZXIuYXZpZiIsInNsaWRlc2hvdyI6IjQxNWEzMDkifQ%3D%3D\" href=\"https:\/\/bio-balkon.de\/wp-content\/uploads\/2021\/05\/P2630108-junge-eichho\u0308rnchen-brennnessel-blu\u0308ht-goji-super.avif\"><img width=\"150\" height=\"150\" src=\"https:\/\/bio-balkon.de\/wp-content\/uploads\/2021\/05\/P2630108-junge-eichho\u0308rnchen-brennnessel-blu\u0308ht-goji-super-150x150.avif\" class=\"attachment-thumbnail size-thumbnail\" alt decoding=\"async\" loading=\"lazy\"><\/a>\n\t\t\t<\/div><\/figure><figure class=\"gallery-item\">\n\t\t\t<div class=\"gallery-icon landscape\">\n\t\t\t\t<a data-elementor-open-lightbox=\"yes\" data-elementor-lightbox-slideshow=\"415a309\" data-e-action-hash=\"#elementor-action%3Aaction%3Dlightbox%26settings%3DeyJpZCI6MzAxMTksInVybCI6Imh0dHBzOlwvXC9iaW8tYmFsa29uLmRlXC93cC1jb250ZW50XC91cGxvYWRzXC8yMDIxXC8wNVwvUDI2NDA4NzctYmxhdW1laXNlLXNvbW1lcmZsaWVkZXItZ29qaXUtYXBmZWwtMS1zY2FsZWQuYXZpZiIsInNsaWRlc2hvdyI6IjQxNWEzMDkifQ%3D%3D\" href=\"https:\/\/bio-balkon.de\/wp-content\/uploads\/2021\/05\/P2640877-blaumeise-sommerflieder-gojiu-apfel-1-scaled.avif\"><img width=\"150\" height=\"150\" src=\"https:\/\/bio-balkon.de\/wp-content\/uploads\/2021\/05\/P2640877-blaumeise-sommerflieder-gojiu-apfel-1-150x150.avif\" class=\"attachment-thumbnail size-thumbnail\" alt decoding=\"async\" loading=\"lazy\"><\/a>\n\t\t\t<\/div><\/figure><figure class=\"gallery-item\">\n\t\t\t<div class=\"gallery-icon landscape\">\n\t\t\t\t<a data-elementor-open-lightbox=\"yes\" data-elementor-lightbox-slideshow=\"415a309\" data-e-action-hash=\"#elementor-action%3Aaction%3Dlightbox%26settings%3DeyJpZCI6MzAxMDUsInVybCI6Imh0dHBzOlwvXC9iaW8tYmFsa29uLmRlXC93cC1jb250ZW50XC91cGxvYWRzXC8yMDIxXC8wNVwvMTctUDExNzA3MjgtZWljaGhvXHUwMzA4cm5jaGVuLWtuYXV0c2Nob2hyLXN0YW1tLWdydVx1MDMwOG5rb2hsLWt1XHUwMzA4cmJpcy1ibHVcdTAzMDhodC1nb2ppLXRvbWF0ZS1icmVubm5lc3NlbC10cmlua3QtdHJhXHUwMzA4bmtlLWVpLWtvbnJhZC1zY2FsZWQuYXZpZiIsInNsaWRlc2hvdyI6IjQxNWEzMDkifQ%3D%3D\" href=\"https:\/\/bio-balkon.de\/wp-content\/uploads\/2021\/05\/17-P1170728-eichho\u0308rnchen-knautschohr-stamm-gru\u0308nkohl-ku\u0308rbis-blu\u0308ht-goji-tomate-brennnessel-trinkt-tra\u0308nke-ei-konrad-scaled.avif\"><img width=\"150\" height=\"150\" src=\"https:\/\/bio-balkon.de\/wp-content\/uploads\/2021\/05\/17-P1170728-eichho\u0308rnchen-knautschohr-stamm-gru\u0308nkohl-ku\u0308rbis-blu\u0308ht-goji-tomate-brennnessel-trinkt-tra\u0308nke-ei-konrad-150x150.avif\" class=\"attachment-thumbnail size-thumbnail\" alt decoding=\"async\" loading=\"lazy\"><\/a>\n\t\t\t<\/div><\/figure>\n\t\t<\/div>\n\t\t<\/div>\n\t\t\t\t\t\t<\/div>\n\t\t\t\t<div class=\"elementor-element elementor-element-f4ca4eb elementor-widget elementor-widget-image-gallery\" data-id=\"f4ca4eb\" data-element_type=\"widget\" data-e-type=\"widget\" data-widget_type=\"image-gallery.default\">\n\t\t\t\t\t\t\t<div class=\"elementor-image-gallery\">\n\t\t\t<div id=\"gallery-6\" class=\"gallery galleryid-30022 gallery-columns-4 gallery-size-thumbnail\"><figure class=\"gallery-item\">\n\t\t\t<div class=\"gallery-icon landscape\">\n\t\t\t\t<a data-elementor-open-lightbox=\"yes\" data-elementor-lightbox-slideshow=\"f4ca4eb\" data-e-action-hash=\"#elementor-action%3Aaction%3Dlightbox%26settings%3DeyJpZCI6MzAxMDcsInVybCI6Imh0dHBzOlwvXC9iaW8tYmFsa29uLmRlXC93cC1jb250ZW50XC91cGxvYWRzXC8yMDIxXC8wNVwvUDExOTA0NDktc3Blcmxpbmctc3BlcmxpbmdzYmFuZGUtc29ubmVuYmx1bWUtZ29qaS1mZW5jaGVsLWhlcmF1c3N0ZWhlbmRlLWFcdTAzMDhzdGUtc3VwZXItc2NhbGVkLmF2aWYiLCJzbGlkZXNob3ciOiJmNGNhNGViIn0%3D\" href=\"https:\/\/bio-balkon.de\/wp-content\/uploads\/2021\/05\/P1190449-sperling-sperlingsbande-sonnenblume-goji-fenchel-herausstehende-a\u0308ste-super-scaled.avif\"><img width=\"150\" height=\"150\" src=\"https:\/\/bio-balkon.de\/wp-content\/uploads\/2021\/05\/P1190449-sperling-sperlingsbande-sonnenblume-goji-fenchel-herausstehende-a\u0308ste-super-150x150.avif\" class=\"attachment-thumbnail size-thumbnail\" alt=\"House sparrows like to use high branches on the balcony\" decoding=\"async\" loading=\"lazy\"><\/a>\n\t\t\t<\/div><\/figure><figure class=\"gallery-item\">\n\t\t\t<div class=\"gallery-icon portrait\">\n\t\t\t\t<a data-elementor-open-lightbox=\"yes\" data-elementor-lightbox-slideshow=\"f4ca4eb\" data-e-action-hash=\"#elementor-action%3Aaction%3Dlightbox%26settings%3DeyJpZCI6MzAxMTYsInVybCI6Imh0dHBzOlwvXC9iaW8tYmFsa29uLmRlXC93cC1jb250ZW50XC91cGxvYWRzXC8yMDIxXC8wNVwvUDEzNjA2Mzctc3Blcmxpbmctc3BlcmxpbmdzYmFuZGUtdm9yamFcdTAzMDhocmlnZXItZ3J1XHUwMzA4bmtvaGwtZ29qaS16aW1tZXJrbm9ibGF1Y2gtc2NhbGVkLmF2aWYiLCJzbGlkZXNob3ciOiJmNGNhNGViIn0%3D\" href=\"https:\/\/bio-balkon.de\/wp-content\/uploads\/2021\/05\/P1360637-sperling-sperlingsbande-vorja\u0308hriger-gru\u0308nkohl-goji-zimmerknoblauch-scaled.avif\"><img width=\"150\" height=\"150\" src=\"https:\/\/bio-balkon.de\/wp-content\/uploads\/2021\/05\/P1360637-sperling-sperlingsbande-vorja\u0308hriger-gru\u0308nkohl-goji-zimmerknoblauch-150x150.avif\" class=\"attachment-thumbnail size-thumbnail\" alt decoding=\"async\" loading=\"lazy\"><\/a>\n\t\t\t<\/div><\/figure><figure class=\"gallery-item\">\n\t\t\t<div class=\"gallery-icon portrait\">\n\t\t\t\t<a data-elementor-open-lightbox=\"yes\" data-elementor-lightbox-slideshow=\"f4ca4eb\" data-e-action-hash=\"#elementor-action%3Aaction%3Dlightbox%26settings%3DeyJpZCI6MzAxMDgsInVybCI6Imh0dHBzOlwvXC9iaW8tYmFsa29uLmRlXC93cC1jb250ZW50XC91cGxvYWRzXC8yMDIxXC8wNVwvUDExOTA1NDEtc3BlcmxpbmctYVx1MDMwOHN0bGluZy1zb25uZW5ibHVtZS1nb2ppLWZlbmNoZWwtaGVyYXVzc3RlaGVuZGUtYVx1MDMwOHN0ZS1mdVx1MDMwOHR0ZXJ1bmctanVuZ2UtZnVcdTAzMDh0dGVybi1zY2FsZWQuYXZpZiIsInNsaWRlc2hvdyI6ImY0Y2E0ZWIifQ%3D%3D\" href=\"https:\/\/bio-balkon.de\/wp-content\/uploads\/2021\/05\/P1190541-sperling-a\u0308stling-sonnenblume-goji-fenchel-herausstehende-a\u0308ste-fu\u0308tterung-junge-fu\u0308ttern-scaled.avif\"><img width=\"150\" height=\"150\" src=\"https:\/\/bio-balkon.de\/wp-content\/uploads\/2021\/05\/P1190541-sperling-a\u0308stling-sonnenblume-goji-fenchel-herausstehende-a\u0308ste-fu\u0308tterung-junge-fu\u0308ttern-150x150.avif\" class=\"attachment-thumbnail size-thumbnail\" alt decoding=\"async\" loading=\"lazy\"><\/a>\n\t\t\t<\/div><\/figure><figure class=\"gallery-item\">\n\t\t\t<div class=\"gallery-icon landscape\">\n\t\t\t\t<a data-elementor-open-lightbox=\"yes\" data-elementor-lightbox-slideshow=\"f4ca4eb\" data-e-action-hash=\"#elementor-action%3Aaction%3Dlightbox%26settings%3DeyJpZCI6MzAwOTUsInVybCI6Imh0dHBzOlwvXC9iaW8tYmFsa29uLmRlXC93cC1jb250ZW50XC91cGxvYWRzXC8yMDIxXC8wNVwvUDI2NDAxMDEtcmluZ2VsdGF1YmUtZ29qaS1ydW1zY2hpYnVtc2NoaS10b21hdGUtc3VwZXIuYXZpZiIsInNsaWRlc2hvdyI6ImY0Y2E0ZWIifQ%3D%3D\" href=\"https:\/\/bio-balkon.de\/wp-content\/uploads\/2021\/05\/P2640101-ringeltaube-goji-rumschibumschi-tomate-super.avif\"><img width=\"150\" height=\"150\" src=\"https:\/\/bio-balkon.de\/wp-content\/uploads\/2021\/05\/P2640101-ringeltaube-goji-rumschibumschi-tomate-super-150x150.avif\" class=\"attachment-thumbnail size-thumbnail\" alt decoding=\"async\" loading=\"lazy\"><\/a>\n\t\t\t<\/div><\/figure>\n\t\t<\/div>\n\t\t<\/div>\n\t\t\t\t\t\t<\/div>\n\t\t\t\t<div class=\"elementor-element elementor-element-49a5f8f elementor-widget elementor-widget-image-gallery\" data-id=\"49a5f8f\" data-element_type=\"widget\" data-e-type=\"widget\" data-widget_type=\"image-gallery.default\">\n\t\t\t\t\t\t\t<div class=\"elementor-image-gallery\">\n\t\t\t<div id=\"gallery-7\" class=\"gallery galleryid-30022 gallery-columns-4 gallery-size-thumbnail\"><figure class=\"gallery-item\">\n\t\t\t<div class=\"gallery-icon landscape\">\n\t\t\t\t<a data-elementor-open-lightbox=\"yes\" data-elementor-lightbox-slideshow=\"49a5f8f\" data-e-action-hash=\"#elementor-action%3Aaction%3Dlightbox%26settings%3DeyJpZCI6MzAxMTQsInVybCI6Imh0dHBzOlwvXC9iaW8tYmFsa29uLmRlXC93cC1jb250ZW50XC91cGxvYWRzXC8yMDIxXC8wNVwvUDEzNjA2MTMtZWljaGhvXHUwMzA4cm5jaGVuLWtuYXV0c2Nob2hyLWZyaXNzdC1nb2ppLXdpbGRlLU1hbHZlLXppbWJlbGtyYXV0LWt1XHUwMzA4cmJpcy1icmVubm5lc3NlbC10aXRlbC1zY2FsZWQuYXZpZiIsInNsaWRlc2hvdyI6IjQ5YTVmOGYifQ%3D%3D\" href=\"https:\/\/bio-balkon.de\/wp-content\/uploads\/2021\/05\/P1360613-eichho\u0308rnchen-knautschohr-frisst-goji-wilde-Malve-zimbelkraut-ku\u0308rbis-brennnessel-titel-scaled.avif\"><img width=\"150\" height=\"150\" src=\"https:\/\/bio-balkon.de\/wp-content\/uploads\/2021\/05\/P1360613-eichho\u0308rnchen-knautschohr-frisst-goji-wilde-Malve-zimbelkraut-ku\u0308rbis-brennnessel-titel-150x150.avif\" class=\"attachment-thumbnail size-thumbnail\" alt decoding=\"async\" loading=\"lazy\"><\/a>\n\t\t\t<\/div><\/figure><figure class=\"gallery-item\">\n\t\t\t<div class=\"gallery-icon portrait\">\n\t\t\t\t<a data-elementor-open-lightbox=\"yes\" data-elementor-lightbox-slideshow=\"49a5f8f\" data-e-action-hash=\"#elementor-action%3Aaction%3Dlightbox%26settings%3DeyJpZCI6MzAxMTcsInVybCI6Imh0dHBzOlwvXC9iaW8tYmFsa29uLmRlXC93cC1jb250ZW50XC91cGxvYWRzXC8yMDIxXC8wNVwvUDI2MzAxMDgtanVuZ2UtZWljaGhvXHUwMzA4cm5jaGVuLWJyZW5ubmVzc2VsLWJsdVx1MDMwOGh0LWdvamktc3VwZXIuYXZpZiIsInNsaWRlc2hvdyI6IjQ5YTVmOGYifQ%3D%3D\" href=\"https:\/\/bio-balkon.de\/wp-content\/uploads\/2021\/05\/P2630108-junge-eichho\u0308rnchen-brennnessel-blu\u0308ht-goji-super.avif\"><img width=\"150\" height=\"150\" src=\"https:\/\/bio-balkon.de\/wp-content\/uploads\/2021\/05\/P2630108-junge-eichho\u0308rnchen-brennnessel-blu\u0308ht-goji-super-150x150.avif\" class=\"attachment-thumbnail size-thumbnail\" alt decoding=\"async\" loading=\"lazy\"><\/a>\n\t\t\t<\/div><\/figure><figure class=\"gallery-item\">\n\t\t\t<div class=\"gallery-icon portrait\">\n\t\t\t\t<a data-elementor-open-lightbox=\"yes\" data-elementor-lightbox-slideshow=\"49a5f8f\" data-e-action-hash=\"#elementor-action%3Aaction%3Dlightbox%26settings%3DeyJpZCI6MzAxMTIsInVybCI6Imh0dHBzOlwvXC9iaW8tYmFsa29uLmRlXC93cC1jb250ZW50XC91cGxvYWRzXC8yMDIxXC8wNVwvUDEzMTA0NDYtZWljaGhvXHUwMzA4cm5jaGVuLWtuYXV0c2Nob2hyLXdpbGRlLW1hbHZlLWdvamktYnJlbm5uZXNzZWwtdHJhXHUwMzA4bmtlLXNjYWxlZC5hdmlmIiwic2xpZGVzaG93IjoiNDlhNWY4ZiJ9\" href=\"https:\/\/bio-balkon.de\/wp-content\/uploads\/2021\/05\/P1310446-eichho\u0308rnchen-knautschohr-wilde-malve-goji-brennnessel-tra\u0308nke-scaled.avif\"><img width=\"150\" height=\"150\" src=\"https:\/\/bio-balkon.de\/wp-content\/uploads\/2021\/05\/P1310446-eichho\u0308rnchen-knautschohr-wilde-malve-goji-brennnessel-tra\u0308nke-150x150.avif\" class=\"attachment-thumbnail size-thumbnail\" alt decoding=\"async\" loading=\"lazy\"><\/a>\n\t\t\t<\/div><\/figure><figure class=\"gallery-item\">\n\t\t\t<div class=\"gallery-icon portrait\">\n\t\t\t\t<a data-elementor-open-lightbox=\"yes\" data-elementor-lightbox-slideshow=\"49a5f8f\" data-e-action-hash=\"#elementor-action%3Aaction%3Dlightbox%26settings%3DeyJpZCI6MzAwOTcsInVybCI6Imh0dHBzOlwvXC9iaW8tYmFsa29uLmRlXC93cC1jb250ZW50XC91cGxvYWRzXC8yMDIxXC8wNVwvUDI2NDA2ODgtanVuZ2UtZWljaGhvXHUwMzA4cm5jaGVuLWZlbmNoZWwtZ29qaS0uYXZpZiIsInNsaWRlc2hvdyI6IjQ5YTVmOGYifQ%3D%3D\" href=\"https:\/\/bio-balkon.de\/wp-content\/uploads\/2021\/05\/P2640688-junge-eichho\u0308rnchen-fenchel-goji-.avif\"><img width=\"150\" height=\"150\" src=\"https:\/\/bio-balkon.de\/wp-content\/uploads\/2021\/05\/P2640688-junge-eichho\u0308rnchen-fenchel-goji--150x150.avif\" class=\"attachment-thumbnail size-thumbnail\" alt decoding=\"async\" loading=\"lazy\"><\/a>\n\t\t\t<\/div><\/figure>\n\t\t<\/div>\n\t\t<\/div>\n\t\t\t\t\t\t<\/div>\n\t\t\t\t<div class=\"elementor-element elementor-element-e79dbc9 elementor-widget elementor-widget-image-gallery\" data-id=\"e79dbc9\" data-element_type=\"widget\" data-e-type=\"widget\" data-widget_type=\"image-gallery.default\">\n\t\t\t\t\t\t\t<div class=\"elementor-image-gallery\">\n\t\t\t<div id=\"gallery-8\" class=\"gallery galleryid-30022 gallery-columns-4 gallery-size-thumbnail\"><figure class=\"gallery-item\">\n\t\t\t<div class=\"gallery-icon portrait\">\n\t\t\t\t<a data-elementor-open-lightbox=\"yes\" data-elementor-lightbox-slideshow=\"e79dbc9\" data-e-action-hash=\"#elementor-action%3Aaction%3Dlightbox%26settings%3DeyJpZCI6MzAxMTMsInVybCI6Imh0dHBzOlwvXC9iaW8tYmFsa29uLmRlXC93cC1jb250ZW50XC91cGxvYWRzXC8yMDIxXC8wNVwvUDEzMTAzNzktZWljaGhvXHUwMzA4cm5jaGVuLWtuYXV0c2Nob2hyLXdpbGRlLW1hbHZlLXRvbWF0ZS1nb2ppLWZlbmNoZWwtYnJlbm5uZXNzZWwtYXBmZWwtdHJhXHUwMzA4bmtlLXNjYWxlZC5hdmlmIiwic2xpZGVzaG93IjoiZTc5ZGJjOSJ9\" href=\"https:\/\/bio-balkon.de\/wp-content\/uploads\/2021\/05\/P1310379-eichho\u0308rnchen-knautschohr-wilde-malve-tomate-goji-fenchel-brennnessel-apfel-tra\u0308nke-scaled.avif\"><img width=\"150\" height=\"150\" src=\"https:\/\/bio-balkon.de\/wp-content\/uploads\/2021\/05\/P1310379-eichho\u0308rnchen-knautschohr-wilde-malve-tomate-goji-fenchel-brennnessel-apfel-tra\u0308nke-150x150.avif\" class=\"attachment-thumbnail size-thumbnail\" alt decoding=\"async\" loading=\"lazy\"><\/a>\n\t\t\t<\/div><\/figure><figure class=\"gallery-item\">\n\t\t\t<div class=\"gallery-icon landscape\">\n\t\t\t\t<a data-elementor-open-lightbox=\"yes\" data-elementor-lightbox-slideshow=\"e79dbc9\" data-e-action-hash=\"#elementor-action%3Aaction%3Dlightbox%26settings%3DeyJpZCI6MzAxMTEsInVybCI6Imh0dHBzOlwvXC9iaW8tYmFsa29uLmRlXC93cC1jb250ZW50XC91cGxvYWRzXC8yMDIxXC8wNVwvUDEyNjAxOTItZ29qaS10cmFcdTAzMDhua2Utd2VzcGUtc2NhbGVkLmF2aWYiLCJzbGlkZXNob3ciOiJlNzlkYmM5In0%3D\" href=\"https:\/\/bio-balkon.de\/wp-content\/uploads\/2021\/05\/P1260192-goji-tra\u0308nke-wespe-scaled.avif\"><img width=\"150\" height=\"150\" src=\"https:\/\/bio-balkon.de\/wp-content\/uploads\/2021\/05\/P1260192-goji-tra\u0308nke-wespe-150x150.avif\" class=\"attachment-thumbnail size-thumbnail\" alt decoding=\"async\" loading=\"lazy\"><\/a>\n\t\t\t<\/div><\/figure><figure class=\"gallery-item\">\n\t\t\t<div class=\"gallery-icon landscape\">\n\t\t\t\t<a data-elementor-open-lightbox=\"yes\" data-elementor-lightbox-slideshow=\"e79dbc9\" data-e-action-hash=\"#elementor-action%3Aaction%3Dlightbox%26settings%3DeyJpZCI6MzAxMDUsInVybCI6Imh0dHBzOlwvXC9iaW8tYmFsa29uLmRlXC93cC1jb250ZW50XC91cGxvYWRzXC8yMDIxXC8wNVwvMTctUDExNzA3MjgtZWljaGhvXHUwMzA4cm5jaGVuLWtuYXV0c2Nob2hyLXN0YW1tLWdydVx1MDMwOG5rb2hsLWt1XHUwMzA4cmJpcy1ibHVcdTAzMDhodC1nb2ppLXRvbWF0ZS1icmVubm5lc3NlbC10cmlua3QtdHJhXHUwMzA4bmtlLWVpLWtvbnJhZC1zY2FsZWQuYXZpZiIsInNsaWRlc2hvdyI6ImU3OWRiYzkifQ%3D%3D\" href=\"https:\/\/bio-balkon.de\/wp-content\/uploads\/2021\/05\/17-P1170728-eichho\u0308rnchen-knautschohr-stamm-gru\u0308nkohl-ku\u0308rbis-blu\u0308ht-goji-tomate-brennnessel-trinkt-tra\u0308nke-ei-konrad-scaled.avif\"><img width=\"150\" height=\"150\" src=\"https:\/\/bio-balkon.de\/wp-content\/uploads\/2021\/05\/17-P1170728-eichho\u0308rnchen-knautschohr-stamm-gru\u0308nkohl-ku\u0308rbis-blu\u0308ht-goji-tomate-brennnessel-trinkt-tra\u0308nke-ei-konrad-150x150.avif\" class=\"attachment-thumbnail size-thumbnail\" alt decoding=\"async\" loading=\"lazy\"><\/a>\n\t\t\t<\/div><\/figure><figure class=\"gallery-item\">\n\t\t\t<div class=\"gallery-icon landscape\">\n\t\t\t\t<a data-elementor-open-lightbox=\"yes\" data-elementor-lightbox-slideshow=\"e79dbc9\" data-e-action-hash=\"#elementor-action%3Aaction%3Dlightbox%26settings%3DeyJpZCI6MzAwOTQsInVybCI6Imh0dHBzOlwvXC9iaW8tYmFsa29uLmRlXC93cC1jb250ZW50XC91cGxvYWRzXC8yMDIxXC8wNVwvUDI2MzA4OTcta29obG1laXNlLXp3ZWktQmFzaWxpa3VtLXdlaXplbi1nb2ppLXN1cGVyLmF2aWYiLCJzbGlkZXNob3ciOiJlNzlkYmM5In0%3D\" href=\"https:\/\/bio-balkon.de\/wp-content\/uploads\/2021\/05\/P2630897-kohlmeise-zwei-Basilikum-weizen-goji-super.avif\"><img width=\"150\" height=\"150\" src=\"https:\/\/bio-balkon.de\/wp-content\/uploads\/2021\/05\/P2630897-kohlmeise-zwei-Basilikum-weizen-goji-super-150x150.avif\" class=\"attachment-thumbnail size-thumbnail\" alt decoding=\"async\" loading=\"lazy\"><\/a>\n\t\t\t<\/div><\/figure>\n\t\t<\/div>\n\t\t<\/div>\n\t\t\t\t\t\t<\/div>\n\t\t\t\t<div class=\"elementor-element elementor-element-1ee0b831 elementor-widget elementor-widget-text-editor\" data-id=\"1ee0b831\" data-element_type=\"widget\" data-e-type=\"widget\" data-widget_type=\"text-editor.default\">\n\t\t\t\t\t\t\t\t\t\n<h2 class=\"wp-block-heading\">Nun zur Ver\u00adlo\u00adsung von Jung\u00adpflan\u00adzen bis 30.05.21 24 Uhr<\/h2>\n\n<figure class=\"wp-block-image size-large\"><img loading=\"lazy\" decoding=\"async\" class=\"aligncenter size-large wp-image-30457\" src=\"https:\/\/bio-balkon.de\/wp-content\/uploads\/2021\/05\/verlosung-jungpflanzen-klaus-umbach-1024x379.avif\" alt width=\"800\" height=\"296\" srcset=\"https:\/\/bio-balkon.de\/wp-content\/uploads\/2021\/05\/verlosung-jungpflanzen-klaus-umbach-1024x379.avif 1024w, https:\/\/bio-balkon.de\/wp-content\/uploads\/2021\/05\/verlosung-jungpflanzen-klaus-umbach-300x111.avif 300w, https:\/\/bio-balkon.de\/wp-content\/uploads\/2021\/05\/verlosung-jungpflanzen-klaus-umbach-768x285.avif 768w, https:\/\/bio-balkon.de\/wp-content\/uploads\/2021\/05\/verlosung-jungpflanzen-klaus-umbach-18x7.avif 18w, https:\/\/bio-balkon.de\/wp-content\/uploads\/2021\/05\/verlosung-jungpflanzen-klaus-umbach.avif 1220w\" sizes=\"auto, (max-width: 800px) 100vw, 800px\"><\/figure>\n\n<p>Die aus\u00adge\u00adzeich\u00adne\u00adte <a href=\"https:\/\/gaertnerei-umbach.de\/\" target=\"_blank\" rel=\"noreferrer noopener\">BIO\u00adLAND-G\u00e4rt\u00adne\u00adrei Umbach aus Heil\u00adbronn<\/a> bot uns Pflan\u00adzen zur \u201eVer\u00adlo\u00adsung\u201c an: 10 x 3 Heil\u00adpflan\u00adze Arte\u00admi\u00adsia annua (Ein\u00adj\u00e4h\u00adri\u00adger Bei\u00adfu\u00df) und 10 x 2 Goji-Bee\u00adren-Pflan\u00adzen und 10 x 3 Chi\u00adli-Pflan\u00adzen-Sor\u00adti\u00adment. Alles bal\u00adkon\u00adtaug\u00adli\u00adche HEILPFLANZEN. Wie immer in bio und Ver\u00adsand frei Haus. Mit Klaus Umbach mach\u00adten wir in 2019 ein Web\u00adi\u00adnar zum Anbau von Goji. Er gab mir 2019 Pflan\u00adzen, die bei mir sehr gut wach\u00adsen. Ich habe nur das Pro\u00adblem, dass Eich\u00adh\u00f6rn\u00adchen sehr gern die Trieb\u00adspit\u00adzen essen und auch \u00f6fters mal Lau\u00adne haben, gan\u00adze Trie\u00adbe ein\u00adfach zu kap\u00adpen. Aber eini\u00adge lecke\u00adre gesun\u00adde Bee\u00adren sind es immer gewor\u00adden und ich lie\u00adbe die Sch\u00f6n\u00adheit der Bl\u00e4t\u00adter und die Far\u00adbe und s\u00fc\u00dfen Geschmack der Bee\u00adren.<\/p>\n\n<p>Die\u00adse Pflan\u00adzen in bes\u00adter Qua\u00adli\u00adt\u00e4t darf ich unter Euch ver\u00adlo\u00adsen. Wer gewin\u00adnen m\u00f6ch\u00adte, kom\u00admen\u00adtiert ein\u00adfach BIS SONNTAG 30.05.21 MITTERNACHT unter dem ent\u00adspre\u00adchen\u00adden Blog\u00adbei\u00adtrag \u00fcber den Anbau. Bit\u00adte nicht von au\u00dfer\u00adhalb Deutsch\u00adlands, da fres\u00adsen uns die Ver\u00adsand\u00adkos\u00adten auf, bit\u00adte ent\u00adschul\u00addigt die\u00adse Ein\u00adschr\u00e4n\u00adkung. Mon\u00adtag 31.05.21 fr\u00fch wird mein Gl\u00fccks\u00adsohn Paul die 30! Gewin\u00adner zie\u00adhen. Wer Mon\u00adtag 31.05.21 fr\u00fch kei\u00adne Mail von mir erhal\u00adten hat und Pflan\u00adzen haben m\u00f6ch\u00adte, darf dann am Mon\u00adtag auf eige\u00adne Kos\u00adten bei der <a href=\"https:\/\/www.biogojipflanzen.de\/\" target=\"_blank\" rel=\"noreferrer noopener\">BIO\u00adLAND-G\u00e4rt\u00adne\u00adrei Umbach Goji und Arte\u00admi\u00adsa<\/a> resp. <a href=\"https:\/\/chilipflanzen.com\/shop\/\" target=\"_blank\" rel=\"noreferrer noopener\">Chi\u00adli-Pflan\u00adzen bei sei\u00adnem Part\u00adner Alex\u00adan\u00adder Hicks<\/a>, den wir schon im Inter\u00adview und 2x im Web\u00adi\u00adnar ken\u00adnen\u00adge\u00adlernt haben, bestel\u00adlen.<\/p>\n\n<p>Hier geht es zu den Blog\u00adbei\u00adtr\u00e4\u00adgen zum Anbau. Wer gewin\u00adnen m\u00f6ch\u00adte, unter dem jewei\u00adli\u00adgen Blog kurz kom\u00admen\u00adtie\u00adren. Ich schrei\u00adbe am Mon\u00adtag 31.05.21 fr\u00fch die 30! Gewin\u00adner an und ermitt\u00adle die Adres\u00adse.<\/p>\n\n<p><a href=\"https:\/\/bio-balkon.de\/en\/anbau-von-paprika-und-chili-auf-dem-balkon\/\" target=\"_blank\" rel=\"noreferrer noopener\">\u00bb Anbau von Papri\u00adka und Chi\u00adli auf dem Bal\u00adkon \u00ab<\/a><\/p>\n\n<p><a href=\"https:\/\/bio-balkon.de\/en\/growing-the-medicinal-plant-artemisia-annua-on-the-balcony\/\">\u00bb Anbau der Heil\u00adpflan\u00adze Arte\u00admi\u00adsia annua (Ein\u00adj\u00e4h\u00adri\u00adger Bei\u00adfu\u00df) auf dem Bal\u00adkon \u00ab<\/a><\/p>\n\t\t\t\t\t\t\t\t<\/div>\n\t\t\t\t\t<\/div>\n\t\t<\/div>\n\t\t\t\t\t<\/div>\n\t\t<\/section>\n\t\t\t\t<\/div>","protected":false},"excerpt":{"rendered":"<p>Die Goji-Bee\u00adre ist eine Super\u00adfrucht zur Gesund\u00adheits\u00advor\u00adsor\u00adge. Im gro\u00ad\u00dfen K\u00fcbel ist sie anbau\u00adbar. Ich emp\u00adfeh\u00adle Euch die Sor\u00adte \u2018TURGIDUS\u2019 \u2013 gesund, fr\u00fch, ertrag\u00adreich, s\u00fc\u00df, fruch\u00adtig, robust, kom\u00adpakt. <\/p>","protected":false},"author":5,"featured_media":30071,"comment_status":"open","ping_status":"open","sticky":false,"template":"","format":"standard","meta":{"_acf_changed":false,"wp_typography_post_enhancements_disabled":false,"footnotes":""},"categories":[1],"tags":[],"class_list":["post-30022","post","type-post","status-publish","format-standard","has-post-thumbnail","hentry","category-uncategorized"],"acf":[],"_links":{"self":[{"href":"https:\/\/bio-balkon.de\/en\/wp-json\/wp\/v2\/posts\/30022","targetHints":{"allow":["GET"]}}],"collection":[{"href":"https:\/\/bio-balkon.de\/en\/wp-json\/wp\/v2\/posts"}],"about":[{"href":"https:\/\/bio-balkon.de\/en\/wp-json\/wp\/v2\/types\/post"}],"author":[{"embeddable":true,"href":"https:\/\/bio-balkon.de\/en\/wp-json\/wp\/v2\/users\/5"}],"replies":[{"embeddable":true,"href":"https:\/\/bio-balkon.de\/en\/wp-json\/wp\/v2\/comments?post=30022"}],"version-history":[{"count":0,"href":"https:\/\/bio-balkon.de\/en\/wp-json\/wp\/v2\/posts\/30022\/revisions"}],"wp:featuredmedia":[{"embeddable":true,"href":"https:\/\/bio-balkon.de\/en\/wp-json\/wp\/v2\/media\/30071"}],"wp:attachment":[{"href":"https:\/\/bio-balkon.de\/en\/wp-json\/wp\/v2\/media?parent=30022"}],"wp:term":[{"taxonomy":"category","embeddable":true,"href":"https:\/\/bio-balkon.de\/en\/wp-json\/wp\/v2\/categories?post=30022"},{"taxonomy":"post_tag","embeddable":true,"href":"https:\/\/bio-balkon.de\/en\/wp-json\/wp\/v2\/tags?post=30022"}],"curies":[{"name":"wp","href":"https:\/\/api.w.org\/{rel}","templated":true}]}}