{"id":29678,"date":"2022-05-10T21:07:00","date_gmt":"2022-05-10T19:07:00","guid":{"rendered":"https:\/\/bio-balkon.de\/?p=29678"},"modified":"2022-08-13T15:48:30","modified_gmt":"2022-08-13T13:48:30","slug":"stockente-auf-dem-balkon","status":"publish","type":"post","link":"https:\/\/bio-balkon.de\/en\/stockente-auf-dem-balkon\/","title":{"rendered":"Nach\u00adwuchs? Ente Lil\u00adli auf unse\u00adrem Bal\u00adkon im 6. Stock"},"content":{"rendered":"<div data-elementor-type=\"wp-post\" data-elementor-id=\"29678\" class=\"elementor elementor-29678\" data-elementor-post-type=\"post\">\n\t\t\t\t\t\t<section class=\"elementor-section elementor-top-section elementor-element elementor-element-4b901a46 elementor-section-boxed elementor-section-height-default elementor-section-height-default\" data-id=\"4b901a46\" data-element_type=\"section\" data-e-type=\"section\">\n\t\t\t\t\t\t<div class=\"elementor-container elementor-column-gap-default\">\n\t\t\t\t\t<div class=\"elementor-column elementor-col-100 elementor-top-column elementor-element elementor-element-4051ded9\" data-id=\"4051ded9\" data-element_type=\"column\" data-e-type=\"column\">\n\t\t\t<div class=\"elementor-widget-wrap elementor-element-populated\">\n\t\t\t\t\t\t<div class=\"elementor-element elementor-element-7865e093 elementor-widget elementor-widget-text-editor\" data-id=\"7865e093\" data-element_type=\"widget\" data-e-type=\"widget\" data-widget_type=\"text-editor.default\">\n\t\t\t\t\t\t\t\t\t\n<p>Eine Ente auf dem Bal\u00adkon? Immer h\u00e4u\u00adfi\u00adger wird der Bal\u00adkon von einer Ente als Brut\u00adst\u00e4t\u00adte genutzt, das ist nicht nur in Ber\u00adlin so. Mei\u00adne Ente, eine Stock\u00adente, erhielt am 07.05.21 die Nr. 97 der in Ber\u00adlin regis\u00adtrier\u00adten Bru\u00adten auf Bal\u00adkons. Es wer\u00adden noch mehr sein, nicht allen ist die Unter\u00adst\u00fct\u00adzung bekannt, die der NABU Ber\u00adlin mit sei\u00adner Wild\u00advo\u00adgel\u00adsta\u00adti\u00adon anbie\u00adtet. In Ber\u00adlin und anders\u00adwo fin\u00adden Enten immer weni\u00adger einen Platz, an dem sie unge\u00adst\u00f6rt br\u00fc\u00adten k\u00f6n\u00adnen. Die Bebau\u00adung in den St\u00e4d\u00adten ver\u00addich\u00adtet sich immer mehr, die Men\u00adschen dr\u00e4n\u00adgen immer dich\u00adter an die Gew\u00e4s\u00adser her\u00adan, mit ihnen die Hun\u00adde.<\/p>\n<p>Vie\u00adle Men\u00adschen freu\u00aden sich \u00fcber die s\u00fc\u00dfen Unter\u00admie\u00adter, nach\u00addem der ers\u00adte Schreck vor\u00ad\u00fcber ist. Aber auf dem Weg zum Was\u00adser lau\u00adern f\u00fcr die K\u00fcken t\u00f6d\u00adli\u00adche Gefah\u00adren beim Que\u00adren der Stra\u00ad\u00dfen, Autos, Licht\u00adsch\u00e4ch\u00adte, Abwas\u00adser\u00adroh\u00adre. Mit dem Stein\u00adbo\u00adden f\u00e4ngt es an, wenn sie aus der H\u00f6he ihrer Mut\u00adter sp\u00e4\u00adtes\u00adtens 24 Stun\u00adden nach dem Schlupf hin\u00adter\u00adher\u00adsprin\u00adgen. Der Nabu Ber\u00adlin bie\u00adtet Geleit\u00adschutz an, in Ber\u00adlin gibt es das soge\u00adnann\u00adte \u201eEnten\u00adta\u00adxi\u201c. Von Mit\u00adte April bis Juni f\u00e4hrt es vie\u00adle Ein\u00ads\u00e4t\u00adze, um Mut\u00adter Ente und ihre K\u00fcken unbe\u00adscha\u00addet vom Bal\u00adkon zum Was\u00adser zu brin\u00adgen. Bereits seit mehr als 15 Jah\u00adren beob\u00adach\u00adten Vogel\u00adkund\u00adler das selt\u00adsa\u00adme Brut\u00adver\u00adhal\u00adten der Enten in Ber\u00adlin und anders\u00adwo.<\/p>\n\n<p>Mei\u00adne Enten\u00adge\u00adschich\u00adte fing am 12. April 2021 an, als ich am Schreib\u00adtisch sit\u00adzend, ein zar\u00adtes Enten\u00adge\u00adschnat\u00adter h\u00f6r\u00adte. Ich hob den Kopf und erkann\u00adte ganz erstaunt einen Enten\u00admann \u2013 einen wun\u00adder\u00adsch\u00f6\u00adnen Erpel -, der bei mir auf dem Fens\u00adter\u00adbrett vom Wohn-\/Ar\u00adbeits\u00adzim\u00admer stol\u00adzier\u00adte. Er begut\u00adach\u00adte\u00adte im Abstand von jeweils zwei Tagen ins\u00adge\u00adsamt drei\u00admal mei\u00adne Bal\u00adkon\u00adk\u00e4s\u00adten vom Wohn\u00adzim\u00admer. Die\u00adses Enten\u00adge\u00adschnat\u00adter habe ich als ganz lieb\u00adlich im Ohr. Das ist schon was, wenn man am Lap\u00adtop vor dem Schreib\u00adtisch sitzt und es schnat\u00adtert ganz zart vom Fens\u00adter.<\/p>\n\t\t\t\t\t\t\t\t<\/div>\n\t\t\t\t<div class=\"elementor-element elementor-element-0657936 elementor-widget elementor-widget-image-gallery\" data-id=\"0657936\" data-element_type=\"widget\" data-e-type=\"widget\" data-widget_type=\"image-gallery.default\">\n\t\t\t\t\t\t\t<div class=\"elementor-image-gallery\">\n\t\t\t<div id=\"gallery-1\" class=\"gallery galleryid-29678 gallery-columns-4 gallery-size-thumbnail\"><figure class=\"gallery-item\">\n\t\t\t<div class=\"gallery-icon landscape\">\n\t\t\t\t<a data-elementor-open-lightbox=\"yes\" data-elementor-lightbox-slideshow=\"0657936\" data-e-action-hash=\"#elementor-action%3Aaction%3Dlightbox%26settings%3DeyJpZCI6MjgwNjQsInVybCI6Imh0dHBzOlwvXC9iaW8tYmFsa29uLmRlXC93cC1jb250ZW50XC91cGxvYWRzXC8yMDIxXC8wNFwvUDIyNDAxMzgtZW50ZS1mZW5zdGVyLXN1cGVyLTEtc2NhbGVkLmF2aWYiLCJzbGlkZXNob3ciOiIwNjU3OTM2In0%3D\" href=\"https:\/\/bio-balkon.de\/wp-content\/uploads\/2021\/04\/P2240138-ente-fenster-super-1-scaled.avif\"><img loading=\"lazy\" width=\"150\" height=\"150\" src=\"https:\/\/bio-balkon.de\/wp-content\/uploads\/2021\/04\/P2240138-ente-fenster-super-1-150x150.avif\" class=\"attachment-thumbnail size-thumbnail\" alt=\"Diese m\u00e4nnliche Ente war die Vorhut, ob die weibliche Ente auf unserem Balkon br\u00fcten wird.\" decoding=\"async\"><\/a>\n\t\t\t<\/div><\/figure><figure class=\"gallery-item\">\n\t\t\t<div class=\"gallery-icon landscape\">\n\t\t\t\t<a data-elementor-open-lightbox=\"yes\" data-elementor-lightbox-slideshow=\"0657936\" data-e-action-hash=\"#elementor-action%3Aaction%3Dlightbox%26settings%3DeyJpZCI6MjgwNjMsInVybCI6Imh0dHBzOlwvXC9iaW8tYmFsa29uLmRlXC93cC1jb250ZW50XC91cGxvYWRzXC8yMDIxXC8wNFwvUDIyNDAxMjUtZW50ZS1zdG9ja2VudGUtZmVuc3Rlci1rcmFuLXN1cGVyLXNjYWxlZC5hdmlmIiwic2xpZGVzaG93IjoiMDY1NzkzNiJ9\" href=\"https:\/\/bio-balkon.de\/wp-content\/uploads\/2021\/04\/P2240125-ente-stockente-fenster-kran-super-scaled.avif\"><img loading=\"lazy\" width=\"150\" height=\"150\" src=\"https:\/\/bio-balkon.de\/wp-content\/uploads\/2021\/04\/P2240125-ente-stockente-fenster-kran-super-150x150.avif\" class=\"attachment-thumbnail size-thumbnail\" alt=\"Dieser Erpel testete 3x, ob die weibliche Ente auf unserem Balkon br\u00fcten wird.\" decoding=\"async\"><\/a>\n\t\t\t<\/div><\/figure>\n\t\t<\/div>\n\t\t<\/div>\n\t\t\t\t\t\t<\/div>\n\t\t\t\t<div class=\"elementor-element elementor-element-f175800 elementor-widget elementor-widget-text-editor\" data-id=\"f175800\" data-element_type=\"widget\" data-e-type=\"widget\" data-widget_type=\"text-editor.default\">\n\t\t\t\t\t\t\t\t\t<p>Dass die\u00adse ein\u00adla\u00addend wir\u00adken, war mir schon von der Rin\u00adgel\u00adtau\u00adbe bekannt, die eben\u00adfalls im Fr\u00fch\u00adjahr die\u00adsen Jah\u00adres die Bal\u00adkon\u00adk\u00e4s\u00adten auf dem Fens\u00adter\u00adbrett aus\u00adtes\u00adte\u00adte. Bei den Besu\u00adchen des Stock\u00adenten-M\u00e4nn\u00adchens hat\u00adte ich das Gef\u00fchl, dass der Erpel die \u00d6rt\u00adlich\u00adkeit f\u00fcr sein Weib\u00adchen begut\u00adach\u00adte\u00adte, obwohl er mit der Auf\u00adzucht der Jun\u00adgen nichts zu tun hat. Die Tier\u00adhil\u00adfe Pots\u00addam best\u00e4\u00adtig\u00adte, dass Stock\u00adenten gemein\u00adsam einen Nist\u00adplatz suchen. So h\u00e4t\u00adten sie fast auf dem Fens\u00adter\u00adbrett ange\u00adfan\u00adgen. Mit Blick zum Ber\u00adli\u00adner Fern\u00adseh\u00adturm. Es wur\u00adde dann mein soge\u00adnann\u00adter Nasch\u00adbal\u00adkon, wo ich die weib\u00adli\u00adche Ente erst\u00adma\u00adlig am 1. Mai auf der Br\u00fcs\u00adtung vom Bal\u00adkon sit\u00adzen sah. Schnell schloss ich die Bal\u00adkon\u00adt\u00fcr wie\u00adder. Auf\u00adre\u00adgung pur. Span\u00adnen\u00adder\u00adwei\u00adse br\u00fc\u00adte\u00adte da auf dem Nasch\u00adbal\u00adkon noch das Rin\u00adgel\u00adtau\u00adben-Weib\u00adchen, nur 50 cm von der sit\u00adzen\u00adden Stock\u00adente ent\u00adfernt.<\/p>\n<p><!-- \/wp:paragraph --><!-- wp:paragraph --><\/p>\t\t\t\t\t\t\t\t<\/div>\n\t\t\t\t<div class=\"elementor-element elementor-element-3e7a4f6 elementor-widget elementor-widget-text-editor\" data-id=\"3e7a4f6\" data-element_type=\"widget\" data-e-type=\"widget\" data-widget_type=\"text-editor.default\">\n\t\t\t\t\t\t\t\t\t<p>Eini\u00adge Tage sp\u00e4\u00adter am 7. Mai r\u00e4um\u00adte ich auf die\u00adsem Bal\u00adkon, woll\u00adte mein <a href=\"https:\/\/bio-balkon.de\/en\/balcony-pleasure-and-yield-through-vertical-gardening-fresh-from-the-vertical-bed\/\">Ver\u00adti\u00adcal bed<\/a> gie\u00ad\u00dfen, als eine Ente erschro\u00adcken mit den Fl\u00fc\u00adgeln schlug und weg\u00adflog. Ich war total erschro\u00adcken und ent\u00addeck\u00adte ein Nest mit zwei Eiern. Sofort nahm ich Kon\u00adtakt mit der Wild\u00advo\u00adgel\u00adsta\u00adti\u00adon Ber\u00adlin auf, weil ich das Hilfs\u00adan\u00adge\u00adbot \u201eEnten\u00adta\u00adxi\u201c vom NABU Ber\u00adlin kann\u00adte. Mei\u00adne Ente erhielt die Nr. 97 und stand unter Schutz. Ich durf\u00adte die Ente nicht beim wei\u00adte\u00adren Nis\u00adten behin\u00addern. Ich schil\u00adder\u00adte die \u00d6rt\u00adlich\u00adkeit: 6. Stock in der Innen\u00adstadt, au\u00dfer\u00adhalb der Br\u00fcs\u00adtung. Die Exper\u00adten erkl\u00e4r\u00adten mir: Die Enten\u00adma\u00adma legt jeden Tag vor\u00admit\u00adtags ein Ei und fliegt wie\u00adder weg. Am n\u00e4chs\u00adten Tag kommt sie wie\u00adder, legt ein wei\u00adte\u00adres Ei und fliegt wie\u00adder zum See. Sind 9 bis 14 Eier erreicht, f\u00e4ngt sie dau\u00ader\u00adhaft an zu nis\u00adten und ver\u00adl\u00e4sst die Brut\u00adstel\u00adle nur noch f\u00fcr eine Stun\u00adde in der Nacht, um sich Fut\u00adter zu suchen. Solan\u00adge die Ente noch nicht st\u00e4n\u00addig nis\u00adtet, soll\u00adte ich m\u00f6g\u00adlichst die Nist\u00adstel\u00adle mit Kanin\u00adchen\u00addraht absi\u00adchern, damit die Jun\u00adgen nach dem Schlupf nicht her\u00adun\u00adter\u00adfal\u00adlen bzw. \u2011sprin\u00adgen k\u00f6n\u00adnen, sie k\u00f6nn\u00adten sich arg ver\u00adlet\u00adzen.<\/p>\n<p><!-- \/wp:paragraph --><!-- wp:paragraph --><\/p>\n<p>Dies best\u00e4\u00adtig\u00adte Stef\u00adfie von der Tier\u00adret\u00adtung Pots\u00addam, die mich \u00fcber Insta\u00adgram kon\u00adtak\u00adtier\u00adte: K\u00f6nn\u00adtest du, bei der Ente, solan\u00adge sie noch nicht am Br\u00fc\u00adten ist (da fliegt sie ja noch ab und an weg) K\u00fcken\u00addraht oder Bret\u00adter zur Siche\u00adrung anbrin\u00adgen. Dann las\u00adsen sich die K\u00fcken sp\u00e4\u00adter bes\u00adser ein\u00adfan\u00adgen. Wenn du dann Hil\u00adfe beim Ein\u00adfan\u00adgen brauchst, kom\u00admen wir von der Tier\u00adret\u00adtung Pots\u00addam ger\u00adne vor\u00adbei. Im Moment sam\u00admeln wir st\u00e4n\u00addig Enten von Dach\u00adter\u00adras\u00adsen, Hin\u00adter\u00adh\u00f6\u00adfen, Bal\u00adko\u00adnen und Stra\u00ad\u00dfen. Wir haben am Tag etwa 3\u20134 Ein\u00ads\u00e4t\u00adze mit Enten\u00adk\u00fc\u00adken in Pots\u00addam, Ber\u00adlin und Umge\u00adbung \u2013 und wir sind ja nur ein klei\u00adner Ver\u00adein. Eini\u00adge Men\u00adschen sind es schon gewohnt und f\u00fct\u00adtern die Enten\u00adma\u00adma beim Br\u00fc\u00adten an (mit Son\u00adnen\u00adblu\u00admen\u00adker\u00adnen und Hafer\u00adflo\u00adcken in Was\u00adser), dann k\u00f6n\u00adnen sie die meist auch allein ein\u00adfan\u00adgen (Mama hat dann Ver\u00adtrau\u00aden) und zum Was\u00adser brin\u00adgen. Wahr\u00adschein\u00adlich wird sie trotz F\u00fct\u00adtern nachts trotz\u00addem zum See flie\u00adgen \u2013 sie m\u00f6gen ja ihre Art\u00adge\u00adnos\u00adsen. Aber es gibt ihr Kraft und sie bleibt nicht so lan\u00adge weg und hat mehr Kraft, um dann zu br\u00fc\u00adten \u2013 da bleibt sie ja dann am Nest. Wenn sie es schafft, bei Dir K\u00fcken aus\u00adzu\u00adbr\u00fc\u00adten, ja dann wird sie mit Sicher\u00adheit n\u00e4chs\u00adtes Jahr wie\u00adder kom\u00admen. Sie hat sich ja f\u00fcr Dich ent\u00adschie\u00adden. Stock\u00adenten sind nicht \u00fcber\u00adm\u00e4\u00ad\u00dfig scheu, wenn sie das Ver\u00adtrau\u00aden haben. Es reicht eine M\u00fcs\u00adli\u00adscha\u00adle, etwa die H\u00e4lf\u00adte gef\u00fcllt mit Was\u00adser und etwas Ker\u00adnen und Flo\u00adcken, t\u00e4g\u00adlich frisch zu rei\u00adchen.<\/p>\t\t\t\t\t\t\t\t<\/div>\n\t\t\t\t<div class=\"elementor-element elementor-element-1b81ad8 elementor-widget elementor-widget-image-gallery\" data-id=\"1b81ad8\" data-element_type=\"widget\" data-e-type=\"widget\" data-widget_type=\"image-gallery.default\">\n\t\t\t\t\t\t\t<div class=\"elementor-image-gallery\">\n\t\t\t<div id=\"gallery-2\" class=\"gallery galleryid-29678 gallery-columns-4 gallery-size-thumbnail\"><figure class=\"gallery-item\">\n\t\t\t<div class=\"gallery-icon landscape\">\n\t\t\t\t<a data-elementor-open-lightbox=\"yes\" data-elementor-lightbox-slideshow=\"1b81ad8\" data-e-action-hash=\"#elementor-action%3Aaction%3Dlightbox%26settings%3DeyJpZCI6Mjk2ODksInVybCI6Imh0dHBzOlwvXC9iaW8tYmFsa29uLmRlXC93cC1jb250ZW50XC91cGxvYWRzXC8yMDIxXC8wNVwvSU1HXzAyOTMtZW50ZS1uaXN0ZXQtdmVydGlrYWxiZWV0LXNjYWxlZC5hdmlmIiwic2xpZGVzaG93IjoiMWI4MWFkOCJ9\" href=\"https:\/\/bio-balkon.de\/wp-content\/uploads\/2021\/05\/IMG_0293-ente-nistet-vertikalbeet-scaled.avif\"><img width=\"150\" height=\"150\" src=\"https:\/\/bio-balkon.de\/wp-content\/uploads\/2021\/05\/IMG_0293-ente-nistet-vertikalbeet-150x150.avif\" class=\"attachment-thumbnail size-thumbnail\" alt=\"Die Stockente suchte sich so einen sch\u00f6nen Ort zum Nisten auf unserem Balkon aus.\" decoding=\"async\" loading=\"lazy\"><\/a>\n\t\t\t<\/div><\/figure>\n\t\t<\/div>\n\t\t<\/div>\n\t\t\t\t\t\t<\/div>\n\t\t\t\t<div class=\"elementor-element elementor-element-f56cd19 elementor-widget elementor-widget-text-editor\" data-id=\"f56cd19\" data-element_type=\"widget\" data-e-type=\"widget\" data-widget_type=\"text-editor.default\">\n\t\t\t\t\t\t\t\t\t<p>Als ich das Weib\u00adchen am 1. Mai erst\u00admals auf die\u00adsem Bal\u00adkon sich\u00adte\u00adte, nis\u00adte\u00adte 50 cm ent\u00adfernt noch eine Rin\u00adgel\u00adtau\u00adbe auf zwei Eiern. Lei\u00adder waren die Eier nebst Rin\u00adgel\u00adtau\u00adben-Weib\u00adchen zwei Tage sp\u00e4\u00adter weg. Ich beob\u00adach\u00adte\u00adte am Vor\u00adtag einen Eichel\u00adh\u00e4\u00adher auf die\u00adsem Bal\u00adkon und habe neben dem Eichel\u00adh\u00e4\u00adher eben die Eich\u00adh\u00f6rn\u00adchen im Ver\u00addacht, weil die auf die\u00adsen zwei\u00adten Bal\u00adkon mitt\u00adler\u00adwei\u00adle auch her\u00adum\u00adklet\u00adtern. Stef\u00adfie schreibt: \u201eDas mit dem Eier klau\u00aden kommt halt lei\u00adder vor \u2013 die ande\u00adren brau\u00adchen ja auch Fut\u00adter.\u201c Am Nach\u00admit\u00adtag des 7. Mai, als ich vor\u00admit\u00adtags das Gele\u00adge ent\u00addeck\u00adte und sofort mit dem NABU BERLIN tele\u00adfo\u00adnier\u00adte, war Nach\u00admit\u00adtag schon die Nist\u00adstel\u00adle voll\u00adkom\u00admen unor\u00addent\u00adlich. Mir war sofort klar, dass es gepl\u00fcn\u00addert wor\u00adden war. Gro\u00ad\u00dfe Trau\u00ader bei mir und Sohn. Eich\u00adh\u00f6rn\u00adchen auf dem einen Bal\u00adkon, Stock\u00adente auf dem ande\u00adren Bal\u00adkon, geht das denn? S\u00fc\u00dfe Eich\u00adh\u00f6rn\u00adchen, die Eier rau\u00adben, ist ein Rie\u00adsen\u00adkon\u00adflikt, aber auch gro\u00ad\u00dfe Chan\u00adce, Natur haut\u00adnah zu beob\u00adach\u00adten. Wir waren trau\u00adrig. Span\u00adnen\u00adder\u00adwei\u00adse ent\u00addeck\u00adte ich dann am 10. Mai, dass die Ente wie\u00adder in der Ecke sa\u00df. In mir brei\u00adte\u00adte sich ein Wohl\u00adge\u00adf\u00fchl aus, sie hat\u00adte sich immer noch f\u00fcr unse\u00adren Bal\u00adkon ent\u00adschie\u00adden. Nach Abla\u00adge des letz\u00adten Eies br\u00fc\u00adten Stock\u00adenten in der Regel 25 bis 28 Tage.<\/p>\t\t\t\t\t\t\t\t<\/div>\n\t\t\t\t<div class=\"elementor-element elementor-element-fdfe78d elementor-widget elementor-widget-text-editor\" data-id=\"fdfe78d\" data-element_type=\"widget\" data-e-type=\"widget\" data-widget_type=\"text-editor.default\">\n\t\t\t\t\t\t\t\t\t<p>Als ich ihr am 13. Mai die M\u00fcs\u00adli\u00adscha\u00adle hin\u00adstell\u00adte, war sie lei\u00adder so erschro\u00adcken, dass sie weg\u00adflog. Acht wun\u00adder\u00adsch\u00f6\u00adne Eier lach\u00adten mich an. Ich stark auf\u00adge\u00adregt, wird sie wie\u00adder\u00adkom\u00admen oder habe ich sie schon dau\u00ader\u00adhaft ver\u00adjagt? Sie sa\u00df auf dem Dach des Hau\u00adses auf der gegen\u00ad\u00fcber\u00adlie\u00adgen\u00adden Stra\u00ad\u00dfen\u00adsei\u00adte und schau\u00adte immer\u00adfort her\u00ad\u00fcber. Als ich sp\u00e4\u00adter nach\u00adschau\u00adte, sa\u00df sie wie\u00adder auf ihren Eiern. Ich war so beru\u00adhigt dar\u00ad\u00fcber, Du wirst es Dir vor\u00adstel\u00adlen k\u00f6n\u00adnen.<\/p>\t\t\t\t\t\t\t\t<\/div>\n\t\t\t\t<div class=\"elementor-element elementor-element-3af376d elementor-widget elementor-widget-image-gallery\" data-id=\"3af376d\" data-element_type=\"widget\" data-e-type=\"widget\" data-widget_type=\"image-gallery.default\">\n\t\t\t\t\t\t\t<div class=\"elementor-image-gallery\">\n\t\t\t<div id=\"gallery-3\" class=\"gallery galleryid-29678 gallery-columns-4 gallery-size-thumbnail\"><figure class=\"gallery-item\">\n\t\t\t<div class=\"gallery-icon portrait\">\n\t\t\t\t<a data-elementor-open-lightbox=\"yes\" data-elementor-lightbox-slideshow=\"3af376d\" data-e-action-hash=\"#elementor-action%3Aaction%3Dlightbox%26settings%3DeyJpZCI6Mjk2OTMsInVybCI6Imh0dHBzOlwvXC9iaW8tYmFsa29uLmRlXC93cC1jb250ZW50XC91cGxvYWRzXC8yMDIxXC8wNVwvSU1HXzAzMTctZW50ZS1uaXN0ZXQtZWllci1zY2FsZWQtZTE2MjA5MzMwMjQ4NTcuYXZpZiIsInNsaWRlc2hvdyI6IjNhZjM3NmQifQ%3D%3D\" href=\"https:\/\/bio-balkon.de\/wp-content\/uploads\/2021\/05\/IMG_0317-ente-nistet-eier-scaled-e1620933024857.avif\"><img width=\"150\" height=\"150\" src=\"https:\/\/bio-balkon.de\/wp-content\/uploads\/2021\/05\/IMG_0317-ente-nistet-eier-150x150.avif\" class=\"attachment-thumbnail size-thumbnail\" alt=\"Acht Eier legte unsere Ente Lilli auf unserem Balkon ab. Jeden Tag ein Ei.\" decoding=\"async\" loading=\"lazy\"><\/a>\n\t\t\t<\/div><\/figure><figure class=\"gallery-item\">\n\t\t\t<div class=\"gallery-icon landscape\">\n\t\t\t\t<a data-elementor-open-lightbox=\"yes\" data-elementor-lightbox-slideshow=\"3af376d\" data-e-action-hash=\"#elementor-action%3Aaction%3Dlightbox%26settings%3DeyJpZCI6Mjk2OTEsInVybCI6Imh0dHBzOlwvXC9iaW8tYmFsa29uLmRlXC93cC1jb250ZW50XC91cGxvYWRzXC8yMDIxXC8wNVwvSU1HXzAzMDEtZW50ZS1uaXN0ZXQtZnVldHRlcnVuZy1zY2FsZWQuYXZpZiIsInNsaWRlc2hvdyI6IjNhZjM3NmQifQ%3D%3D\" href=\"https:\/\/bio-balkon.de\/wp-content\/uploads\/2021\/05\/IMG_0301-ente-nistet-fuetterung-scaled.avif\"><img width=\"150\" height=\"150\" src=\"https:\/\/bio-balkon.de\/wp-content\/uploads\/2021\/05\/IMG_0301-ente-nistet-fuetterung-150x150.avif\" class=\"attachment-thumbnail size-thumbnail\" alt=\"Wir f\u00fctterten unsere Ente auf unserem Balkon, damit sie sich an den Menschen gew\u00f6hnt.\" decoding=\"async\" loading=\"lazy\"><\/a>\n\t\t\t<\/div><\/figure><figure class=\"gallery-item\">\n\t\t\t<div class=\"gallery-icon landscape\">\n\t\t\t\t<a data-elementor-open-lightbox=\"yes\" data-elementor-lightbox-slideshow=\"3af376d\" data-e-action-hash=\"#elementor-action%3Aaction%3Dlightbox%26settings%3DeyJpZCI6Mjk2ODgsInVybCI6Imh0dHBzOlwvXC9iaW8tYmFsa29uLmRlXC93cC1jb250ZW50XC91cGxvYWRzXC8yMDIxXC8wNVwvSU1HXzAyODgtZW50ZS1uaXN0ZXQtc2NhbGVkLmF2aWYiLCJzbGlkZXNob3ciOiIzYWYzNzZkIn0%3D\" href=\"https:\/\/bio-balkon.de\/wp-content\/uploads\/2021\/05\/IMG_0288-ente-nistet-scaled.avif\"><img width=\"150\" height=\"150\" src=\"https:\/\/bio-balkon.de\/wp-content\/uploads\/2021\/05\/IMG_0288-ente-nistet-150x150.avif\" class=\"attachment-thumbnail size-thumbnail\" alt=\"Ente Lilli hat sich auf unserem Balkon so ein sch\u00f6nes Versteck f\u00fcr ihr Nest gesucht.\" decoding=\"async\" loading=\"lazy\"><\/a>\n\t\t\t<\/div><\/figure><figure class=\"gallery-item\">\n\t\t\t<div class=\"gallery-icon landscape\">\n\t\t\t\t<a data-elementor-open-lightbox=\"yes\" data-elementor-lightbox-slideshow=\"3af376d\" data-e-action-hash=\"#elementor-action%3Aaction%3Dlightbox%26settings%3DeyJpZCI6Mjk2OTAsInVybCI6Imh0dHBzOlwvXC9iaW8tYmFsa29uLmRlXC93cC1jb250ZW50XC91cGxvYWRzXC8yMDIxXC8wNVwvSU1HXzAyOTgtZW50ZS1uaXN0ZXQtdmVydGlrYWxiZWV0LXNjYWxlZC5hdmlmIiwic2xpZGVzaG93IjoiM2FmMzc2ZCJ9\" href=\"https:\/\/bio-balkon.de\/wp-content\/uploads\/2021\/05\/IMG_0298-ente-nistet-vertikalbeet-scaled.avif\"><img width=\"150\" height=\"150\" src=\"https:\/\/bio-balkon.de\/wp-content\/uploads\/2021\/05\/IMG_0298-ente-nistet-vertikalbeet-150x150.avif\" class=\"attachment-thumbnail size-thumbnail\" alt=\"So schmal ist es auf unserem nur 60 cm breiten Balkon mitten in Berlin im 6. Stock.\" decoding=\"async\" loading=\"lazy\"><\/a>\n\t\t\t<\/div><\/figure>\n\t\t<\/div>\n\t\t<\/div>\n\t\t\t\t\t\t<\/div>\n\t\t\t\t\t<\/div>\n\t\t<\/div>\n\t\t\t\t\t<\/div>\n\t\t<\/section>\n\t\t\t\t<section class=\"elementor-section elementor-top-section elementor-element elementor-element-eb8eb23 elementor-section-boxed elementor-section-height-default elementor-section-height-default\" data-id=\"eb8eb23\" data-element_type=\"section\" data-e-type=\"section\">\n\t\t\t\t\t\t<div class=\"elementor-container elementor-column-gap-default\">\n\t\t\t\t\t<div class=\"elementor-column elementor-col-100 elementor-top-column elementor-element elementor-element-0b8680a\" data-id=\"0b8680a\" data-element_type=\"column\" data-e-type=\"column\">\n\t\t\t<div class=\"elementor-widget-wrap elementor-element-populated\">\n\t\t\t\t\t\t<div class=\"elementor-element elementor-element-45bbc3d elementor-widget elementor-widget-text-editor\" data-id=\"45bbc3d\" data-element_type=\"widget\" data-e-type=\"widget\" data-widget_type=\"text-editor.default\">\n\t\t\t\t\t\t\t\t\t<p>Da die Ente nun anschei\u00adnend bei uns blei\u00adben will, gaben S\u00f6hn\u00adchen und ich ihr einen Namen: Lil\u00adli. Wenn es Lil\u00adli schafft, ihre Jun\u00adgen durch\u00adzu\u00adbrin\u00adgen, wird sie im n\u00e4chs\u00adten Jahr wie\u00adder zu uns kom\u00admen. Das sind schon sch\u00f6\u00adne Aus\u00adsich\u00adten.<\/p>\n<p>Als ich am 16. Mai mor\u00adgens f\u00fct\u00adtern ging, best\u00e4\u00adtig\u00adte sich mein Ver\u00addacht und mei\u00adne Sor\u00adge wuchs. Min\u00addes\u00adtens eins der vier jun\u00adgen Eich\u00adh\u00f6rn\u00adchen, die hier seit Anfang April woh\u00adnen, nach\u00addem ihre Mama mit ihnen 6 Wochen nach der Geburt hier\u00adher\u00adzog, nutzt die Drei\u00ader-Nist\u00adhil\u00adfe f\u00fcr die Sper\u00adlin\u00adge als Kobel (Schlaf\u00adstel\u00adle). Eini\u00adge Tage zuvor sah ich dort schon eins und aus der rech\u00adten \u00d6ff\u00adnung hing Aus\u00adpols\u00adte\u00adrungs\u00adma\u00adte\u00adri\u00adal her\u00adaus. Min\u00addes\u00adtens eins der acht Wochen alten Eich\u00adh\u00f6rn\u00adchen schl\u00e4ft also ganz nah an der Stock\u00adente und turnt auch auf die\u00adsem zwei\u00adten Bal\u00adkon her\u00adum.<\/p>\t\t\t\t\t\t\t\t<\/div>\n\t\t\t\t<div class=\"elementor-element elementor-element-52cc795 elementor-widget elementor-widget-gallery\" data-id=\"52cc795\" data-element_type=\"widget\" data-e-type=\"widget\" data-settings=\"{&quot;lazyload&quot;:&quot;yes&quot;,&quot;gallery_layout&quot;:&quot;grid&quot;,&quot;columns&quot;:4,&quot;columns_tablet&quot;:2,&quot;columns_mobile&quot;:1,&quot;gap&quot;:{&quot;unit&quot;:&quot;px&quot;,&quot;size&quot;:10,&quot;sizes&quot;:[]},&quot;gap_tablet&quot;:{&quot;unit&quot;:&quot;px&quot;,&quot;size&quot;:10,&quot;sizes&quot;:[]},&quot;gap_mobile&quot;:{&quot;unit&quot;:&quot;px&quot;,&quot;size&quot;:10,&quot;sizes&quot;:[]},&quot;link_to&quot;:&quot;file&quot;,&quot;aspect_ratio&quot;:&quot;3:2&quot;,&quot;overlay_background&quot;:&quot;yes&quot;,&quot;content_hover_animation&quot;:&quot;fade-in&quot;}\" data-widget_type=\"gallery.default\">\n\t\t\t\t\t\t\t<div class=\"elementor-gallery__container\">\n\t\t\t\t\t\t\t<a class=\"e-gallery-item elementor-gallery-item elementor-animated-content\" href=\"https:\/\/bio-balkon.de\/wp-content\/uploads\/2021\/05\/IMG_3759-eichhoernchen-vertikalbeet-taube-scaled.avif\" data-elementor-open-lightbox=\"yes\" data-elementor-lightbox-slideshow=\"52cc795\" data-e-action-hash=\"#elementor-action%3Aaction%3Dlightbox%26settings%3DeyJpZCI6Mjk3OTEsInVybCI6Imh0dHBzOlwvXC9iaW8tYmFsa29uLmRlXC93cC1jb250ZW50XC91cGxvYWRzXC8yMDIxXC8wNVwvSU1HXzM3NTktZWljaGhvZXJuY2hlbi12ZXJ0aWthbGJlZXQtdGF1YmUtc2NhbGVkLmF2aWYiLCJzbGlkZXNob3ciOiI1MmNjNzk1In0%3D\">\n\t\t\t\t\t<div class=\"e-gallery-image elementor-gallery-item__image\" data-thumbnail=\"https:\/\/bio-balkon.de\/wp-content\/uploads\/2021\/05\/IMG_3759-eichhoernchen-vertikalbeet-taube-225x300.avif\" data-width=\"225\" data-height=\"300\" aria-label=\"Auf dem Dach vom Vertikalbeet sind Sperlings-Nisthilfen montiert. Anstatt Sperlinge nutzten sie die jungen Eichh\u00f6rnchen zum Schlafen.\" role=\"img\"><\/div>\n\t\t\t\t\t\t\t\t\t\t\t<div class=\"elementor-gallery-item__overlay\"><\/div>\n\t\t\t\t\t\t\t\t\t\t\t\t\t\t<\/a>\n\t\t\t\t\t\t\t<a class=\"e-gallery-item elementor-gallery-item elementor-animated-content\" href=\"https:\/\/bio-balkon.de\/wp-content\/uploads\/2021\/05\/IMG_3762-eichhoernchen-vertikalbeet-taube-scaled.avif\" data-elementor-open-lightbox=\"yes\" data-elementor-lightbox-slideshow=\"52cc795\" data-e-action-hash=\"#elementor-action%3Aaction%3Dlightbox%26settings%3DeyJpZCI6Mjk3ODksInVybCI6Imh0dHBzOlwvXC9iaW8tYmFsa29uLmRlXC93cC1jb250ZW50XC91cGxvYWRzXC8yMDIxXC8wNVwvSU1HXzM3NjItZWljaGhvZXJuY2hlbi12ZXJ0aWthbGJlZXQtdGF1YmUtc2NhbGVkLmF2aWYiLCJzbGlkZXNob3ciOiI1MmNjNzk1In0%3D\">\n\t\t\t\t\t<div class=\"e-gallery-image elementor-gallery-item__image\" data-thumbnail=\"https:\/\/bio-balkon.de\/wp-content\/uploads\/2021\/05\/IMG_3762-eichhoernchen-vertikalbeet-taube-225x300.avif\" data-width=\"225\" data-height=\"300\" aria-label=\"Deutlich zu erkennen ist, wie schmal dieser Balkon mit nur 60 cm Breite ist.\" role=\"img\"><\/div>\n\t\t\t\t\t\t\t\t\t\t\t<div class=\"elementor-gallery-item__overlay\"><\/div>\n\t\t\t\t\t\t\t\t\t\t\t\t\t\t<\/a>\n\t\t\t\t\t\t\t<a class=\"e-gallery-item elementor-gallery-item elementor-animated-content\" href=\"https:\/\/bio-balkon.de\/wp-content\/uploads\/2021\/05\/IMG_3768-eichhoernchen-vertikalbeet-taube-gruenkohl-blueht-super-scaled.avif\" data-elementor-open-lightbox=\"yes\" data-elementor-lightbox-slideshow=\"52cc795\" data-e-action-hash=\"#elementor-action%3Aaction%3Dlightbox%26settings%3DeyJpZCI6Mjk3ODcsInVybCI6Imh0dHBzOlwvXC9iaW8tYmFsa29uLmRlXC93cC1jb250ZW50XC91cGxvYWRzXC8yMDIxXC8wNVwvSU1HXzM3NjgtZWljaGhvZXJuY2hlbi12ZXJ0aWthbGJlZXQtdGF1YmUtZ3J1ZW5rb2hsLWJsdWVodC1zdXBlci1zY2FsZWQuYXZpZiIsInNsaWRlc2hvdyI6IjUyY2M3OTUifQ%3D%3D\">\n\t\t\t\t\t<div class=\"e-gallery-image elementor-gallery-item__image\" data-thumbnail=\"https:\/\/bio-balkon.de\/wp-content\/uploads\/2021\/05\/IMG_3768-eichhoernchen-vertikalbeet-taube-gruenkohl-blueht-super-225x300.avif\" data-width=\"225\" data-height=\"300\" aria-label role=\"img\"><\/div>\n\t\t\t\t\t\t\t\t\t\t\t<div class=\"elementor-gallery-item__overlay\"><\/div>\n\t\t\t\t\t\t\t\t\t\t\t\t\t\t<\/a>\n\t\t\t\t\t\t\t<a class=\"e-gallery-item elementor-gallery-item elementor-animated-content\" href=\"https:\/\/bio-balkon.de\/wp-content\/uploads\/2021\/05\/IMG_3774-eichhoernchen-vertikalbeet-taube-kobel-scaled.avif\" data-elementor-open-lightbox=\"yes\" data-elementor-lightbox-slideshow=\"52cc795\" data-e-action-hash=\"#elementor-action%3Aaction%3Dlightbox%26settings%3DeyJpZCI6Mjk3ODgsInVybCI6Imh0dHBzOlwvXC9iaW8tYmFsa29uLmRlXC93cC1jb250ZW50XC91cGxvYWRzXC8yMDIxXC8wNVwvSU1HXzM3NzQtZWljaGhvZXJuY2hlbi12ZXJ0aWthbGJlZXQtdGF1YmUta29iZWwtc2NhbGVkLmF2aWYiLCJzbGlkZXNob3ciOiI1MmNjNzk1In0%3D\">\n\t\t\t\t\t<div class=\"e-gallery-image elementor-gallery-item__image\" data-thumbnail=\"https:\/\/bio-balkon.de\/wp-content\/uploads\/2021\/05\/IMG_3774-eichhoernchen-vertikalbeet-taube-kobel-225x300.avif\" data-width=\"225\" data-height=\"300\" aria-label=\"Auch dieser Balkon wird von den jungen Eichh\u00f6rnchen f\u00fcr Ausfl\u00fcge genutzt.\" role=\"img\"><\/div>\n\t\t\t\t\t\t\t\t\t\t\t<div class=\"elementor-gallery-item__overlay\"><\/div>\n\t\t\t\t\t\t\t\t\t\t\t\t\t\t<\/a>\n\t\t\t\t\t<\/div>\n\t\t\t\t\t<\/div>\n\t\t\t\t<div class=\"elementor-element elementor-element-ae806dc elementor-widget elementor-widget-text-editor\" data-id=\"ae806dc\" data-element_type=\"widget\" data-e-type=\"widget\" data-widget_type=\"text-editor.default\">\n\t\t\t\t\t\t\t\t\t<p>Auf dem rech\u00adten Bild seht Ihr die Br\u00fcs\u00adtung, hin\u00adter der die Ente wohnt. So nah bei\u00adein\u00adan\u00adder. Hof\u00adfent\u00adlich geht das gut. Eich\u00adh\u00f6rn\u00adchen sind Eier-Fres\u00adser. Dass da mal ein Ei geholt wird, ist Natur und v\u00f6l\u00adlig nor\u00admal. Sonst holen z.B. auch die Kr\u00e4\u00adhen mal ein Ei. Da blei\u00adben trotz\u00addem noch wel\u00adche \u00fcbrig. Das passt und ist v\u00f6l\u00adlig ok.<\/p>\n<p>Als die Ente mit Nis\u00adten anfing, sa\u00df 50 cm um die Ecke noch eine Rin\u00adgel\u00adtau\u00adbe auf zwei Eiern. Du siehst sie auf dem lin\u00adken Bild.<\/p>\t\t\t\t\t\t\t\t<\/div>\n\t\t\t\t<div class=\"elementor-element elementor-element-be4f46a elementor-widget elementor-widget-image-gallery\" data-id=\"be4f46a\" data-element_type=\"widget\" data-e-type=\"widget\" data-widget_type=\"image-gallery.default\">\n\t\t\t\t\t\t\t<div class=\"elementor-image-gallery\">\n\t\t\t<div id=\"gallery-4\" class=\"gallery galleryid-29678 gallery-columns-4 gallery-size-thumbnail\"><figure class=\"gallery-item\">\n\t\t\t<div class=\"gallery-icon landscape\">\n\t\t\t\t<a data-elementor-open-lightbox=\"yes\" data-elementor-lightbox-slideshow=\"be4f46a\" data-e-action-hash=\"#elementor-action%3Aaction%3Dlightbox%26settings%3DeyJpZCI6MjgwOTIsInVybCI6Imh0dHBzOlwvXC9iaW8tYmFsa29uLmRlXC93cC1jb250ZW50XC91cGxvYWRzXC8yMDIxXC8wNFwvUDIyNDA5OTYtdGF1YmUtcmluZ2VsdGF1YmUtbmlzdGV0LW5lc3QtdmVydGlrYWxiZWV0LWxvXHUwMzA4d2VuemFobi1zdXBlci1zY2FsZWQuYXZpZiIsInNsaWRlc2hvdyI6ImJlNGY0NmEifQ%3D%3D\" href=\"https:\/\/bio-balkon.de\/wp-content\/uploads\/2021\/04\/P2240996-taube-ringeltaube-nistet-nest-vertikalbeet-lo\u0308wenzahn-super-scaled.avif\"><img width=\"150\" height=\"150\" src=\"https:\/\/bio-balkon.de\/wp-content\/uploads\/2021\/04\/P2240996-taube-ringeltaube-nistet-nest-vertikalbeet-lo\u0308wenzahn-super-150x150.avif\" class=\"attachment-thumbnail size-thumbnail\" alt=\"Auf der linken Seite ist das Vertikalbeet zu sehen. Auf der rechten Seite die Br\u00fcstung, wo die Stockenten-Mama Lilli nistete. Kurz vorher in der Mitte nistete noch die Ringeltaube.\" decoding=\"async\" loading=\"lazy\"><\/a>\n\t\t\t<\/div><\/figure><figure class=\"gallery-item\">\n\t\t\t<div class=\"gallery-icon landscape\">\n\t\t\t\t<a data-elementor-open-lightbox=\"yes\" data-elementor-lightbox-slideshow=\"be4f46a\" data-e-action-hash=\"#elementor-action%3Aaction%3Dlightbox%26settings%3DeyJpZCI6Mjk4MzEsInVybCI6Imh0dHBzOlwvXC9iaW8tYmFsa29uLmRlXC93cC1jb250ZW50XC91cGxvYWRzXC8yMDIxXC8wNVwvSU1HXzMzMjgtbmVzdC1yaW5nZWx0YXViZS1zdG9ja2VudGUtc2NhbGVkLmF2aWYiLCJzbGlkZXNob3ciOiJiZTRmNDZhIn0%3D\" href=\"https:\/\/bio-balkon.de\/wp-content\/uploads\/2021\/05\/IMG_3328-nest-ringeltaube-stockente-scaled.avif\"><img width=\"150\" height=\"150\" src=\"https:\/\/bio-balkon.de\/wp-content\/uploads\/2021\/05\/IMG_3328-nest-ringeltaube-stockente-150x150.avif\" class=\"attachment-thumbnail size-thumbnail\" alt=\"Deutlich ist der kurze Abstand zwischen den Nestern von Ringeltaube und Stockente zu erkennen. Es ist halt ein kleiner schmaler Balkon.\" decoding=\"async\" loading=\"lazy\"><\/a>\n\t\t\t<\/div><\/figure><figure class=\"gallery-item\">\n\t\t\t<div class=\"gallery-icon landscape\">\n\t\t\t\t<a data-elementor-open-lightbox=\"yes\" data-elementor-lightbox-slideshow=\"be4f46a\" data-e-action-hash=\"#elementor-action%3Aaction%3Dlightbox%26settings%3DeyJpZCI6Mjk4MzYsInVybCI6Imh0dHBzOlwvXC9iaW8tYmFsa29uLmRlXC93cC1jb250ZW50XC91cGxvYWRzXC8yMDIxXC8wNVwvSU1HXzM0OTEtbmVzdC1yaW5nZWx0YXViZS1zY2FsZWQuYXZpZiIsInNsaWRlc2hvdyI6ImJlNGY0NmEifQ%3D%3D\" href=\"https:\/\/bio-balkon.de\/wp-content\/uploads\/2021\/05\/IMG_3491-nest-ringeltaube-scaled.avif\"><img width=\"150\" height=\"150\" src=\"https:\/\/bio-balkon.de\/wp-content\/uploads\/2021\/05\/IMG_3491-nest-ringeltaube-150x150.avif\" class=\"attachment-thumbnail size-thumbnail\" alt=\"Hier ist das verlassene Nest der Ringeltaube zu sehen.\" decoding=\"async\" loading=\"lazy\"><\/a>\n\t\t\t<\/div><\/figure><figure class=\"gallery-item\">\n\t\t\t<div class=\"gallery-icon landscape\">\n\t\t\t\t<a data-elementor-open-lightbox=\"yes\" data-elementor-lightbox-slideshow=\"be4f46a\" data-e-action-hash=\"#elementor-action%3Aaction%3Dlightbox%26settings%3DeyJpZCI6Mjk4MzcsInVybCI6Imh0dHBzOlwvXC9iaW8tYmFsa29uLmRlXC93cC1jb250ZW50XC91cGxvYWRzXC8yMDIxXC8wNVwvSU1HXzM1MDQtbmVzdC1yaW5nZWx0YXViZS1zdG9ja2VudGUtdmVydGlrYWxiZWV0LmF2aWYiLCJzbGlkZXNob3ciOiJiZTRmNDZhIn0%3D\" href=\"https:\/\/bio-balkon.de\/wp-content\/uploads\/2021\/05\/IMG_3504-nest-ringeltaube-stockente-vertikalbeet.avif\"><img width=\"150\" height=\"150\" src=\"https:\/\/bio-balkon.de\/wp-content\/uploads\/2021\/05\/IMG_3504-nest-ringeltaube-stockente-vertikalbeet-150x150.avif\" class=\"attachment-thumbnail size-thumbnail\" alt=\"Ich kann kaum Einsicht nehmen, weil beide Niststellen auf der Ecke des schmalen Balkons sind.\" decoding=\"async\" loading=\"lazy\"><\/a>\n\t\t\t<\/div><\/figure>\n\t\t<\/div>\n\t\t<\/div>\n\t\t\t\t\t\t<\/div>\n\t\t\t\t<div class=\"elementor-element elementor-element-07d9e98 elementor-widget elementor-widget-text-editor\" data-id=\"07d9e98\" data-element_type=\"widget\" data-e-type=\"widget\" data-widget_type=\"text-editor.default\">\n\t\t\t\t\t\t\t\t\t<p>Die waren dann weg. Im Nest lagen anstel\u00adle der bei\u00adden Eier zwei hal\u00adbe Wal\u00adnuss\u00adscha\u00adlen und ein ver\u00adtrock\u00adne\u00adter Sel\u00adle\u00adrie, der als Mulch\u00adma\u00adte\u00adri\u00adal auf irgend\u00adei\u00adnem der Pflanz\u00adge\u00adf\u00e4\u00ad\u00dfe lag. Einen Tag vor\u00adher sah ich auf der rech\u00adten Ecke mei\u00adnes Bal\u00adkons in die Rich\u00adtung Rin\u00adgel\u00adtau\u00adbe schau\u00adend einen Eichel\u00adh\u00e4\u00adher. Wer es nun war, ob der Eichel\u00adh\u00e4\u00adher oder ein Eich\u00adh\u00f6rn\u00adchen, wei\u00df ich nicht. Sind die H\u00f6rn\u00adchen eine ech\u00adte Gefahr f\u00fcr die Enten\u00adei\u00ader? Oder kann ich da ent\u00adspan\u00adnen? Dass es Natur ist, ist klar. Aber wenn sie nun schon mal bei mir ist, w\u00e4re es schon Klas\u00adse, wenn sie es schafft. Dass die Rin\u00adgel\u00adtau\u00adbe ihre Eier nicht durch\u00adbrin\u00adgen konn\u00adte, ist schon scha\u00adde, denn auch im Vor\u00adjahr 2020 konn\u00adte sie ihre zwei Eier, die sie ins Nest bei den Aro\u00adnia-Bee\u00adren gelegt hat\u00adte, nicht durch\u00adbrin\u00adgen. <a href=\"https:\/\/www.youtube.com\/watch?v=-e3fWKcT2fM\" target=\"_blank\" rel=\"noopener\">Auch 2020 turn\u00adten da drei jun\u00adge H\u00f6rn\u00adchen her\u00adum<\/a> und die Eier waren dann weg. Stef\u00adfie von der Tier\u00adret\u00adtung Pots\u00addam schreibt mir: Wegen den H\u00f6rn\u00adchen w\u00fcr\u00adde ich mir kei\u00adne Sor\u00adgen machen. Es gibt kei\u00adne Garan\u00adtie, dass sie die Eier nicht holen. Aber wenn die Ente mit dem Legen fer\u00adtig ist und dann fest am Br\u00fc\u00adten ist und nicht mehr weg\u00adfliegt, haben ande\u00adre Tie\u00adre kaum noch eine Chan\u00adce, die Eier zu holen \u2013 da wehrt sich die Ente schon sehr.<\/p>\t\t\t\t\t\t\t\t<\/div>\n\t\t\t\t<div class=\"elementor-element elementor-element-60be6a8 elementor-widget elementor-widget-image-gallery\" data-id=\"60be6a8\" data-element_type=\"widget\" data-e-type=\"widget\" data-widget_type=\"image-gallery.default\">\n\t\t\t\t\t\t\t<div class=\"elementor-image-gallery\">\n\t\t\t<div id=\"gallery-5\" class=\"gallery galleryid-29678 gallery-columns-4 gallery-size-thumbnail\"><figure class=\"gallery-item\">\n\t\t\t<div class=\"gallery-icon landscape\">\n\t\t\t\t<a data-elementor-open-lightbox=\"yes\" data-elementor-lightbox-slideshow=\"60be6a8\" data-e-action-hash=\"#elementor-action%3Aaction%3Dlightbox%26settings%3DeyJpZCI6Mjk4MjEsInVybCI6Imh0dHBzOlwvXC9iaW8tYmFsa29uLmRlXC93cC1jb250ZW50XC91cGxvYWRzXC8yMDIxXC8wNVwvUDI0ODAzNzYtcmluZ2VsdGF1YmUtbmlzdGV0LXN1cGVyLXNjYWxlZC5hdmlmIiwic2xpZGVzaG93IjoiNjBiZTZhOCJ9\" href=\"https:\/\/bio-balkon.de\/wp-content\/uploads\/2021\/05\/P2480376-ringeltaube-nistet-super-scaled.avif\"><img width=\"150\" height=\"150\" src=\"https:\/\/bio-balkon.de\/wp-content\/uploads\/2021\/05\/P2480376-ringeltaube-nistet-super-150x150.avif\" class=\"attachment-thumbnail size-thumbnail\" alt=\"Auch hier unter der Aroniabeeren-Hecke nistete bereits eine Ringeltaube.\" decoding=\"async\" loading=\"lazy\"><\/a>\n\t\t\t<\/div><\/figure><figure class=\"gallery-item\">\n\t\t\t<div class=\"gallery-icon landscape\">\n\t\t\t\t<a data-elementor-open-lightbox=\"yes\" data-elementor-lightbox-slideshow=\"60be6a8\" data-e-action-hash=\"#elementor-action%3Aaction%3Dlightbox%26settings%3DeyJpZCI6Mjk4MjIsInVybCI6Imh0dHBzOlwvXC9iaW8tYmFsa29uLmRlXC93cC1jb250ZW50XC91cGxvYWRzXC8yMDIxXC8wNVwvUDI1MTAwODUtcmluZ2VsdGF1YmUtbmVzdC1zY2FsZWQuYXZpZiIsInNsaWRlc2hvdyI6IjYwYmU2YTgifQ%3D%3D\" href=\"https:\/\/bio-balkon.de\/wp-content\/uploads\/2021\/05\/P2510085-ringeltaube-nest-scaled.avif\"><img width=\"150\" height=\"150\" src=\"https:\/\/bio-balkon.de\/wp-content\/uploads\/2021\/05\/P2510085-ringeltaube-nest-150x150.avif\" class=\"attachment-thumbnail size-thumbnail\" alt=\"Das Nest der Ringeltaube lag gut getarnt unter der Aroniabeeren-Hecke.\" decoding=\"async\" loading=\"lazy\"><\/a>\n\t\t\t<\/div><\/figure><figure class=\"gallery-item\">\n\t\t\t<div class=\"gallery-icon landscape\">\n\t\t\t\t<a data-elementor-open-lightbox=\"yes\" data-elementor-lightbox-slideshow=\"60be6a8\" data-e-action-hash=\"#elementor-action%3Aaction%3Dlightbox%26settings%3DeyJpZCI6Mjk4MjMsInVybCI6Imh0dHBzOlwvXC9iaW8tYmFsa29uLmRlXC93cC1jb250ZW50XC91cGxvYWRzXC8yMDIxXC8wNVwvUDI1MTA4MDEtbmVzdC1yaW5nZWx0YXViZS1zdXBlci1zY2FsZWQuYXZpZiIsInNsaWRlc2hvdyI6IjYwYmU2YTgifQ%3D%3D\" href=\"https:\/\/bio-balkon.de\/wp-content\/uploads\/2021\/05\/P2510801-nest-ringeltaube-super-scaled.avif\"><img width=\"150\" height=\"150\" src=\"https:\/\/bio-balkon.de\/wp-content\/uploads\/2021\/05\/P2510801-nest-ringeltaube-super-150x150.avif\" class=\"attachment-thumbnail size-thumbnail\" alt=\"Zwei Ringeltauben-Eier lagen im Nest unterhalb der Aroniabeeren.\" decoding=\"async\" loading=\"lazy\"><\/a>\n\t\t\t<\/div><\/figure><figure class=\"gallery-item\">\n\t\t\t<div class=\"gallery-icon landscape\">\n\t\t\t\t<a data-elementor-open-lightbox=\"yes\" data-elementor-lightbox-slideshow=\"60be6a8\" data-e-action-hash=\"#elementor-action%3Aaction%3Dlightbox%26settings%3DeyJpZCI6ODg2MywidXJsIjoiaHR0cHM6XC9cL2Jpby1iYWxrb24uZGVcL3dwLWNvbnRlbnRcL3VwbG9hZHNcLzIwMjBcLzA3XC9QMjUxMDc4OS1uZXN0LXJpbmdlbHRhdWJlLmF2aWYiLCJzbGlkZXNob3ciOiI2MGJlNmE4In0%3D\" href=\"https:\/\/bio-balkon.de\/wp-content\/uploads\/2020\/07\/P2510789-nest-ringeltaube.avif\"><img width=\"150\" height=\"150\" src=\"https:\/\/bio-balkon.de\/wp-content\/uploads\/2020\/07\/P2510789-nest-ringeltaube-150x150.avif\" class=\"attachment-thumbnail size-thumbnail\" alt=\"Sehr sch\u00f6ne Ringeltauben-Eier im Nest.\" decoding=\"async\" loading=\"lazy\"><\/a>\n\t\t\t<\/div><\/figure>\n\t\t<\/div>\n\t\t<\/div>\n\t\t\t\t\t\t<\/div>\n\t\t\t\t<div class=\"elementor-element elementor-element-0f748ef elementor-widget elementor-widget-text-editor\" data-id=\"0f748ef\" data-element_type=\"widget\" data-e-type=\"widget\" data-widget_type=\"text-editor.default\">\n\t\t\t\t\t\t\t\t\t<p>Mor\u00adgens am 17. Mai f\u00fct\u00adter\u00adte erst\u00adma\u00adlig mein Sohn. Lil\u00adlie tole\u00adrier\u00adte es. Er stell\u00adte ihr ganz ruhig die drit\u00adte Scha\u00adle mit in Was\u00adser ein\u00adge\u00adweich\u00adten Hafer\u00adflo\u00adcken und Son\u00adnen\u00adblu\u00admen\u00adker\u00adnen hin. Sie stand auf und wich ein St\u00fcck aus in Rich\u00adtung Ecke, aber sie flog nicht weg. Wir konn\u00adten sie gut beob\u00adach\u00adten. Als wir weg waren, hol\u00adte sie sich Fut\u00adter. Das k\u00f6n\u00adnen wir nicht ein\u00adse\u00adhen, aber wir sahen, dass sie schnell etwas genascht hat\u00adte. Die\u00adses F\u00fct\u00adtern geh\u00f6rt zum Pro\u00adgramm, dass sich die Stock\u00adente an die Men\u00adschen gew\u00f6hnt, damit die Ein\u00adfang\u00adak\u00adti\u00adon von Mut\u00adter Ente und der K\u00fcken auf engem Bal\u00adkon pro\u00adblem\u00adlo\u00adser von\u00adstat\u00adten\u00adgeht.<\/p>\t\t\t\t\t\t\t\t<\/div>\n\t\t\t\t<div class=\"elementor-element elementor-element-e5c586e elementor-widget elementor-widget-image-gallery\" data-id=\"e5c586e\" data-element_type=\"widget\" data-e-type=\"widget\" data-widget_type=\"image-gallery.default\">\n\t\t\t\t\t\t\t<div class=\"elementor-image-gallery\">\n\t\t\t<div id=\"gallery-6\" class=\"gallery galleryid-29678 gallery-columns-4 gallery-size-thumbnail\"><figure class=\"gallery-item\">\n\t\t\t<div class=\"gallery-icon portrait\">\n\t\t\t\t<a data-elementor-open-lightbox=\"yes\" data-elementor-lightbox-slideshow=\"e5c586e\" data-e-action-hash=\"#elementor-action%3Aaction%3Dlightbox%26settings%3DeyJpZCI6Mjk4MDEsInVybCI6Imh0dHBzOlwvXC9iaW8tYmFsa29uLmRlXC93cC1jb250ZW50XC91cGxvYWRzXC8yMDIxXC8wNVwvSU1HXzQxNTQtZW50ZS1QYXVsLXNjYWxlZC5hdmlmIiwic2xpZGVzaG93IjoiZTVjNTg2ZSJ9\" href=\"https:\/\/bio-balkon.de\/wp-content\/uploads\/2021\/05\/IMG_4154-ente-Paul-scaled.avif\"><img width=\"150\" height=\"150\" src=\"https:\/\/bio-balkon.de\/wp-content\/uploads\/2021\/05\/IMG_4154-ente-Paul-150x150.avif\" class=\"attachment-thumbnail size-thumbnail\" alt=\"Mein Sohn schaut sofort nach dem Aufstehen zum Nest der Stockenten-Mama.\" decoding=\"async\" loading=\"lazy\"><\/a>\n\t\t\t<\/div><\/figure><figure class=\"gallery-item\">\n\t\t\t<div class=\"gallery-icon portrait\">\n\t\t\t\t<a data-elementor-open-lightbox=\"yes\" data-elementor-lightbox-slideshow=\"e5c586e\" data-e-action-hash=\"#elementor-action%3Aaction%3Dlightbox%26settings%3DeyJpZCI6Mjk4MDQsInVybCI6Imh0dHBzOlwvXC9iaW8tYmFsa29uLmRlXC93cC1jb250ZW50XC91cGxvYWRzXC8yMDIxXC8wNVwvSU1HXzQxODMtZW50ZS1zY2FsZWQuYXZpZiIsInNsaWRlc2hvdyI6ImU1YzU4NmUifQ%3D%3D\" href=\"https:\/\/bio-balkon.de\/wp-content\/uploads\/2021\/05\/IMG_4183-ente-scaled.avif\"><img width=\"150\" height=\"150\" src=\"https:\/\/bio-balkon.de\/wp-content\/uploads\/2021\/05\/IMG_4183-ente-150x150.avif\" class=\"attachment-thumbnail size-thumbnail\" alt decoding=\"async\" loading=\"lazy\"><\/a>\n\t\t\t<\/div><\/figure><figure class=\"gallery-item\">\n\t\t\t<div class=\"gallery-icon portrait\">\n\t\t\t\t<a data-elementor-open-lightbox=\"yes\" data-elementor-lightbox-slideshow=\"e5c586e\" data-e-action-hash=\"#elementor-action%3Aaction%3Dlightbox%26settings%3DeyJpZCI6Mjk3OTksInVybCI6Imh0dHBzOlwvXC9iaW8tYmFsa29uLmRlXC93cC1jb250ZW50XC91cGxvYWRzXC8yMDIxXC8wNVwvSU1HXzQxNzMtZW50ZS1wYXVsLXNjYWxlZC5hdmlmIiwic2xpZGVzaG93IjoiZTVjNTg2ZSJ9\" href=\"https:\/\/bio-balkon.de\/wp-content\/uploads\/2021\/05\/IMG_4173-ente-paul-scaled.avif\"><img width=\"150\" height=\"150\" src=\"https:\/\/bio-balkon.de\/wp-content\/uploads\/2021\/05\/IMG_4173-ente-paul-150x150.avif\" class=\"attachment-thumbnail size-thumbnail\" alt=\"Mein Sohn ist sehr interessiert am Nest der Stockenten-Mama Lillie.\" decoding=\"async\" loading=\"lazy\"><\/a>\n\t\t\t<\/div><\/figure><figure class=\"gallery-item\">\n\t\t\t<div class=\"gallery-icon landscape\">\n\t\t\t\t<a data-elementor-open-lightbox=\"yes\" data-elementor-lightbox-slideshow=\"e5c586e\" data-e-action-hash=\"#elementor-action%3Aaction%3Dlightbox%26settings%3DeyJpZCI6Mjk4MDUsInVybCI6Imh0dHBzOlwvXC9iaW8tYmFsa29uLmRlXC93cC1jb250ZW50XC91cGxvYWRzXC8yMDIxXC8wNVwvSU1HXzQxOTMtZW50ZS1mdXR0ZXItc2NhbGVkLmF2aWYiLCJzbGlkZXNob3ciOiJlNWM1ODZlIn0%3D\" href=\"https:\/\/bio-balkon.de\/wp-content\/uploads\/2021\/05\/IMG_4193-ente-futter-scaled.avif\"><img width=\"150\" height=\"150\" src=\"https:\/\/bio-balkon.de\/wp-content\/uploads\/2021\/05\/IMG_4193-ente-futter-150x150.avif\" class=\"attachment-thumbnail size-thumbnail\" alt=\"Jeden Morgen stellt er frisches Wasser hin und Haferflocken-Brei.\" decoding=\"async\" loading=\"lazy\"><\/a>\n\t\t\t<\/div><\/figure>\n\t\t<\/div>\n\t\t<\/div>\n\t\t\t\t\t\t<\/div>\n\t\t\t\t<div class=\"elementor-element elementor-element-86ad5ac elementor-widget elementor-widget-text-editor\" data-id=\"86ad5ac\" data-element_type=\"widget\" data-e-type=\"widget\" data-widget_type=\"text-editor.default\">\n\t\t\t\t\t\t\t\t\t<p>Mein Sohn genoss sicht\u00adlich die\u00adse mor\u00adgend\u00adli\u00adchen F\u00fct\u00adte\u00adrun\u00adgen. Gleich nach dem Auf\u00adste\u00adhen, noch im Schlaf\u00adan\u00adzug, misch\u00adte er den Brei zusam\u00admen und schau\u00adte nach ihr. Dabei rede\u00adte er lei\u00adse zu ihr, damit sie sich an uns Men\u00adschen gew\u00f6hnt. Lei\u00adder hat Stock\u00adente Lil\u00adli nicht wei\u00adter\u00adge\u00adbr\u00fc\u00adtet. Als mein Sohn ihr mor\u00adgens am 20. Mai den Brei hin\u00adstel\u00adlen woll\u00adte, sa\u00df sie nicht in ihrer Ecke. Sie hat die Eier gut mit wun\u00adder\u00adsch\u00f6\u00adnen Dau\u00adnen abge\u00addeckt und ist wie jede Nacht zum Fenn\u00adsee geflo\u00adgen, um sich mit Nah\u00adrung zu ver\u00adsor\u00adgen. Sie ist nicht zur\u00fcck\u00adge\u00adkehrt.&nbsp;<\/p>\t\t\t\t\t\t\t\t<\/div>\n\t\t\t\t<div class=\"elementor-element elementor-element-c9dc326 elementor-widget elementor-widget-image-gallery\" data-id=\"c9dc326\" data-element_type=\"widget\" data-e-type=\"widget\" data-widget_type=\"image-gallery.default\">\n\t\t\t\t\t\t\t<div class=\"elementor-image-gallery\">\n\t\t\t<div id=\"gallery-7\" class=\"gallery galleryid-29678 gallery-columns-4 gallery-size-thumbnail\"><figure class=\"gallery-item\">\n\t\t\t<div class=\"gallery-icon landscape\">\n\t\t\t\t<a data-elementor-open-lightbox=\"yes\" data-elementor-lightbox-slideshow=\"c9dc326\" data-e-action-hash=\"#elementor-action%3Aaction%3Dlightbox%26settings%3DeyJpZCI6MzAyMzIsInVybCI6Imh0dHBzOlwvXC9iaW8tYmFsa29uLmRlXC93cC1jb250ZW50XC91cGxvYWRzXC8yMDIxXC8wNVwvSU1HXzU0MzAtZW50ZS1uZXN0LWZsb2NrZW5ibHVtZS1zY2FsZWQuYXZpZiIsInNsaWRlc2hvdyI6ImM5ZGMzMjYifQ%3D%3D\" href=\"https:\/\/bio-balkon.de\/wp-content\/uploads\/2021\/05\/IMG_5430-ente-nest-flockenblume-scaled.avif\"><img width=\"150\" height=\"150\" src=\"https:\/\/bio-balkon.de\/wp-content\/uploads\/2021\/05\/IMG_5430-ente-nest-flockenblume-150x150.avif\" class=\"attachment-thumbnail size-thumbnail\" alt=\"Das Stockenten-Nest lag sehr versteckt neben China-Lauch und Flockenblume.\" decoding=\"async\" loading=\"lazy\"><\/a>\n\t\t\t<\/div><\/figure><figure class=\"gallery-item\">\n\t\t\t<div class=\"gallery-icon portrait\">\n\t\t\t\t<a data-elementor-open-lightbox=\"yes\" data-elementor-lightbox-slideshow=\"c9dc326\" data-e-action-hash=\"#elementor-action%3Aaction%3Dlightbox%26settings%3DeyJpZCI6MzAyMzEsInVybCI6Imh0dHBzOlwvXC9iaW8tYmFsa29uLmRlXC93cC1jb250ZW50XC91cGxvYWRzXC8yMDIxXC8wNVwvSU1HXzUzMzctZW50ZS1uZXN0LXNjYWxlZC5hdmlmIiwic2xpZGVzaG93IjoiYzlkYzMyNiJ9\" href=\"https:\/\/bio-balkon.de\/wp-content\/uploads\/2021\/05\/IMG_5337-ente-nest-scaled.avif\"><img width=\"150\" height=\"150\" src=\"https:\/\/bio-balkon.de\/wp-content\/uploads\/2021\/05\/IMG_5337-ente-nest-150x150.avif\" class=\"attachment-thumbnail size-thumbnail\" alt=\"Hier ist gut die Auspolsterung des Stockenten-Nestes auf unserem Balkon mit Enten-Federn zu erkennen.\" decoding=\"async\" loading=\"lazy\"><\/a>\n\t\t\t<\/div><\/figure><figure class=\"gallery-item\">\n\t\t\t<div class=\"gallery-icon portrait\">\n\t\t\t\t<a data-elementor-open-lightbox=\"yes\" data-elementor-lightbox-slideshow=\"c9dc326\" data-e-action-hash=\"#elementor-action%3Aaction%3Dlightbox%26settings%3DeyJpZCI6MzAyMzMsInVybCI6Imh0dHBzOlwvXC9iaW8tYmFsa29uLmRlXC93cC1jb250ZW50XC91cGxvYWRzXC8yMDIxXC8wNVwvSU1HXzUzNDYtZW50ZS1uZXN0LXNjYWxlZC5hdmlmIiwic2xpZGVzaG93IjoiYzlkYzMyNiJ9\" href=\"https:\/\/bio-balkon.de\/wp-content\/uploads\/2021\/05\/IMG_5346-ente-nest-scaled.avif\"><img width=\"150\" height=\"150\" src=\"https:\/\/bio-balkon.de\/wp-content\/uploads\/2021\/05\/IMG_5346-ente-nest-150x150.avif\" class=\"attachment-thumbnail size-thumbnail\" alt=\"Es fing an zu nieseln und die frei liegenden Daunen sch\u00fctzten die Eier.\" decoding=\"async\" loading=\"lazy\"><\/a>\n\t\t\t<\/div><\/figure><figure class=\"gallery-item\">\n\t\t\t<div class=\"gallery-icon portrait\">\n\t\t\t\t<a data-elementor-open-lightbox=\"yes\" data-elementor-lightbox-slideshow=\"c9dc326\" data-e-action-hash=\"#elementor-action%3Aaction%3Dlightbox%26settings%3DeyJpZCI6MzAyMzQsInVybCI6Imh0dHBzOlwvXC9iaW8tYmFsa29uLmRlXC93cC1jb250ZW50XC91cGxvYWRzXC8yMDIxXC8wNVwvSU1HXzU0NDUtZW50ZS1uZXN0LWZsb2NrZW5ibHVtZS1zY2FsZWQuYXZpZiIsInNsaWRlc2hvdyI6ImM5ZGMzMjYifQ%3D%3D\" href=\"https:\/\/bio-balkon.de\/wp-content\/uploads\/2021\/05\/IMG_5445-ente-nest-flockenblume-scaled.avif\"><img width=\"150\" height=\"150\" src=\"https:\/\/bio-balkon.de\/wp-content\/uploads\/2021\/05\/IMG_5445-ente-nest-flockenblume-150x150.avif\" class=\"attachment-thumbnail size-thumbnail\" alt=\"Deutlich sind die Knospen der Flockenblume zu sehen.\" decoding=\"async\" loading=\"lazy\"><\/a>\n\t\t\t<\/div><\/figure>\n\t\t<\/div>\n\t\t<\/div>\n\t\t\t\t\t\t<\/div>\n\t\t\t\t<div class=\"elementor-element elementor-element-a11015c elementor-widget elementor-widget-text-editor\" data-id=\"a11015c\" data-element_type=\"widget\" data-e-type=\"widget\" data-widget_type=\"text-editor.default\">\n\t\t\t\t\t\t\t\t\t<p>Wir sind immer noch ganz trau\u00adrig, dass sie nicht mehr im Eck sitzt und br\u00fc\u00adtet. Nat\u00fcr\u00adlich \u00fcber\u00adleg\u00adten wir, was k\u00f6nn\u00adte die Ursa\u00adche sein, dass sie ihr Gele\u00adge im Stich gelas\u00adsen hat. Waren es die jun\u00adgen Eich\u00adh\u00f6rn\u00adchen, die nun auch die\u00adsen zwei\u00adten Bal\u00adkon ent\u00addeckt hat\u00adten? Min\u00addes\u00adtens eins schlief in der Nist\u00adhil\u00adfe f\u00fcr die Sper\u00adlin\u00adge auf dem Ver\u00adti\u00adkal\u00adbeet \u2013 nicht mal zwei Meter Luft\u00adli\u00adni\u00aden-Ent\u00adfer\u00adnung sind das. Manch\u00admal schau\u00adte ein Kopf aus der Nist\u00adhil\u00adfe her\u00adaus. Die jun\u00adgen Eich\u00adh\u00f6rn\u00adchen sah ich auf der Br\u00fcs\u00adtung und dahin\u00adter her\u00adum\u00adlau\u00adfen. Sie ent\u00addeck\u00adten, dass sie um unse\u00adre Woh\u00adnung her\u00adum\u00adklet\u00adtern konn\u00adten: Von \u201eihrem\u201c Bal\u00adkon die Wand ent\u00adlang zum Fens\u00adter\u00adbrett mei\u00adnes Wohn\u00adzim\u00admers, die Wand ent\u00adlang zum Zim\u00admer mei\u00adnes Soh\u00adnes. Dort lieb\u00adten sie es, Blatt\u00adl\u00e4u\u00adse abzu\u00adlut\u00adschen und Man\u00adgold zu fres\u00adsen. Dann an der Wand ent\u00adlang zur Ter\u00adras\u00adse der obers\u00adten Woh\u00adnung vom Nach\u00adbar\u00adauf\u00adgang. Br\u00fcs\u00adtung ent\u00adlang zum Nasch\u00adbal\u00adkon, wo eben die Lil\u00adli br\u00fc\u00adte\u00adte und davor die Rin\u00adgel\u00adtau\u00adbe.<\/p>\t\t\t\t\t\t\t\t<\/div>\n\t\t\t\t<div class=\"elementor-element elementor-element-4e051f8 elementor-widget elementor-widget-image-gallery\" data-id=\"4e051f8\" data-element_type=\"widget\" data-e-type=\"widget\" data-widget_type=\"image-gallery.default\">\n\t\t\t\t\t\t\t<div class=\"elementor-image-gallery\">\n\t\t\t<div id=\"gallery-8\" class=\"gallery galleryid-29678 gallery-columns-4 gallery-size-thumbnail\"><figure class=\"gallery-item\">\n\t\t\t<div class=\"gallery-icon portrait\">\n\t\t\t\t<a data-elementor-open-lightbox=\"yes\" data-elementor-lightbox-slideshow=\"4e051f8\" data-e-action-hash=\"#elementor-action%3Aaction%3Dlightbox%26settings%3DeyJpZCI6MzAyNDAsInVybCI6Imh0dHBzOlwvXC9iaW8tYmFsa29uLmRlXC93cC1jb250ZW50XC91cGxvYWRzXC8yMDIxXC8wNVwvSU1HXzU1OTItanVuZ2UtZWljaGhvZXJuY2hlbi1rb2JlbC1zcGVybGluZ2Utc2NhbGVkLmF2aWYiLCJzbGlkZXNob3ciOiI0ZTA1MWY4In0%3D\" href=\"https:\/\/bio-balkon.de\/wp-content\/uploads\/2021\/05\/IMG_5592-junge-eichhoernchen-kobel-sperlinge-scaled.avif\"><img width=\"150\" height=\"150\" src=\"https:\/\/bio-balkon.de\/wp-content\/uploads\/2021\/05\/IMG_5592-junge-eichhoernchen-kobel-sperlinge-150x150.avif\" class=\"attachment-thumbnail size-thumbnail\" alt=\"Mindestens ein junges Eichh\u00f6rnchen schl\u00e4ft in der Sperlings-Nisthilfe.\" decoding=\"async\" loading=\"lazy\"><\/a>\n\t\t\t<\/div><\/figure><figure class=\"gallery-item\">\n\t\t\t<div class=\"gallery-icon landscape\">\n\t\t\t\t<a data-elementor-open-lightbox=\"yes\" data-elementor-lightbox-slideshow=\"4e051f8\" data-e-action-hash=\"#elementor-action%3Aaction%3Dlightbox%26settings%3DeyJpZCI6MzAyNDEsInVybCI6Imh0dHBzOlwvXC9iaW8tYmFsa29uLmRlXC93cC1jb250ZW50XC91cGxvYWRzXC8yMDIxXC8wNVwvUDEwMDA1OTQtZWljaGhvZXJuY2hlbi1mZW5zdGVyLWJyZW5ubmVzc2Vsbi1hc2lhLXNhbGF0LWJsdWVodC1jb2wtc2NhbGVkLmF2aWYiLCJzbGlkZXNob3ciOiI0ZTA1MWY4In0%3D\" href=\"https:\/\/bio-balkon.de\/wp-content\/uploads\/2021\/05\/P1000594-eichhoernchen-fenster-brennnesseln-asia-salat-blueht-col-scaled.avif\"><img width=\"150\" height=\"150\" src=\"https:\/\/bio-balkon.de\/wp-content\/uploads\/2021\/05\/P1000594-eichhoernchen-fenster-brennnesseln-asia-salat-blueht-col-150x150.avif\" class=\"attachment-thumbnail size-thumbnail\" alt=\"Auf diesem Balkonkasten in meinem Zimmer - in der frei gebissenen L\u00fccke rechts vom Asia-Salat &quot;Red Giant&quot; - schliefen eine Zeitlang zwei der jungen Eichh\u00f6rnchen.\" decoding=\"async\" loading=\"lazy\"><\/a>\n\t\t\t<\/div><\/figure><figure class=\"gallery-item\">\n\t\t\t<div class=\"gallery-icon portrait\">\n\t\t\t\t<a data-elementor-open-lightbox=\"yes\" data-elementor-lightbox-slideshow=\"4e051f8\" data-e-action-hash=\"#elementor-action%3Aaction%3Dlightbox%26settings%3DeyJpZCI6MzAyNDQsInVybCI6Imh0dHBzOlwvXC9iaW8tYmFsa29uLmRlXC93cC1jb250ZW50XC91cGxvYWRzXC8yMDIxXC8wNVwvUDEwMDA1MjAtendlaS1laWNoaG9lcm5jaGVuLWZyZXNzZW4tbWFuZ29sZC1mZW5zdGVyLWthbGVuZGVyLXN1cGVyLWNvbC1zY2FsZWQuYXZpZiIsInNsaWRlc2hvdyI6IjRlMDUxZjgifQ%3D%3D\" href=\"https:\/\/bio-balkon.de\/wp-content\/uploads\/2021\/05\/P1000520-zwei-eichhoernchen-fressen-mangold-fenster-kalender-super-col-scaled.avif\"><img width=\"150\" height=\"150\" src=\"https:\/\/bio-balkon.de\/wp-content\/uploads\/2021\/05\/P1000520-zwei-eichhoernchen-fressen-mangold-fenster-kalender-super-col-150x150.avif\" class=\"attachment-thumbnail size-thumbnail\" alt=\"Die Eichh\u00f6rnchen entdeckten den Mangold im Balkonkasten auf dem Fensterbrett.. Hier futtern gerade zwei.\" decoding=\"async\" loading=\"lazy\"><\/a>\n\t\t\t<\/div><\/figure><figure class=\"gallery-item\">\n\t\t\t<div class=\"gallery-icon landscape\">\n\t\t\t\t<a data-elementor-open-lightbox=\"yes\" data-elementor-lightbox-slideshow=\"4e051f8\" data-e-action-hash=\"#elementor-action%3Aaction%3Dlightbox%26settings%3DeyJpZCI6MzAyNDMsInVybCI6Imh0dHBzOlwvXC9iaW8tYmFsa29uLmRlXC93cC1jb250ZW50XC91cGxvYWRzXC8yMDIxXC8wNVwvUDEwMDA1MjgtZWljaGhvZXJuY2hlbi1sYWJrcmF1dC1mZW5zdGVyLXN1cGVyLWNvbC1zY2FsZWQuYXZpZiIsInNsaWRlc2hvdyI6IjRlMDUxZjgifQ%3D%3D\" href=\"https:\/\/bio-balkon.de\/wp-content\/uploads\/2021\/05\/P1000528-eichhoernchen-labkraut-fenster-super-col-scaled.avif\"><img width=\"150\" height=\"150\" src=\"https:\/\/bio-balkon.de\/wp-content\/uploads\/2021\/05\/P1000528-eichhoernchen-labkraut-fenster-super-col-150x150.avif\" class=\"attachment-thumbnail size-thumbnail\" alt=\"Hier sitzt ein Eichh\u00f6rnchen im Kletten-Labkraut und futtert eine Bl\u00fcte der Erdbeerpflanze, die gnadenlos \u00fcberwuchert wurde.\" decoding=\"async\" loading=\"lazy\"><\/a>\n\t\t\t<\/div><\/figure>\n\t\t<\/div>\n\t\t<\/div>\n\t\t\t\t\t\t<\/div>\n\t\t\t\t<div class=\"elementor-element elementor-element-d41b140 elementor-widget elementor-widget-text-editor\" data-id=\"d41b140\" data-element_type=\"widget\" data-e-type=\"widget\" data-widget_type=\"text-editor.default\">\n\t\t\t\t\t\t\t\t\t<p>Waren es die lau\u00adten Bau\u00adar\u00adbei\u00adten, die am Vor\u00adtag auf der ande\u00adren Stra\u00ad\u00dfen\u00adsei\u00adte am genau gegen\u00ad\u00fcber\u00adlie\u00adgen\u00adden Haus\u00adauf\u00adgang began\u00adnen? Dort wur\u00adde die Haus\u00adwand ein\u00adge\u00adr\u00fcs\u00adtet, wir wis\u00adsen, wie laut das sein kann, wenn Metall\u00adroh\u00adre mon\u00adtiert wer\u00adden.<\/p>\n<p>Mir fiel in die\u00adsen Tag sehr ein Eichel\u00adh\u00e4\u00adher auf, der unse\u00adren Bal\u00adkon beob\u00adach\u00adte\u00adte. Der sich viel\u00adleicht die Eier der Rin\u00adgel\u00adtau\u00adbe geholt hat, die kurz vor\u00adher dort im Eck genis\u00adtet hat\u00adte, bevor Lil\u00adli sich unse\u00adren Bal\u00adkon aus\u00ader\u00adkor. Aber auch da wis\u00adsen wir eben nicht, war es der Eichel\u00adh\u00e4\u00adher oder die jun\u00adgen Eich\u00adh\u00f6rn\u00adchen.<\/p>\n<p>Ihr kann am Teich etwas zuge\u00adsto\u00ad\u00dfen sein. Stef\u00adfie von der Tier\u00adret\u00adtung Pots\u00addam schrieb: \u201eWenn sie die Eier bedeckt hat, dann hat sie geplant, sie allein zu las\u00adsen. Sie kommt bestimmt wie\u00adder. Du kannst aber mal an Gew\u00e4s\u00adsern bei euch in der N\u00e4he spa\u00adzie\u00adren und schau\u00aden, ob du eine ver\u00adletz\u00adte Ente sich\u00adtest.\u201c Aber wir haben sie dort nicht ver\u00adletzt gefun\u00adden. Wir sind sie an unse\u00adrem nahe\u00adge\u00adle\u00adge\u00adnen Fenn\u00adsee suchen gegan\u00adgen, ob wir sie ver\u00adletzt fin\u00adden. Haben die gesam\u00adte Ufer\u00adzo\u00adne abge\u00adsucht. Ein P\u00e4r\u00adchen war am See sehr zutrau\u00adlich, da hat\u00adten S\u00f6hn\u00adchen und ich das Gef\u00fchl, es k\u00f6nn\u00adte unse\u00adre Lil\u00adli sein. Ansons\u00adten waren am See zwei P\u00e4r\u00adchen, eins mit Nach\u00adwuchs, und sie\u00adben Erpel.&nbsp;<\/p>\n<p>Bei die\u00adser Grup\u00adpe M\u00e4nn\u00adchen dach\u00adten wir sofort an die Pas\u00adsa\u00adge aus dem NABU-Bei\u00adtrag zu Stock\u00aden\u00adten\u00adauf\u00adzuch\u00adten auf dem Bal\u00adkon, wenn die Enten\u00admut\u00adter mit den Jun\u00adgen zum Gew\u00e4s\u00adser gebracht wird: \u201eAch\u00adten Sie dar\u00adauf, ob sich an dem Frei\u00adlas\u00adsungs\u00adort vie\u00adle Erpel auf\u00adhal\u00adten. Die Men\u00adge an Erpeln \u00fcber\u00adsteigt die der weib\u00adli\u00adchen Alten\u00adten. Nicht sel\u00adten wer\u00adden K\u00fcken f\u00fch\u00adren\u00adde Weib\u00adchen von meh\u00adre\u00adren M\u00e4nn\u00adchen direkt auf dem Gew\u00e4s\u00adser begat\u00adtet, was die K\u00fcken unter Umst\u00e4n\u00adden abtrei\u00adben l\u00e4sst. Es sind zahl\u00adrei\u00adche F\u00e4l\u00adle doku\u00admen\u00adtiert, bei denen das Weib\u00adchen von \u00fcber\u00adeif\u00adri\u00adgen M\u00e4nn\u00adchen ertr\u00e4nkt wird.\u201c Die\u00adse Pas\u00adsa\u00adge besch\u00e4f\u00adtig\u00adte uns sehr.<\/p>\t\t\t\t\t\t\t\t<\/div>\n\t\t\t\t<div class=\"elementor-element elementor-element-f444014 elementor-widget elementor-widget-image-gallery\" data-id=\"f444014\" data-element_type=\"widget\" data-e-type=\"widget\" data-widget_type=\"image-gallery.default\">\n\t\t\t\t\t\t\t<div class=\"elementor-image-gallery\">\n\t\t\t<div id=\"gallery-9\" class=\"gallery galleryid-29678 gallery-columns-4 gallery-size-thumbnail\"><figure class=\"gallery-item\">\n\t\t\t<div class=\"gallery-icon landscape\">\n\t\t\t\t<a data-elementor-open-lightbox=\"yes\" data-elementor-lightbox-slideshow=\"f444014\" data-e-action-hash=\"#elementor-action%3Aaction%3Dlightbox%26settings%3DeyJpZCI6MzAyMjMsInVybCI6Imh0dHBzOlwvXC9iaW8tYmFsa29uLmRlXC93cC1jb250ZW50XC91cGxvYWRzXC8yMDIxXC8wNVwvSU1HXzU3NjctZW50ZS1uZXN0LWZlbm5zZWUtc2NhbGVkLmF2aWYiLCJzbGlkZXNob3ciOiJmNDQ0MDE0In0%3D\" href=\"https:\/\/bio-balkon.de\/wp-content\/uploads\/2021\/05\/IMG_5767-ente-nest-fennsee-scaled.avif\"><img width=\"150\" height=\"150\" src=\"https:\/\/bio-balkon.de\/wp-content\/uploads\/2021\/05\/IMG_5767-ente-nest-fennsee-150x150.avif\" class=\"attachment-thumbnail size-thumbnail\" alt=\"5 m\u00e4nnliche Stockenten sammelten sich an einem Ende vom Fennsee.\" decoding=\"async\" loading=\"lazy\"><\/a>\n\t\t\t<\/div><\/figure><figure class=\"gallery-item\">\n\t\t\t<div class=\"gallery-icon landscape\">\n\t\t\t\t<a data-elementor-open-lightbox=\"yes\" data-elementor-lightbox-slideshow=\"f444014\" data-e-action-hash=\"#elementor-action%3Aaction%3Dlightbox%26settings%3DeyJpZCI6MzAyMTksInVybCI6Imh0dHBzOlwvXC9iaW8tYmFsa29uLmRlXC93cC1jb250ZW50XC91cGxvYWRzXC8yMDIxXC8wNVwvSU1HXzU2NTAtZW50ZS1uZXN0LWZlbm5zZWUtc2NhbGVkLmF2aWYiLCJzbGlkZXNob3ciOiJmNDQ0MDE0In0%3D\" href=\"https:\/\/bio-balkon.de\/wp-content\/uploads\/2021\/05\/IMG_5650-ente-nest-fennsee-scaled.avif\"><img width=\"150\" height=\"150\" src=\"https:\/\/bio-balkon.de\/wp-content\/uploads\/2021\/05\/IMG_5650-ente-nest-fennsee-150x150.avif\" class=\"attachment-thumbnail size-thumbnail\" alt=\"Dieses Stockenten-P\u00e4rchen war sehr zutraulich.\" decoding=\"async\" loading=\"lazy\"><\/a>\n\t\t\t<\/div><\/figure><figure class=\"gallery-item\">\n\t\t\t<div class=\"gallery-icon portrait\">\n\t\t\t\t<a data-elementor-open-lightbox=\"yes\" data-elementor-lightbox-slideshow=\"f444014\" data-e-action-hash=\"#elementor-action%3Aaction%3Dlightbox%26settings%3DeyJpZCI6MzAyMjEsInVybCI6Imh0dHBzOlwvXC9iaW8tYmFsa29uLmRlXC93cC1jb250ZW50XC91cGxvYWRzXC8yMDIxXC8wNVwvSU1HXzU3MzEtZW50ZS1uZXN0LWZlbm5zZWUtc2NhbGVkLmF2aWYiLCJzbGlkZXNob3ciOiJmNDQ0MDE0In0%3D\" href=\"https:\/\/bio-balkon.de\/wp-content\/uploads\/2021\/05\/IMG_5731-ente-nest-fennsee-scaled.avif\"><img width=\"150\" height=\"150\" src=\"https:\/\/bio-balkon.de\/wp-content\/uploads\/2021\/05\/IMG_5731-ente-nest-fennsee-150x150.avif\" class=\"attachment-thumbnail size-thumbnail\" alt=\"Wir hatten beim Beobachten das Gef\u00fchl, es k\u00f6nnte unsere Stockente Lilli sein.\" decoding=\"async\" loading=\"lazy\"><\/a>\n\t\t\t<\/div><\/figure><figure class=\"gallery-item\">\n\t\t\t<div class=\"gallery-icon landscape\">\n\t\t\t\t<a data-elementor-open-lightbox=\"yes\" data-elementor-lightbox-slideshow=\"f444014\" data-e-action-hash=\"#elementor-action%3Aaction%3Dlightbox%26settings%3DeyJpZCI6MzAyMjIsInVybCI6Imh0dHBzOlwvXC9iaW8tYmFsa29uLmRlXC93cC1jb250ZW50XC91cGxvYWRzXC8yMDIxXC8wNVwvSU1HXzU3NDItZW50ZS1uZXN0LWZlbm5zZWUtc2NhbGVkLmF2aWYiLCJzbGlkZXNob3ciOiJmNDQ0MDE0In0%3D\" href=\"https:\/\/bio-balkon.de\/wp-content\/uploads\/2021\/05\/IMG_5742-ente-nest-fennsee-scaled.avif\"><img width=\"150\" height=\"150\" src=\"https:\/\/bio-balkon.de\/wp-content\/uploads\/2021\/05\/IMG_5742-ente-nest-fennsee-150x150.avif\" class=\"attachment-thumbnail size-thumbnail\" alt=\"Wir genossen beim Beobachten sehr, dieses synchrone Gr\u00fcndeln der Stockenten.\" decoding=\"async\" loading=\"lazy\"><\/a>\n\t\t\t<\/div><\/figure>\n\t\t<\/div>\n\t\t<\/div>\n\t\t\t\t\t\t<\/div>\n\t\t\t\t<div class=\"elementor-element elementor-element-e25a6c1 elementor-widget elementor-widget-text-editor\" data-id=\"e25a6c1\" data-element_type=\"widget\" data-e-type=\"widget\" data-widget_type=\"text-editor.default\">\n\t\t\t\t\t\t\t\t\t<p>Wir wis\u00adsen also kei\u00adne Ursa\u00adche.<\/p>\n<p>Drei Tage sp\u00e4\u00adter haben wir dann die Eier her\u00adein\u00adge\u00adholt, um sie auf\u00adzu\u00adhe\u00adben. Statt acht waren es nur noch sechs Eier, es hat\u00adte sich schon jemand bedient. Stef\u00adfie mein\u00adte: \u201eAber wenn die Eier jetzt eh zum Ster\u00adben ver\u00adur\u00adteilt sind, dann lass sie wenigs\u00adtens dei\u00adnen H\u00f6rnchen\/der Natur. Dann hat\u00adte es wenigs\u00adtens das als Grund, da zu sein und lan\u00addet nicht im M\u00fcll \ud83d\ude15\u201c. Der Ein\u00adwand ist sehr berech\u00adtigt, aber das brach\u00adten wir bei\u00adde nicht \u00fcbers Herz.<\/p>\t\t\t\t\t\t\t\t<\/div>\n\t\t\t\t<div class=\"elementor-element elementor-element-49aa5e6 elementor-widget elementor-widget-heading\" data-id=\"49aa5e6\" data-element_type=\"widget\" data-e-type=\"widget\" data-widget_type=\"heading.default\">\n\t\t\t\t\t<h2 class=\"elementor-heading-title elementor-size-default\">Fach\u00adin\u00adfor\u00adma\u00adtio\u00adnen zum h\u00e4u\u00adfi\u00adgen Nis\u00adten einer Ente auf dem Bal\u00adkon<\/h2>\t\t\t\t<\/div>\n\t\t\t\t<div class=\"elementor-element elementor-element-4abc735 elementor-widget elementor-widget-text-editor\" data-id=\"4abc735\" data-element_type=\"widget\" data-e-type=\"widget\" data-widget_type=\"text-editor.default\">\n\t\t\t\t\t\t\t\t\t<p><!-- \/wp:paragraph --><!-- wp:paragraph --><\/p>\n<p>Infor\u00adma\u00adtio\u00adnen zu Stock\u00adenten auf Bal\u00adko\u00adnen und dem Ber\u00adli\u00adner \u201eEnten\u00adta\u00adxi\u201c gibt es hier: <a href=\"https:\/\/berlin.nabu.de\/tiere-und-pflanzen\/was-tun-wenn\/18762.html\" target=\"_blank\" rel=\"noreferrer noopener\">Fr\u00fch\u00adlings\u00adzeit ist Balkonenten\u201c-Zeit<\/a>. Hier gibt es <a href=\"https:\/\/berlin.nabu.de\/imperia\/md\/nabu\/images\/regional\/berlin\/projekte\/wildvogelstation\/infomaterial_6_stockentenbruten.pdf\" target=\"_blank\" rel=\"noreferrer noopener\">Ver\u00adhal\u00adtens\u00adtipps und M\u00f6g\u00adlich\u00adkei\u00adten der Umsied\u00adlung bei einem gesich\u00adte\u00adten Stock\u00aden\u00adten\u00adnest auf dem Bal\u00adkon<\/a> mit dem Mel\u00adde\u00adfor\u00admu\u00adlar f\u00fcr Ber\u00adli\u00adner Stock\u00aden\u00adten\u00adbru\u00adten auf dem Bal\u00adkon. Abh\u00e4n\u00adgig von vie\u00adlen \u00e4u\u00dfe\u00adren Ein\u00adfl\u00fcs\u00adsen, wie bei\u00adspiels\u00adwei\u00adse mas\u00adsi\u00adven Schlecht\u00adwet\u00adter\u00adpe\u00adri\u00adoden, ver\u00adlas\u00adsen sie ihr Nest f\u00fcr gew\u00f6hn\u00adlich 6 bis 12 Stun\u00adden nach dem Schl\u00fcp\u00adfen. Hier ist noch ein sehr infor\u00adma\u00adti\u00adves Mate\u00adri\u00adal der NABU Wild\u00advo\u00adgel\u00adsta\u00adti\u00adon Ber\u00adlin zu <a href=\"https:\/\/berlin.nabu.de\/imperia\/md\/nabu\/images\/regional\/berlin\/projekte\/wildvogelstation\/infomaterial_7_fang_und_umsetzen_stockentenbruten.pdf\" target=\"_blank\" rel=\"noreferrer noopener\">Fang und Umset\u00adzung von Stock\u00aden\u00adten\u00adbru\u00adten<\/a>.<\/p>\t\t\t\t\t\t\t\t<\/div>\n\t\t\t\t\t<\/div>\n\t\t<\/div>\n\t\t\t\t\t<\/div>\n\t\t<\/section>\n\t\t\t\t<section class=\"elementor-section elementor-top-section elementor-element elementor-element-a0edbe6 elementor-section-boxed elementor-section-height-default elementor-section-height-default\" data-id=\"a0edbe6\" data-element_type=\"section\" data-e-type=\"section\">\n\t\t\t\t\t\t<div class=\"elementor-container elementor-column-gap-default\">\n\t\t\t\t\t<div class=\"elementor-column elementor-col-100 elementor-top-column elementor-element elementor-element-a4c2584\" data-id=\"a4c2584\" data-element_type=\"column\" data-e-type=\"column\">\n\t\t\t<div class=\"elementor-widget-wrap elementor-element-populated\">\n\t\t\t\t\t\t<div class=\"elementor-element elementor-element-481f5e9 elementor-widget elementor-widget-text-editor\" data-id=\"481f5e9\" data-element_type=\"widget\" data-e-type=\"widget\" data-widget_type=\"text-editor.default\">\n\t\t\t\t\t\t\t\t\t<p>Mein Buch <a href=\"https:\/\/bio-balkon.de\/en\/buch\/\">My bio\u00adto\u00adpe on the bal\u00adc\u00ado\u00adny. Expe\u00adri\u00adence natu\u00adre and har\u00adve\u00adst hap\u00adpi\u00adness in the midd\u00adle of the city<\/a> passt per\u00adfekt zu die\u00adser Bal\u00adkon-Geschich\u00adte. Als ich den fol\u00adgen\u00adden Buch-Text schrieb, dach\u00adte ich noch, ist das wirk\u00adlich so h\u00e4u\u00adfig und wich\u00adtig, es auf\u00adzu\u00adf\u00fch\u00adren: \u201eRela\u00adtiv ha\u0308ufig bru\u0308ten Stock\u00adenten auf Bal\u00adko\u00adnen, obwohl kein Gewa\u0308sser in der Na\u0308he ist. Dabei ist die Pro\u00adble\u00adma\u00adtik, dass die Jun\u00adgen spa\u0308ter vom Bal\u00adkon her\u00adun\u00adter\u00adsprin\u00adgen wol\u00adlen, oft aber Stra\u00ad\u00dfen den Weg zum Gewa\u0308sser kreu\u00adzen. Hier muss der Bal\u00adkon\u00adbe\u00adsit\u00adzer ein\u00adgrei\u00adfen. Liegt der Bal\u00adkon nicht zu hoch, ko\u0308nnen die Entenku\u0308ken auf einem Brett hin\u00adun\u00adter\u00adlau\u00adfen. Oder sie wer\u00adden in einem Korb abge\u00adseilt. Alter\u00adna\u00adtiv muss die Enten\u00adfamilie ein\u00adge\u00adfan\u00adgen und im Papp\u00adkar\u00adton zum na\u0308chsten Gewa\u0308sser gebracht wer\u00adden.\u201c Ich stau\u00adne immer noch, dass die\u00adses Aben\u00adteu\u00ader, was ich in mei\u00adnem Buch beim Schrei\u00adben 2019 beschrieb, mir selbst 2021 pas\u00adsier\u00adte. Es kann bei der Gestal\u00adtung eines natur\u00adna\u00adhen Bal\u00adkons auch bei Dir vor\u00adkom\u00admen. Du wei\u00dft nun, was die rich\u00adti\u00adgen Schrit\u00adte sind.<\/p>\t\t\t\t\t\t\t\t<\/div>\n\t\t\t\t<div class=\"elementor-element elementor-element-e9440f0 elementor-widget elementor-widget-image\" data-id=\"e9440f0\" data-element_type=\"widget\" data-e-type=\"widget\" data-widget_type=\"image.default\">\n\t\t\t\t\t\t\t\t\t\t\t\t\t\t\t\t<a href=\"https:\/\/bio-balkon.de\/en\/buch\/\" target=\"_blank\">\n\t\t\t\t\t\t\t<img decoding=\"async\" width=\"800\" height=\"450\" src=\"https:\/\/bio-balkon.de\/wp-content\/uploads\/2021\/05\/Wir-brauchen-mehr-Stadtnatur-Buch.-Naturerlebnis-und-Ernteglu\u0308ck.-Schaue-in-mein-Buch-1-1024x576.avif\" class=\"attachment-large size-large wp-image-29870\" alt loading=\"lazy\" srcset=\"https:\/\/bio-balkon.de\/wp-content\/uploads\/2021\/05\/Wir-brauchen-mehr-Stadtnatur-Buch.-Naturerlebnis-und-Ernteglu\u0308ck.-Schaue-in-mein-Buch-1-1024x576.avif 1024w, https:\/\/bio-balkon.de\/wp-content\/uploads\/2021\/05\/Wir-brauchen-mehr-Stadtnatur-Buch.-Naturerlebnis-und-Ernteglu\u0308ck.-Schaue-in-mein-Buch-1-300x169.avif 300w, https:\/\/bio-balkon.de\/wp-content\/uploads\/2021\/05\/Wir-brauchen-mehr-Stadtnatur-Buch.-Naturerlebnis-und-Ernteglu\u0308ck.-Schaue-in-mein-Buch-1-768x432.avif 768w, https:\/\/bio-balkon.de\/wp-content\/uploads\/2021\/05\/Wir-brauchen-mehr-Stadtnatur-Buch.-Naturerlebnis-und-Ernteglu\u0308ck.-Schaue-in-mein-Buch-1-1536x864.avif 1536w, https:\/\/bio-balkon.de\/wp-content\/uploads\/2021\/05\/Wir-brauchen-mehr-Stadtnatur-Buch.-Naturerlebnis-und-Ernteglu\u0308ck.-Schaue-in-mein-Buch-1-18x10.avif 18w, https:\/\/bio-balkon.de\/wp-content\/uploads\/2021\/05\/Wir-brauchen-mehr-Stadtnatur-Buch.-Naturerlebnis-und-Ernteglu\u0308ck.-Schaue-in-mein-Buch-1-1320x743.avif 1320w, https:\/\/bio-balkon.de\/wp-content\/uploads\/2021\/05\/Wir-brauchen-mehr-Stadtnatur-Buch.-Naturerlebnis-und-Ernteglu\u0308ck.-Schaue-in-mein-Buch-1.avif 1920w\" sizes=\"auto, (max-width: 800px) 100vw, 800px\">\t\t\t\t\t\t\t\t<\/a>\n\t\t\t\t\t\t\t\t\t\t\t\t\t\t\t<\/div>\n\t\t\t\t<div class=\"elementor-element elementor-element-3de7555 elementor-widget elementor-widget-heading\" data-id=\"3de7555\" data-element_type=\"widget\" data-e-type=\"widget\" data-widget_type=\"heading.default\">\n\t\t\t\t\t<h2 class=\"elementor-heading-title elementor-size-default\">Hin\u00adweis zur Rechts\u00adla\u00adge<\/h2>\t\t\t\t<\/div>\n\t\t\t\t\t<\/div>\n\t\t<\/div>\n\t\t\t\t\t<\/div>\n\t\t<\/section>\n\t\t\t\t<section class=\"elementor-section elementor-top-section elementor-element elementor-element-7bea854 elementor-section-boxed elementor-section-height-default elementor-section-height-default\" data-id=\"7bea854\" data-element_type=\"section\" data-e-type=\"section\">\n\t\t\t\t\t\t<div class=\"elementor-container elementor-column-gap-default\">\n\t\t\t\t\t<div class=\"elementor-column elementor-col-100 elementor-top-column elementor-element elementor-element-dea697e\" data-id=\"dea697e\" data-element_type=\"column\" data-e-type=\"column\">\n\t\t\t<div class=\"elementor-widget-wrap elementor-element-populated\">\n\t\t\t\t\t\t<div class=\"elementor-element elementor-element-e074768 elementor-widget elementor-widget-text-editor\" data-id=\"e074768\" data-element_type=\"widget\" data-e-type=\"widget\" data-widget_type=\"text-editor.default\">\n\t\t\t\t\t\t\t\t\t<p><a href=\"https:\/\/www.tierschutzbund.de\/information\/hintergrund\/artenschutz\/voegel\/enten\/\" target=\"_blank\" rel=\"noopener\">Hin\u00adweis zur Rechts\u00adla\u00adge:<\/a> Br\u00fc\u00adten\u00adde Enten sind durch das Bun\u00addes\u00adna\u00adtur\u00adschutz\u00adge\u00adsetz gesch\u00fctzt. Es ist daher nicht erlaubt, ihre Brut\u00adst\u00e4t\u00adten zu st\u00f6\u00adren oder gar zu zer\u00adst\u00f6\u00adren. Die Tie\u00adre ein\u00adzu\u00adfan\u00adgen, ist nur dann gestat\u00adtet, wenn sie umge\u00adhend wie\u00adder frei gelas\u00adsen wer\u00adden.<\/p>\t\t\t\t\t\t\t\t<\/div>\n\t\t\t\t\t<\/div>\n\t\t<\/div>\n\t\t\t\t\t<\/div>\n\t\t<\/section>\n\t\t\t\t<\/div>","protected":false},"excerpt":{"rendered":"<p>Immer h\u00e4u\u00adfi\u00adger wer\u00adden Bal\u00adko\u00adne von den Tie\u00adren als Brut\u00adst\u00e4t\u00adten genutzt, das ist nicht nur in Ber\u00adlin so. Mei\u00adne Stock\u00adente erhielt am 07.05.21 die Nr. 97 der in Ber\u00adlin regis\u00adtrier\u00adten Bru\u00adten auf Bal\u00adkons. Es ist total span\u00adnend.<\/p>","protected":false},"author":5,"featured_media":29689,"comment_status":"open","ping_status":"open","sticky":false,"template":"","format":"standard","meta":{"_acf_changed":false,"wp_typography_post_enhancements_disabled":false,"footnotes":""},"categories":[1],"tags":[],"class_list":["post-29678","post","type-post","status-publish","format-standard","has-post-thumbnail","hentry","category-uncategorized"],"acf":[],"_links":{"self":[{"href":"https:\/\/bio-balkon.de\/en\/wp-json\/wp\/v2\/posts\/29678","targetHints":{"allow":["GET"]}}],"collection":[{"href":"https:\/\/bio-balkon.de\/en\/wp-json\/wp\/v2\/posts"}],"about":[{"href":"https:\/\/bio-balkon.de\/en\/wp-json\/wp\/v2\/types\/post"}],"author":[{"embeddable":true,"href":"https:\/\/bio-balkon.de\/en\/wp-json\/wp\/v2\/users\/5"}],"replies":[{"embeddable":true,"href":"https:\/\/bio-balkon.de\/en\/wp-json\/wp\/v2\/comments?post=29678"}],"version-history":[{"count":0,"href":"https:\/\/bio-balkon.de\/en\/wp-json\/wp\/v2\/posts\/29678\/revisions"}],"wp:featuredmedia":[{"embeddable":true,"href":"https:\/\/bio-balkon.de\/en\/wp-json\/wp\/v2\/media\/29689"}],"wp:attachment":[{"href":"https:\/\/bio-balkon.de\/en\/wp-json\/wp\/v2\/media?parent=29678"}],"wp:term":[{"taxonomy":"category","embeddable":true,"href":"https:\/\/bio-balkon.de\/en\/wp-json\/wp\/v2\/categories?post=29678"},{"taxonomy":"post_tag","embeddable":true,"href":"https:\/\/bio-balkon.de\/en\/wp-json\/wp\/v2\/tags?post=29678"}],"curies":[{"name":"wp","href":"https:\/\/api.w.org\/{rel}","templated":true}]}}