{"id":2627,"date":"2018-08-09T00:16:08","date_gmt":"2018-08-08T22:16:08","guid":{"rendered":"https:\/\/bio-balkon.de\/?p=2627"},"modified":"2020-11-08T18:03:42","modified_gmt":"2020-11-08T17:03:42","slug":"deine-stimme-fuer-den-bio-balkon-wir-brauchen-mehr-bunte-balkone","status":"publish","type":"post","link":"https:\/\/bio-balkon.de\/en\/deine-stimme-fuer-den-bio-balkon-wir-brauchen-mehr-bunte-balkone\/","title":{"rendered":"Your voice for the orga\u00adnic bal\u00adc\u00ado\u00adny \u2014 We need more colorful bal\u00adco\u00adnies"},"content":{"rendered":"<h1>Update 06.10.2018 Wir brauchen mehr bunte Balkone:<\/h1>\n<p><span style=\"font-size: 14pt;\">Der <a href=\"https:\/\/www.netzwerk21kongress.de\/zeitzeichen\/zeitzeichen-2018\/\" target=\"_blank\" rel=\"noopener noreferrer\">ZeitzeicheN Publikumspreis 2018<\/a> wird nicht ausgelobt. Wegen technischer Unstimmigkeiten beschloss die <a href=\"https:\/\/www.netzwerk21kongress.de\/kongress\/informationen\/kongressbeirat\/\" target=\"_blank\" rel=\"noopener noreferrer\">Jury<\/a>, den Publikumspreis nicht zu vergeben. Alle Hinweise auf den Publikumspreis und den Gewinner\u00a0<a href=\"https:\/\/bio-balkon.de\" target=\"_blank\" rel=\"noopener noreferrer\">Bio-Balkon<\/a> wurden gel\u00f6scht (Nur unterer Post ist noch in meiner Chronik sichtbar). Sehr schade. Nicht transparent, nicht professionell, nicht emphatisch im Umgang mir gegen\u00fcber. Leider auch nicht dienlich dem Ansinnen des Nachhaltigkeitskongresses <a href=\"https:\/\/www.netzwerk21kongress.de\/kongress\/dessau-2018\/\" target=\"_blank\" rel=\"noopener noreferrer\">Netzwerk21Kongress<\/a>. Aus meiner Sicht\u00a0dient ein Publikumspreis dem Ziel, zum einen\u00a0Aktivit\u00e4ten beim Bewerber zu\u00a0forcieren, dass sich m\u00f6glichst viele Menschen f\u00fcr das Projekt engagieren und an der Stimmabgabe beteiligen. Zum anderen wird der Gewinner des\u00a0Publikumspreises in den Blickpunkt der \u00d6ffentlichkeit ger\u00fcckt. Das Projekt wird vorgestellt, es wird mehr Menschen bekannt, es kann sich besser vernetzen. Diese Chance wird durch die Absage vergeben. Dabei ist das Ziel des ZeitzeicheN21-Kongresses\u00a0<span class=\"\">Nachhaltigkeit mit Leben f\u00fcllen und Akteure mit Ideen und Projekten f\u00fcr die Zukunft zusammenf\u00fchren. Das Schriftst\u00fcck an mich, dass ich in der Kategorie &#8222;Kommunikation und Bildung&#8220; nominiert wurde, soll von einer Kollegin am ersten Tag ihrer T\u00e4tigkeit f\u00fcr die <a href=\"https:\/\/www.netzwerk21kongress.de\/kongress\/informationen\/netzwerk21kongress-was-ist-das\/\" target=\"_blank\" rel=\"noopener noreferrer\">Gr\u00fcne Liga e.V.<\/a> falsch ausgefertigt worden sein. So schnell geht es manchmal von Gewinn auf Nichtgewinn. Trotz der Ungereimtheiten werde ich nach Dessau fahren, denn ich m\u00f6chte f\u00fcr Balkone werben und mich vernetzen. Stolz erhobenen Hauptes bin ich Botschafterin f\u00fcr gr\u00fcne, bunte, lebendige Balkone.<\/span><\/span><\/p>\n<div class=\"_1dwg _1w_m _q7o\">\n<div id=\"js_8e2\" class=\"_5pbx userContent _3576\" data-ad-preview=\"message\" data-ft=\"{&quot;tn&quot;:&quot;K&quot;}\">\n<h5 id=\"js_8e0\" class=\"_14f3 _14f5 _5pbw _5vra\" data-ft=\"{&quot;tn&quot;:&quot;C&quot;}\"><span class=\"fwn fcg\"><span class=\"fcg\"><span class=\"fwb\"><a id=\"js_dhd\" class=\"profileLink\" href=\"https:\/\/www.facebook.com\/maria.klampaeckel?__tn__=lC-R&amp;eid=ARA05vnP4vD_QCrYQtd5FXYKgaUzLQLyoBHs5FyhcLQhoVikALnppCxQtbOqv4svE39m--8ej2qIQ0km&amp;hc_ref=ARQzs_kQz3CGHBOiOgvL4DijWlmO74yLENIKBlrIvEljiNIUHqdj7OlqZpN6hOTgz-c&amp;__xts__%5B0%5D=68.ARDtP5iOfbjF0gJDsjg70xe_L-rY8UicBBt-qI5sTQyShM_hQ_DsiX_1I0PJ4NCVlEEyq4MGzLa9IUI-8nquj9N7Ugl_91NRdFD6XOZHb4UgT-UOaAsriF1eIjxpvG3p1xUVsKXrfYV5XTwbvJqqp5alhenR_z0ILkriDSY6HmPLS9H02XrlwQ\" data-ft=\"{&quot;tn&quot;:&quot;l&quot;}\" data-hovercard=\"\/ajax\/hovercard\/user.php?id=100001619897706&amp;extragetparams=%7B%22__tn__%22%3A%22%2CdlC-R-R%22%2C%22eid%22%3A%22ARA05vnP4vD_QCrYQtd5FXYKgaUzLQLyoBHs5FyhcLQhoVikALnppCxQtbOqv4svE39m--8ej2qIQ0km%22%2C%22hc_ref%22%3A%22ARQzs_kQz3CGHBOiOgvL4DijWlmO74yLENIKBlrIvEljiNIUHqdj7OlqZpN6hOTgz-c%22%7D\" data-hovercard-prefer-more-content-show=\"1\" data-hovercard-referer=\"ARQzs_kQz3CGHBOiOgvL4DijWlmO74yLENIKBlrIvEljiNIUHqdj7OlqZpN6hOTgz-c\" aria-describedby=\"u_8z_1\" aria-owns=\"\">Maria Klampaeckel<\/a><\/span> hat einen <a href=\"https:\/\/www.facebook.com\/Netzwerk21Kongress\/posts\/1831076093606218?__xts__%5B0%5D=68.ARDtP5iOfbjF0gJDsjg70xe_L-rY8UicBBt-qI5sTQyShM_hQ_DsiX_1I0PJ4NCVlEEyq4MGzLa9IUI-8nquj9N7Ugl_91NRdFD6XOZHb4UgT-UOaAsriF1eIjxpvG3p1xUVsKXrfYV5XTwbvJqqp5alhenR_z0ILkriDSY6HmPLS9H02XrlwQ&amp;__tn__=-UC-R\" data-ft=\"{&quot;tn&quot;:&quot;-U&quot;}\">Beitrag<\/a> geteilt \u2014 <i class=\"_51mq img sp_u_eQ-WkXhOC_2x sx_7d7ecc\"><\/i>begeistert.<\/span><\/span><\/h5>\n<div id=\"feed_subtitle_100010588840089:4066436125541293285\" class=\"_5pcp _5lel _2jyu _232_\" data-testid=\"story-subtitle\"><span class=\"w_dhumu0alh\"><span class=\"fsm fwn fcg\"><a class=\"_5pcq\" href=\"https:\/\/www.facebook.com\/maria.klampaeckel\/posts\/2395420337188606?__xts__%5B0%5D=68.ARDtP5iOfbjF0gJDsjg70xe_L-rY8UicBBt-qI5sTQyShM_hQ_DsiX_1I0PJ4NCVlEEyq4MGzLa9IUI-8nquj9N7Ugl_91NRdFD6XOZHb4UgT-UOaAsriF1eIjxpvG3p1xUVsKXrfYV5XTwbvJqqp5alhenR_z0ILkriDSY6HmPLS9H02XrlwQ&amp;__tn__=-R\" target=\"\" rel=\"noopener noreferrer\"><abbr class=\"_5ptz\" title=\"06.09.2018 11:28\" data-utime=\"1536258501\" data-shorten=\"1\"><span id=\"js_8e1\" class=\"timestampContent\">6. September<\/span><\/abbr><\/a><\/span><\/span><span class=\"_6spk\" role=\"presentation\" aria-hidden=\"true\"> \u00b7<\/span><\/div>\n<div class=\"_5pcp _5lel _2jyu _232_\" data-testid=\"story-subtitle\">Gratulation zum Gewinn des Publikumspreises Zeitzeichen N f\u00fcr den <a class=\"profileLink\" href=\"https:\/\/www.facebook.com\/birgitsbiobalkon\/?__tn__=K-R&amp;eid=ARDgFnzpbOpq13AZ_ch5ctC72oe7deJ9kqkekEttJgxzECGXVG4XudwQliz2U_RlySf91mbNIhVIFlQC&amp;fref=mentions&amp;__xts__%5B0%5D=68.ARDtP5iOfbjF0gJDsjg70xe_L-rY8UicBBt-qI5sTQyShM_hQ_DsiX_1I0PJ4NCVlEEyq4MGzLa9IUI-8nquj9N7Ugl_91NRdFD6XOZHb4UgT-UOaAsriF1eIjxpvG3p1xUVsKXrfYV5XTwbvJqqp5alhenR_z0ILkriDSY6HmPLS9H02XrlwQ\" data-hovercard=\"\/ajax\/hovercard\/page.php?id=784356865040312&amp;extragetparams=%7B%22__tn__%22%3A%22%2CdK-R-R%22%2C%22eid%22%3A%22ARDgFnzpbOpq13AZ_ch5ctC72oe7deJ9kqkekEttJgxzECGXVG4XudwQliz2U_RlySf91mbNIhVIFlQC%22%2C%22fref%22%3A%22mentions%22%7D\" data-hovercard-prefer-more-content-show=\"1\">Bio-Balkon<\/a> mit <a class=\"profileLink\" href=\"https:\/\/www.facebook.com\/profile.php?id=100010588840089&amp;__tn__=K-R&amp;eid=ARCHpC7ySrMP6C-oTlDyCEPOg1K92RIGporFmss_Gu-9mXnazDAKm_804GYXN0CKE5udJ9ASAdBXc0-z&amp;fref=mentions&amp;__xts__%5B0%5D=68.ARDtP5iOfbjF0gJDsjg70xe_L-rY8UicBBt-qI5sTQyShM_hQ_DsiX_1I0PJ4NCVlEEyq4MGzLa9IUI-8nquj9N7Ugl_91NRdFD6XOZHb4UgT-UOaAsriF1eIjxpvG3p1xUVsKXrfYV5XTwbvJqqp5alhenR_z0ILkriDSY6HmPLS9H02XrlwQ\" data-hovercard=\"\/ajax\/hovercard\/user.php?id=100010588840089&amp;extragetparams=%7B%22__tn__%22%3A%22%2CdK-R-R%22%2C%22eid%22%3A%22ARCHpC7ySrMP6C-oTlDyCEPOg1K92RIGporFmss_Gu-9mXnazDAKm_804GYXN0CKE5udJ9ASAdBXc0-z%22%2C%22fref%22%3A%22mentions%22%7D\" data-hovercard-prefer-more-content-show=\"1\">Birgit Schattling<\/a>! Und ihr Lieben, hier und da drau\u00dfen: lest und freut euch und wer einen Balkon hat, macht einfach mit bei der naturnahen Begr\u00fcnung! Anregungen wie&#8217;s am besten gehen kann mit diesen Extra-Oasen f\u00fcr Mensch und Tier in der Gro\u00dfstadt (zB) findet ihr auf der Seite vom Bio-Balkon hier: <a href=\"https:\/\/l.facebook.com\/l.php?u=https%3A%2F%2Fbio-balkon.de%2F&amp;h=AT29BT3FN7MTpcfn4TFpSi--1K65UdywSbfRqcP-1YMcrhCjl__YhJaEDSnnLvxMXHhR2dDI9PS55z7DETIJs8f-DzqwxqKdsepK-uInLUX5zTBkEOvUXP-xYWOuZzU8_S6V1N3cgXJv_WL3P1XoggDv2zw1DLAeSb12QUALz6CnIl6ZGwbSjhvukyRBneYehiDl7b7HkhLcLdl6hwPE9zKw5PbiwxdvPU4O64gXy0mlgZ0fFp9qf9TMm5TGdIZwD0a6G5Da-dtUe6k0LrkNXYv6okrigFS5VSt32OMR92-uNKkRHD44H8-sn182k3bAnIZXlgs0nUVRB2DExWHgnityPTZDS-I4ZihqyWJi0khlkXOCb9ldqjm7tTEEZvkLEqOZD1mVHD4aXyh5voYVA0LWqIO0EVjpOh1GJxyl5T3sCRoT6KUL8g\" target=\"_blank\" rel=\"noopener nofollow noreferrer\" data-ft=\"{&quot;tn&quot;:&quot;-U&quot;}\" data-lynx-mode=\"origin\">https:\/\/bio-balkon.de<\/a><br \/>\nDas \u00fcberaus anregende, schon erfreulich viel genutzte und von Fachleuten gew\u00fcrdigte Engagement vom <a class=\"profileLink\" href=\"https:\/\/www.facebook.com\/birgitsbiobalkon\/?__tn__=K-R&amp;eid=ARAhjrDmAvaLVaKmrRArliRYeqsjNFjqNnEcARf8sE2jzi83BZgaJWHmQ3fjxK2QfUNig2HjvRplTnk8&amp;fref=mentions&amp;__xts__%5B0%5D=68.ARDtP5iOfbjF0gJDsjg70xe_L-rY8UicBBt-qI5sTQyShM_hQ_DsiX_1I0PJ4NCVlEEyq4MGzLa9IUI-8nquj9N7Ugl_91NRdFD6XOZHb4UgT-UOaAsriF1eIjxpvG3p1xUVsKXrfYV5XTwbvJqqp5alhenR_z0ILkriDSY6HmPLS9H02XrlwQ\" data-hovercard=\"\/ajax\/hovercard\/page.php?id=784356865040312&amp;extragetparams=%7B%22__tn__%22%3A%22%2CdK-R-R%22%2C%22eid%22%3A%22ARAhjrDmAvaLVaKmrRArliRYeqsjNFjqNnEcARf8sE2jzi83BZgaJWHmQ3fjxK2QfUNig2HjvRplTnk8%22%2C%22fref%22%3A%22mentions%22%7D\" data-hovercard-prefer-more-content-show=\"1\">Bio-Balkon<\/a> und seiner Erfindern <a class=\"profileLink\" href=\"https:\/\/www.facebook.com\/profile.php?id=100010588840089&amp;__tn__=K-R&amp;eid=ARCcFS21haxOejpUl4_N3KMz6l6-vhsV8a-rI2SaMKyldDFpTtMO8_2BqTooB90erTkT4ocgMRjy8eIm&amp;fref=mentions&amp;__xts__%5B0%5D=68.ARDtP5iOfbjF0gJDsjg70xe_L-rY8UicBBt-qI5sTQyShM_hQ_DsiX_1I0PJ4NCVlEEyq4MGzLa9IUI-8nquj9N7Ugl_91NRdFD6XOZHb4UgT-UOaAsriF1eIjxpvG3p1xUVsKXrfYV5XTwbvJqqp5alhenR_z0ILkriDSY6HmPLS9H02XrlwQ\" data-hovercard=\"\/ajax\/hovercard\/user.php?id=100010588840089&amp;extragetparams=%7B%22__tn__%22%3A%22%2CdK-R-R%22%2C%22eid%22%3A%22ARCcFS21haxOejpUl4_N3KMz6l6-vhsV8a-rI2SaMKyldDFpTtMO8_2BqTooB90erTkT4ocgMRjy8eIm%22%2C%22fref%22%3A%22mentions%22%7D\" data-hovercard-prefer-more-content-show=\"1\">Birgit Schattling<\/a> ist &#8211; das w\u00e4re meine Idee an dieser Stelle &#8211; auf jeden Fall auch ein freundliches &#8222;Gef\u00e4llt mir&#8220; wert. Schaut einfach zuerst mal auf die sch\u00f6nen Seiten &#8211; das erfreut auch Herz und Seele! Danke!<span class=\"_5mfr _47e3\"><img loading=\"lazy\" decoding=\"async\" class=\"img\" role=\"presentation\" src=\"https:\/\/static.xx.fbcdn.net\/images\/emoji.php\/v9\/f33\/2\/16\/1f49a.png\" alt=\"\" width=\"16\" height=\"16\" \/><span class=\"_7oe\">?<\/span><\/span><span class=\"_5mfr _47e3\"><img loading=\"lazy\" decoding=\"async\" class=\"img\" role=\"presentation\" src=\"https:\/\/static.xx.fbcdn.net\/images\/emoji.php\/v9\/f33\/2\/16\/1f49a.png\" alt=\"\" width=\"16\" height=\"16\" \/><span class=\"_7oe\">?<\/span><\/span><span class=\"_5mfr _47e3\"><img loading=\"lazy\" decoding=\"async\" class=\"img\" role=\"presentation\" src=\"https:\/\/static.xx.fbcdn.net\/images\/emoji.php\/v9\/f33\/2\/16\/1f49a.png\" alt=\"\" width=\"16\" height=\"16\" \/><span class=\"_7oe\">?<\/span><\/span><\/div>\n<\/div>\n<div class=\"_3x-2\" data-ft=\"{&quot;tn&quot;:&quot;H&quot;}\">\n<div data-ft=\"{&quot;tn&quot;:&quot;H&quot;}\"><\/div>\n<div>\n<div class=\"_5r69 _sds _34q1\">\n<div class=\"mts\">\n<div class=\"mtm _4fzb\">\n<div class=\"clearfix _2pin\">\n<div class=\"_38vo\">\n<div><img decoding=\"async\" class=\"_s0 _4ooo _5xib _44ma img\" role=\"img\" src=\"https:\/\/scontent-frx5-1.xx.fbcdn.net\/v\/t1.0-1\/p112x112\/582567_410945038952671_1433190720_n.jpg?_nc_cat=103&amp;oh=40cb2945e33322b0d46529258314c776&amp;oe=5C144FEE\" alt=\"\" aria-label=\"Netzwerk21Kongress\" \/><\/div>\n<div>Das Publikum hat entschieden:<\/div>\n<\/div>\n<\/div>\n<div class=\"mtm _5pco\" data-ad-preview=\"message\" data-ft=\"{&quot;tn&quot;:&quot;K&quot;}\">\n<div id=\"id_5bb8fe3bdf68a1020535268\" class=\"text_exposed_root text_exposed\">\n<p>Gewinner des Publikumspreises ZeitzeicheN ist der <a class=\"profileLink\" href=\"https:\/\/www.facebook.com\/birgitsbiobalkon\/?__tn__=KH-R&amp;eid=ARBWaHBaPGJyoKlH-1G4GebxQ1U5UX59v6lggF3xBUE9A5ezEZ3pUbgFjH1H6Sf90HmSYV1Q0gMkxSL3&amp;fref=mentions&amp;__xts__%5B0%5D=68.ARDtP5iOfbjF0gJDsjg70xe_L-rY8UicBBt-qI5sTQyShM_hQ_DsiX_1I0PJ4NCVlEEyq4MGzLa9IUI-8nquj9N7Ugl_91NRdFD6XOZHb4UgT-UOaAsriF1eIjxpvG3p1xUVsKXrfYV5XTwbvJqqp5alhenR_z0ILkriDSY6HmPLS9H02XrlwQ\" data-hovercard=\"\/ajax\/hovercard\/page.php?id=784356865040312&amp;extragetparams=%7B%22__tn__%22%3A%22%2CdKH-R-R%22%2C%22eid%22%3A%22ARBWaHBaPGJyoKlH-1G4GebxQ1U5UX59v6lggF3xBUE9A5ezEZ3pUbgFjH1H6Sf90HmSYV1Q0gMkxSL3%22%2C%22fref%22%3A%22mentions%22%7D\" data-hovercard-prefer-more-content-show=\"1\">Bio-Balkon<\/a>! Die Webseite bietet alles zum Thema naturnahe Balkonbegr\u00fcnung und ei<span class=\"text_exposed_show\">ne gr\u00fcne Oase auf kleinstem Raum. Wir sagen herzlichen Gl\u00fcckwunsch!<br \/>\nWir danken allen, die abgestimmt haben, und nat\u00fcrlich allen Projekten und Initiativen f\u00fcr ihre Teilnahme und freuen uns die Top Ten des Publikumsvotings zu verk\u00fcnden:<br \/>\n2. Second light von <a class=\"profileLink\" href=\"https:\/\/www.facebook.com\/aachen.enactus\/?__tn__=KH-R&amp;eid=ARCZvaUHOqpSuqOeQmb_meletG_Fbnw0jeDEFn-vG31hJv2za449W56xSy1CQzwC5PSrx6KI54DhhjYJ&amp;fref=mentions&amp;__xts__%5B0%5D=68.ARDtP5iOfbjF0gJDsjg70xe_L-rY8UicBBt-qI5sTQyShM_hQ_DsiX_1I0PJ4NCVlEEyq4MGzLa9IUI-8nquj9N7Ugl_91NRdFD6XOZHb4UgT-UOaAsriF1eIjxpvG3p1xUVsKXrfYV5XTwbvJqqp5alhenR_z0ILkriDSY6HmPLS9H02XrlwQ\" data-hovercard=\"\/ajax\/hovercard\/page.php?id=148382335235561&amp;extragetparams=%7B%22__tn__%22%3A%22%2CdKH-R-R%22%2C%22eid%22%3A%22ARCZvaUHOqpSuqOeQmb_meletG_Fbnw0jeDEFn-vG31hJv2za449W56xSy1CQzwC5PSrx6KI54DhhjYJ%22%2C%22fref%22%3A%22mentions%22%7D\" data-hovercard-prefer-more-content-show=\"1\">Enactus Aachen<\/a><br \/>\n3. <a class=\"profileLink\" href=\"https:\/\/www.facebook.com\/STUBE.Hessen\/?__tn__=KH-R&amp;eid=ARD6ARvrpFFDUiKDN11qqkIEXZkQcF9ED16hGq4TX7JDkyouTMHLrplE3c_0CQVK-ve37C9ghboco4pZ&amp;fref=mentions&amp;__xts__%5B0%5D=68.ARDtP5iOfbjF0gJDsjg70xe_L-rY8UicBBt-qI5sTQyShM_hQ_DsiX_1I0PJ4NCVlEEyq4MGzLa9IUI-8nquj9N7Ugl_91NRdFD6XOZHb4UgT-UOaAsriF1eIjxpvG3p1xUVsKXrfYV5XTwbvJqqp5alhenR_z0ILkriDSY6HmPLS9H02XrlwQ\" data-hovercard=\"\/ajax\/hovercard\/page.php?id=103580409760454&amp;extragetparams=%7B%22__tn__%22%3A%22%2CdKH-R-R%22%2C%22eid%22%3A%22ARD6ARvrpFFDUiKDN11qqkIEXZkQcF9ED16hGq4TX7JDkyouTMHLrplE3c_0CQVK-ve37C9ghboco4pZ%22%2C%22fref%22%3A%22mentions%22%7D\" data-hovercard-prefer-more-content-show=\"1\">&#8222;Stube (Studienbegleitprogramm) Hessen&#8220;<\/a><br \/>\n4. <a class=\"profileLink\" href=\"https:\/\/www.facebook.com\/vgdresden\/?__tn__=KH-R&amp;eid=ARDB_Jqoc3Y401l4XO0bKIdFw4cr-5FMrBitqiwTC90GJzLpcx6kXTvL6xKYuL1Q4DNwKY2QBi7HXPr5&amp;fref=mentions&amp;__xts__%5B0%5D=68.ARDtP5iOfbjF0gJDsjg70xe_L-rY8UicBBt-qI5sTQyShM_hQ_DsiX_1I0PJ4NCVlEEyq4MGzLa9IUI-8nquj9N7Ugl_91NRdFD6XOZHb4UgT-UOaAsriF1eIjxpvG3p1xUVsKXrfYV5XTwbvJqqp5alhenR_z0ILkriDSY6HmPLS9H02XrlwQ\" data-hovercard=\"\/ajax\/hovercard\/page.php?id=209684925727197&amp;extragetparams=%7B%22__tn__%22%3A%22%2CdKH-R-R%22%2C%22eid%22%3A%22ARDB_Jqoc3Y401l4XO0bKIdFw4cr-5FMrBitqiwTC90GJzLpcx6kXTvL6xKYuL1Q4DNwKY2QBi7HXPr5%22%2C%22fref%22%3A%22mentions%22%7D\" data-hovercard-prefer-more-content-show=\"1\">VG Verbrauchergemeinschaft f\u00fcr umweltgerecht erzeugte Produkte e.G.<\/a>Produkte e.G.<br \/>\n5. gUG Umweltschutz und Lebenshilfe<br \/>\n6. Enactus Aachen Project ex aqua<br \/>\n7. <a class=\"profileLink\" href=\"https:\/\/www.facebook.com\/stiftung.louisenlund\/?__tn__=KH-R&amp;eid=ARCEvh2Qu_RiKD_9y6widBsMq_SB9Wu-yu_-v1NXhFkgEx-CDN9mYVFt1IoBy2_E1NZ38gODdive-iKL&amp;fref=mentions&amp;__xts__%5B0%5D=68.ARDtP5iOfbjF0gJDsjg70xe_L-rY8UicBBt-qI5sTQyShM_hQ_DsiX_1I0PJ4NCVlEEyq4MGzLa9IUI-8nquj9N7Ugl_91NRdFD6XOZHb4UgT-UOaAsriF1eIjxpvG3p1xUVsKXrfYV5XTwbvJqqp5alhenR_z0ILkriDSY6HmPLS9H02XrlwQ\" data-hovercard=\"\/ajax\/hovercard\/page.php?id=1421816827871013&amp;extragetparams=%7B%22__tn__%22%3A%22%2CdKH-R-R%22%2C%22eid%22%3A%22ARCEvh2Qu_RiKD_9y6widBsMq_SB9Wu-yu_-v1NXhFkgEx-CDN9mYVFt1IoBy2_E1NZ38gODdive-iKL%22%2C%22fref%22%3A%22mentions%22%7D\" data-hovercard-prefer-more-content-show=\"1\">Stiftung Louisenlund<\/a><br \/>\n8. <a class=\"profileLink\" href=\"https:\/\/www.facebook.com\/CafeKaputt\/?__tn__=KH-R&amp;eid=ARAcq-hrSx2Fme5-7Usz9enhsIeZg8Y_a-RPEylI18gmA4_cA8kLbFrWxiGYPry80KhrbPjHXyi0JsO5&amp;fref=mentions&amp;__xts__%5B0%5D=68.ARDtP5iOfbjF0gJDsjg70xe_L-rY8UicBBt-qI5sTQyShM_hQ_DsiX_1I0PJ4NCVlEEyq4MGzLa9IUI-8nquj9N7Ugl_91NRdFD6XOZHb4UgT-UOaAsriF1eIjxpvG3p1xUVsKXrfYV5XTwbvJqqp5alhenR_z0ILkriDSY6HmPLS9H02XrlwQ\" data-hovercard=\"\/ajax\/hovercard\/page.php?id=456839784383086&amp;extragetparams=%7B%22__tn__%22%3A%22%2CdKH-R-R%22%2C%22eid%22%3A%22ARAcq-hrSx2Fme5-7Usz9enhsIeZg8Y_a-RPEylI18gmA4_cA8kLbFrWxiGYPry80KhrbPjHXyi0JsO5%22%2C%22fref%22%3A%22mentions%22%7D\" data-hovercard-prefer-more-content-show=\"1\">Caf\u00e9 kaputt<\/a> &#8211; Reparaturcaf\u00e9 und Bildungsprojekt bei leben.lernen.leipzig e.V.<br \/>\n9. <a class=\"profileLink\" href=\"https:\/\/www.facebook.com\/NyendoLernen\/?__tn__=KH-R&amp;eid=ARCnStsXi_UVafe11_HQ39u05xNIPoG67UzGIgY0jpCmQDn2xCQP1m7vbYXFe7dg6rEYvEME8oCC2oKS&amp;fref=mentions&amp;__xts__%5B0%5D=68.ARDtP5iOfbjF0gJDsjg70xe_L-rY8UicBBt-qI5sTQyShM_hQ_DsiX_1I0PJ4NCVlEEyq4MGzLa9IUI-8nquj9N7Ugl_91NRdFD6XOZHb4UgT-UOaAsriF1eIjxpvG3p1xUVsKXrfYV5XTwbvJqqp5alhenR_z0ILkriDSY6HmPLS9H02XrlwQ\" data-hovercard=\"\/ajax\/hovercard\/page.php?id=246599092115868&amp;extragetparams=%7B%22__tn__%22%3A%22%2CdKH-R-R%22%2C%22eid%22%3A%22ARCnStsXi_UVafe11_HQ39u05xNIPoG67UzGIgY0jpCmQDn2xCQP1m7vbYXFe7dg6rEYvEME8oCC2oKS%22%2C%22fref%22%3A%22mentions%22%7D\" data-hovercard-prefer-more-content-show=\"1\">Nyendo.Lernen UG<\/a> hand in hand gUG<br \/>\n10. <a class=\"profileLink\" href=\"https:\/\/www.facebook.com\/CONNACTglobal\/?__tn__=KH-R&amp;eid=ARAR6rZnHIhG4cwjszejVjuoUIQ_lhdFXH4D2ykPvbhi0KWDCd0xF0pTh2y2y3hbEBiubWVc0vmxr_DW&amp;fref=mentions&amp;__xts__%5B0%5D=68.ARDtP5iOfbjF0gJDsjg70xe_L-rY8UicBBt-qI5sTQyShM_hQ_DsiX_1I0PJ4NCVlEEyq4MGzLa9IUI-8nquj9N7Ugl_91NRdFD6XOZHb4UgT-UOaAsriF1eIjxpvG3p1xUVsKXrfYV5XTwbvJqqp5alhenR_z0ILkriDSY6HmPLS9H02XrlwQ\" data-hovercard=\"\/ajax\/hovercard\/page.php?id=1708459595890637&amp;extragetparams=%7B%22__tn__%22%3A%22%2CdKH-R-R%22%2C%22eid%22%3A%22ARAR6rZnHIhG4cwjszejVjuoUIQ_lhdFXH4D2ykPvbhi0KWDCd0xF0pTh2y2y3hbEBiubWVc0vmxr_DW%22%2C%22fref%22%3A%22mentions%22%7D\" data-hovercard-prefer-more-content-show=\"1\">ConnAct global<\/a> e.V.<\/span><\/p>\n<p><img loading=\"lazy\" decoding=\"async\" class=\"aligncenter size-full wp-image-14407\" src=\"https:\/\/bio-balkon.de\/wp-content\/uploads\/2018\/08\/Bildschirmfoto-2020-11-08-um-18.02.46.avif\" alt=\"\" width=\"1002\" height=\"598\" srcset=\"https:\/\/bio-balkon.de\/wp-content\/uploads\/2018\/08\/Bildschirmfoto-2020-11-08-um-18.02.46.avif 1002w, https:\/\/bio-balkon.de\/wp-content\/uploads\/2018\/08\/Bildschirmfoto-2020-11-08-um-18.02.46-300x179.avif 300w, https:\/\/bio-balkon.de\/wp-content\/uploads\/2018\/08\/Bildschirmfoto-2020-11-08-um-18.02.46-768x458.avif 768w, https:\/\/bio-balkon.de\/wp-content\/uploads\/2018\/08\/Bildschirmfoto-2020-11-08-um-18.02.46-18x12.avif 18w\" sizes=\"auto, (max-width: 1002px) 100vw, 1002px\" \/><\/p>\n<\/div>\n<\/div>\n<\/div>\n<div class=\"_3b6i _5zb3\">\n<div data-ft=\"{&quot;tn&quot;:&quot;H&quot;}\">\n<div class=\"mtm\">\n<div id=\"u_jsonp_19_p\" class=\"_6m2 _1zpr clearfix _dcs _4_w4 _41u- _59ap _2bf7 _64lx _3eqz _20pq _3eqw _2rk1 _3n1j _5qqr\" data-ft=\"{&quot;tn&quot;:&quot;H&quot;}\">\n<div class=\"clearfix _2r3x\">\n<div class=\"lfloat _ohe\">\n<div class=\"_3ekx _29_4\">\n<div class=\"_44ae _651x\">\n<div class=\"_6m3 _--6\">\n<div class=\"_3n1k\">\n<div class=\"mbs _6m6 _2cnj _5s6c\"><a href=\"https:\/\/l.facebook.com\/l.php?u=https%3A%2F%2Fwww.netzwerk21kongress.de%2Fzeitzeichen%2Fzeitzeichen-2018%2Fonline-voting%2F&amp;h=AT1UQtdRyetUhKuC47NwaBKx2ruCKDP_xX2z2Gzm7vDBJFq8IMX8OrHijWYdhuNQIq67UAp0uD3UNdLpJzxiFuXOOGDgtah2u2LLDYuUPmYpPRBS8DAhxolD03oleIesmL2IdZa8YFEBKj-Zhn4Igsn5zvqaY8PumdHxqASItlaZBr8KLRY1C0i9sbO2L49OGpA17xP1gWM1bmtAQ6CcmQqDqYhZNVuRORi9begtlpsfU1HT1FH3VtULO042wS6FxHjru_OC0o6841HG4ZxfpUepdCfa7ZkLG5qmU1LKpThZhFxcBzoE6xXj5YXQL0XhhmKapiIcz1xIBGAupTmeuDDwBgHg8BnKfYViuTIgjb3LfokmMJdDV0Q-ojFrVGuEUGzehbyPoGAATkjoOuxhPRwVwxmPriRAgAs7vcs2WA\" target=\"_blank\" rel=\"noopener nofollow noreferrer\" data-ad-preview=\"headline\" data-lynx-mode=\"origin\">Online-Voting | Netzwerk21Kongress<\/a><\/div>\n<div class=\"_6m7 _3bt9\">\u25c0 zur\u00fcck zur \u00dcbersicht ONLINE ABSTIMMUNG ZeitzeicheN \u2013 Publikumspreis 2018 Der Deutsche Lokale Nachhaltigkeitspreis ZeitzeicheN w\u00fcrdigt beispielhaftes Engagement bei der Umsetzung der Agenda 2030. Alle Bewerberinnen und Bewerber eint, dass sie auf ihren Gebieten und in ihren Regionen Aktivit&#8230;.<\/div>\n<\/div>\n<\/div>\n<div class=\"_44af _2e6-\">\n<div class=\"_522u\">\n<div class=\"_6a\" data-ft=\"{&quot;tn&quot;:&quot;*J&quot;}\">\n<div id=\"u_jsonp_19_1a\" class=\"_12js _vu\" data-ft=\"{&quot;tn&quot;:&quot;+n&quot;,&quot;type&quot;:105}\" data-ad-preview=\"cta\"><a id=\"u_jsonp_19_1c\" class=\"_42ft _4jy0 _t6k _2ig7 _4jy4 _517h _51sy\" role=\"button\" href=\"https:\/\/www.facebook.com\/events\/242338643126019\/?action_history=%22[%7B%5C%22surface%5C%22%3A%5C%22messaging%5C%22%2C%5C%22mechanism%5C%22%3A%5C%22attachment%5C%22%2C%5C%22extra_data%5C%22%3A%7B%7D%7D]%22#\" rel=\"async-post\" data-hover=\"tooltip\" data-tooltip-alignh=\"right\" data-tooltip-content=\"Zu gespeicherten Links hinzugef\u00fcgt\">Gespeichert<\/a><\/div>\n<\/div>\n<div data-ft=\"{&quot;tn&quot;:&quot;+n&quot;,&quot;type&quot;:105}\" data-ad-preview=\"cta\">\n<div id=\"comment_js_8vs\" class=\"UFIRow UFIComment _4oep\" role=\"article\" aria-label=\"Kommentieren\" data-ft=\"{&quot;tn&quot;:&quot;R2&quot;}\">\n<div class=\"_3b-9\">\n<div>\n<div class=\"clearfix\">\n<div class=\"\">\n<div class=\"UFIImageBlockContent _42ef\">\n<div class=\"\">\n<div class=\"UFICommentContentBlock\">\n<div class=\"UFICommentContent\">\n<div class=\"_26f8\">\n<div class=\"_10la _10lg\">\n<div class=\"UFICommentActorAndBodySpacing\"><span data-ft=\"{&quot;tn&quot;:&quot;K&quot;}\"><span class=\"UFICommentBody _1n4g\"><span class=\"_47e3 _5mfr\"><a class=\" UFICommentActorName\" dir=\"ltr\" href=\"https:\/\/www.facebook.com\/maria.klampaeckel?fref=ufi&amp;rc=p\" target=\"_self\" rel=\"noopener noreferrer\" data-ft=\"{&quot;tn&quot;:&quot;;&quot;}\" data-hovercard=\"\/ajax\/hovercard\/hovercard.php?id=100001619897706&amp;extragetparams=%7B%22is_public%22%3Atrue%2C%22hc_location%22%3A%22ufi%22%7D\">Maria Klampaeckel<\/a> Es gibt noch eine Auszeichnung f\u00fcr den <a class=\"profileLink\" dir=\"ltr\" href=\"https:\/\/www.facebook.com\/birgitsbiobalkon\/?hc_location=ufi\" target=\"_blank\" rel=\"noopener noreferrer\" data-hovercard=\"\/ajax\/hovercard\/hovercard.php?id=784356865040312&amp;extragetparams=%7B%22hc_location%22%3A%22ufi%22%7D\">Bio-Balkon<\/a> &#8211; <a class=\"profileLink\" dir=\"ltr\" href=\"https:\/\/www.facebook.com\/profile.php?id=100010588840089&amp;hc_location=ufi\" target=\"_blank\" rel=\"noopener noreferrer\" data-hovercard=\"\/ajax\/hovercard\/hovercard.php?id=100010588840089&amp;extragetparams=%7B%22hc_location%22%3A%22ufi%22%7D\">Birgit Schattling<\/a> schrieb: &#8222;Es kam noch eine E-Mail: Den Hauptpreis in der Kategorie &#8222;Bildung und Kommunikation&#8220; habe ich auch gewonnen. Das ist der wichtige Preis <img loading=\"lazy\" decoding=\"async\" class=\"img\" src=\"https:\/\/static.xx.fbcdn.net\/images\/emoji.php\/v9\/ff1\/2\/16\/1f923.png\" alt=\"\" width=\"16\" height=\"16\" \/><span class=\"_7oe\">?<\/span><img loading=\"lazy\" decoding=\"async\" class=\"img\" src=\"https:\/\/static.xx.fbcdn.net\/images\/emoji.php\/v9\/ff1\/2\/16\/1f923.png\" alt=\"\" width=\"16\" height=\"16\" \/><span class=\"_7oe\">?<\/span><img loading=\"lazy\" decoding=\"async\" class=\"img\" src=\"https:\/\/static.xx.fbcdn.net\/images\/emoji.php\/v9\/ff1\/2\/16\/1f923.png\" alt=\"\" width=\"16\" height=\"16\" \/><span class=\"_7oe\">?<\/span>. Ich freue mich total. Das ist Werbung f\u00fcr mehr naturnahe Balkone. So bekommen die Balkone Publicity. Ich kann mein Projekt auf dem <a id=\"js_cm5\" class=\"profileLink\" dir=\"ltr\" href=\"https:\/\/www.facebook.com\/Netzwerk21Kongress\/?hc_location=ufi\" target=\"_blank\" rel=\"noopener noreferrer\" data-hovercard=\"\/ajax\/hovercard\/hovercard.php?id=176320525748458&amp;extragetparams=%7B%22hc_location%22%3A%22ufi%22%7D\" aria-describedby=\"u_8n_1\" aria-owns=\"\">Netzwerk21Kongress<\/a> vorstellen.&#8220;<br \/>\nHerzlichen Gl\u00fcckwunsch &#8211; beide Preise so verdient gewonnen!<\/span><\/span><\/span><\/div>\n<div><a class=\" UFICommentActorName\" dir=\"ltr\" href=\"https:\/\/www.facebook.com\/birgitsbiobalkon\/?rc=p\" target=\"_self\" rel=\"noopener noreferrer\" data-ft=\"{&quot;tn&quot;:&quot;;&quot;}\" data-hovercard=\"\/ajax\/hovercard\/hovercard.php?id=784356865040312&amp;extragetparams=%7B%22is_public%22%3Atrue%2C%22hc_location%22%3A%22ufi%22%7D\">Bio-Balkon<\/a> <span data-ft=\"{&quot;tn&quot;:&quot;K&quot;}\"><span class=\"UFICommentBody\">Ich mu\u00df jetzt zur\u00fcckrudern. Der <a class=\"profileLink\" dir=\"ltr\" href=\"https:\/\/www.facebook.com\/birgitsbiobalkon\/?hc_location=ufi\" target=\"_blank\" rel=\"noopener noreferrer\" data-hovercard=\"\/ajax\/hovercard\/hovercard.php?id=784356865040312&amp;extragetparams=%7B%22hc_location%22%3A%22ufi%22%7D\">Bio-Balkoni<\/a>st nominiert f\u00fcr den Hauptpreis, das ist schon eine Auszeichnung. Ob es der Hauptpreis wird, werde ich in Dessau erfahren. Ich habe die E-Mail falsch aufgefasst, war im Preis-Fieber. Diese Nominierung ist aber schon ein Preis, denn es d\u00fcrfen nur einige wenige Projekte hinfahren und sich vorstellen.<\/span><\/span><\/div>\n<div><\/div>\n<div><\/div>\n<h1>Update 06.09.2018\u00a0Wir brauchen mehr bunte Balkone:<\/h1>\n<\/div>\n<\/div>\n<\/div>\n<\/div>\n<\/div>\n<\/div>\n<\/div>\n<\/div>\n<\/div>\n<\/div>\n<\/div>\n<\/div>\n<\/div>\n<\/div>\n<\/div>\n<\/div>\n<\/div>\n<\/div>\n<\/div>\n<\/div>\n<\/div>\n<\/div>\n<\/div>\n<\/div>\n<\/div>\n<\/div>\n<\/div>\n<p><span style=\"font-size: 14pt;\">Der <a href=\"https:\/\/www.netzwerk21kongress.de\/zeitzeichen\/zeitzeichen-2018\/online-voting\/\" target=\"_blank\" rel=\"noopener noreferrer\">Deutsche Lokale Nachhaltigkeitspreis ZeitzeicheN<\/a> w\u00fcrdigt beispielhaftes Engagement bei der Umsetzung der Agenda 2030.\u00a0Der Bio-Balkon gewinnt mit 1982 Stimmen den ZeitzeicheN Publikumspreis 2018! Die Preis\u00fcbergabe erfolgt am 10.10.2018 im Umweltministerium in Dessau. Danke an alle, die dem Bio-Balkon ihre Stimme gegeben haben. Beim <a href=\"https:\/\/www.netzwerk21kongress.de\/aktuelles\/netzwerk21kongress-gastiert-in-dessau-rosslau\/\" target=\"_blank\" rel=\"noopener noreferrer\">Netzwerk21 Kongress in Dessau<\/a> sind noch Pl\u00e4tze frei. <a href=\"https:\/\/www.netzwerk21kongress.de\" target=\"_blank\" rel=\"noopener noreferrer\">Anmeldungen<\/a> werden gern noch angenommen.<\/span><\/p>\n<h1 style=\"text-align: justify;\"><span style=\"font-size: 14pt;\">Die Preis\u00fcbergabe des <a href=\"http:\/\/www.dgg1822.de\/wettbewerbe\/medienpreis\" target=\"_blank\" rel=\"noopener noreferrer\">Medienpreises 2018 der Deutschen Gartenbaugesellschaft 1822 e.V.<\/a>\u00a0an mein Projekt <a href=\"https:\/\/bio-balkon.de\" target=\"_blank\" rel=\"noopener noreferrer\">Bio-Balkon<\/a> erfolgt am 12.10.2018 im Wei\u00dfen Saal des Schlosses auf der Insel Mainau.\u00a0Mit dem DGG-Medienpreis wird j\u00e4hrlich eine Person \/ Autorengemeinschaft ausgezeichnet, die sich im besonderen Ma\u00dfe den origin\u00e4ren Themen der Deutschen Gartenbau-Gesellschaft 1822 e.V. innerhalb eines journalistischen Beitrages gewidmet hat.\u00a0Der Siegertitel soll wichtige Gartenthemen einer breiten \u00d6ffentlichkeit zug\u00e4nglich gemacht und das Publikum altersunabh\u00e4ngig hierf\u00fcr begeistert haben. <\/span><\/h1>\n<h1>Blogbeitrag vom 09.08.2018\u00a0Wir brauchen mehr bunte Balkone:<\/h1>\n<p>I<span style=\"font-size: 14pt;\">ch sehe mich als Botschafterin f\u00fcr gr\u00fcne,\u00a0bl\u00fchende, bunte Balkone mit schwirrenden Bienen und V\u00f6geln in ges\u00fcnderen St\u00e4dten und Gemeinden. M\u00f6chtest auch Du ein Zeichen setzen f\u00fcr mehr Natur und kleine Biotope auf Balkonen, Selbstversorgung und entspannende Wohlf\u00fchloasen &#8211; dann stimme f\u00fcr den Bio-Balkon beim Nachhaltigkeitspreis 2018. Danke f\u00fcr Deine Stimme. \u00a0\u00a0<img decoding=\"async\" src=\"https:\/\/klicktipp.s3.amazonaws.com\/userimages\/40888\/images\/Tomate%20neu%2040%25.png\" alt=\"\" data-cke-saved-src=\"https:\/\/klicktipp.s3.amazonaws.com\/userimages\/40888\/images\/Tomate%20neu%2040%25.png\" \/>\u00a0<a href=\"https:\/\/www.netzwerk21kongress.de\/zeitzeichen\/zeitzeichen-2018\/online-voting\/bio-balkon\/\" data-cke-saved-href=\"https:\/\/www.netzwerk21kongress.de\/zeitzeichen\/zeitzeichen-2018\/online-voting\/bio-balkon\/\">Es ist nur ein Klick erfoderlich<\/a>\u00a0<img decoding=\"async\" src=\"https:\/\/klicktipp.s3.amazonaws.com\/userimages\/40888\/images\/Tomate%20neu%2040%25.png\" alt=\"\" data-cke-saved-src=\"https:\/\/klicktipp.s3.amazonaws.com\/userimages\/40888\/images\/Tomate%20neu%2040%25.png\" \/>. Es handelt sich um den Publikumspreis bei Zeitzeichen 2018.<\/span><\/p>\n<p><span style=\"font-size: 14pt;\">Zum 12. Mal wird im Rahmen des Netzwerk21Kongresses der <a href=\"https:\/\/www.grueneliga-berlin.de\/bewerbungsstart-fuer-den-zeitzeichen-preis-2018\/\" target=\"_blank\" rel=\"noopener noreferrer\">Deutsche Lokale Nachhaltigkeitspreis ZeitzeicheN<\/a> verliehen. Der Preis w\u00fcrdigt beispielhaftes Engagement bei der Umsetzung der Agenda 2030 und r\u00fcckt somit die Arbeit der Preistr\u00e4ger\u00a0und Nominierten ins \u00f6ffentliche Bewusstsein.<\/span><\/p>\n<p><span style=\"font-size: 14pt;\">Ich habe mein Projekt Bio-Balkon in der Kategorie &#8222;Bildung und Kommunikation f\u00fcr eine nachhaltige Entwicklung&#8220; eingereicht &#8211; dort sehe ich mich mit dem Online Bio-Balkon Kongress, den t\u00e4glichen Posts auf <a href=\"https:\/\/www.facebook.com\/birgitsbiobalkon\/\" target=\"_blank\" rel=\"noopener noreferrer\">Facebook<\/a> und <a href=\"https:\/\/www.instagram.com\/birgitschattling\/\" target=\"_blank\" rel=\"noopener noreferrer\">Instagram<\/a>. Bitte stimmt f\u00fcr den\u00a0\u00a0<img decoding=\"async\" src=\"https:\/\/klicktipp.s3.amazonaws.com\/userimages\/40888\/images\/Tomate%20neu%2040%25.png\" alt=\"\" data-cke-saved-src=\"https:\/\/klicktipp.s3.amazonaws.com\/userimages\/40888\/images\/Tomate%20neu%2040%25.png\" \/>\u00a0<a href=\"https:\/\/www.netzwerk21kongress.de\/zeitzeichen\/zeitzeichen-2018\/online-voting\/bio-balkon\/\" data-cke-saved-href=\"https:\/\/www.netzwerk21kongress.de\/zeitzeichen\/zeitzeichen-2018\/online-voting\/bio-balkon\/\">Bio-Balkon mit einem Klick<\/a>\u00a0<img decoding=\"async\" src=\"https:\/\/klicktipp.s3.amazonaws.com\/userimages\/40888\/images\/Tomate%20neu%2040%25.png\" alt=\"\" data-cke-saved-src=\"https:\/\/klicktipp.s3.amazonaws.com\/userimages\/40888\/images\/Tomate%20neu%2040%25.png\" \/>.<\/span><\/p>\n<p><strong>Abstellkammer und\/oder Geranien<\/strong><\/p>\n<p><img loading=\"lazy\" decoding=\"async\" class=\"size-large wp-image-10336 aligncenter\" src=\"https:\/\/bio-balkon.de\/wp-content\/uploads\/2019\/01\/P1850784-balkon-abstellkammer-berliner-super-1024x768.avif\" alt=\"\" width=\"800\" height=\"600\" srcset=\"https:\/\/bio-balkon.de\/wp-content\/uploads\/2019\/01\/P1850784-balkon-abstellkammer-berliner-super-1024x768.avif 1024w, https:\/\/bio-balkon.de\/wp-content\/uploads\/2019\/01\/P1850784-balkon-abstellkammer-berliner-super-300x225.avif 300w, https:\/\/bio-balkon.de\/wp-content\/uploads\/2019\/01\/P1850784-balkon-abstellkammer-berliner-super-768x576.avif 768w, https:\/\/bio-balkon.de\/wp-content\/uploads\/2019\/01\/P1850784-balkon-abstellkammer-berliner-super-1536x1152.avif 1536w, https:\/\/bio-balkon.de\/wp-content\/uploads\/2019\/01\/P1850784-balkon-abstellkammer-berliner-super-16x12.avif 16w, https:\/\/bio-balkon.de\/wp-content\/uploads\/2019\/01\/P1850784-balkon-abstellkammer-berliner-super-1320x990.avif 1320w, https:\/\/bio-balkon.de\/wp-content\/uploads\/2019\/01\/P1850784-balkon-abstellkammer-berliner-super.avif 1920w\" sizes=\"auto, (max-width: 800px) 100vw, 800px\" \/><\/p>\n<p><span style=\"font-size: 14pt;\"><strong>ODER<\/strong><\/span><\/p>\n<p><strong>Wildpflanzenbalkon mit schwirrenden Bienen, leuchtenden Schmetterlingen, fr\u00f6hlichen V\u00f6geln, dazu eine wundersch\u00f6ne Entspannungsoase. <\/strong><\/p>\n<p><img loading=\"lazy\" decoding=\"async\" class=\"size-large wp-image-10333 aligncenter\" src=\"https:\/\/bio-balkon.de\/wp-content\/uploads\/2019\/01\/P1850786-balkon-wildpflanzen-berliner-super-1024x768.avif\" alt=\"\" width=\"800\" height=\"600\" srcset=\"https:\/\/bio-balkon.de\/wp-content\/uploads\/2019\/01\/P1850786-balkon-wildpflanzen-berliner-super-1024x768.avif 1024w, https:\/\/bio-balkon.de\/wp-content\/uploads\/2019\/01\/P1850786-balkon-wildpflanzen-berliner-super-300x225.avif 300w, https:\/\/bio-balkon.de\/wp-content\/uploads\/2019\/01\/P1850786-balkon-wildpflanzen-berliner-super-768x576.avif 768w, https:\/\/bio-balkon.de\/wp-content\/uploads\/2019\/01\/P1850786-balkon-wildpflanzen-berliner-super-1536x1152.avif 1536w, https:\/\/bio-balkon.de\/wp-content\/uploads\/2019\/01\/P1850786-balkon-wildpflanzen-berliner-super-16x12.avif 16w, https:\/\/bio-balkon.de\/wp-content\/uploads\/2019\/01\/P1850786-balkon-wildpflanzen-berliner-super-1320x990.avif 1320w, https:\/\/bio-balkon.de\/wp-content\/uploads\/2019\/01\/P1850786-balkon-wildpflanzen-berliner-super.avif 1920w\" sizes=\"auto, (max-width: 800px) 100vw, 800px\" \/><\/p>\n<p><span style=\"font-size: 14pt;\">Setzt ein Zeichen mit der Gestaltung Eurer Balkone und stimmt bitte f\u00fcr den<\/span><\/p>\n<h2><span style=\"font-size: 14pt;\"><img decoding=\"async\" src=\"https:\/\/klicktipp.s3.amazonaws.com\/userimages\/40888\/images\/Tomate%20neu%2040%25.png\" alt=\"\" data-cke-saved-src=\"https:\/\/klicktipp.s3.amazonaws.com\/userimages\/40888\/images\/Tomate%20neu%2040%25.png\" \/>\u00a0<a href=\"https:\/\/www.netzwerk21kongress.de\/zeitzeichen\/zeitzeichen-2018\/online-voting\/bio-balkon\/\" data-cke-saved-href=\"https:\/\/www.netzwerk21kongress.de\/zeitzeichen\/zeitzeichen-2018\/online-voting\/bio-balkon\/\">Bio-Balkon<\/a>\u00a0<img decoding=\"async\" src=\"https:\/\/klicktipp.s3.amazonaws.com\/userimages\/40888\/images\/Tomate%20neu%2040%25.png\" alt=\"\" data-cke-saved-src=\"https:\/\/klicktipp.s3.amazonaws.com\/userimages\/40888\/images\/Tomate%20neu%2040%25.png\" \/><\/span><\/h2>\n<p><span style=\"font-size: 14pt;\">beim Publikumspreis von Zeitzeichen 2018.<\/span><\/p>\n<p><img loading=\"lazy\" decoding=\"async\" class=\"size-large wp-image-10335 aligncenter\" src=\"https:\/\/bio-balkon.de\/wp-content\/uploads\/2019\/01\/P1850781-balkon-wildpflanzen-abstellkammer-berliner-super-768x1024.avif\" alt=\"\" width=\"768\" height=\"1024\" srcset=\"https:\/\/bio-balkon.de\/wp-content\/uploads\/2019\/01\/P1850781-balkon-wildpflanzen-abstellkammer-berliner-super-768x1024.avif 768w, https:\/\/bio-balkon.de\/wp-content\/uploads\/2019\/01\/P1850781-balkon-wildpflanzen-abstellkammer-berliner-super-225x300.avif 225w, https:\/\/bio-balkon.de\/wp-content\/uploads\/2019\/01\/P1850781-balkon-wildpflanzen-abstellkammer-berliner-super-1152x1536.avif 1152w, https:\/\/bio-balkon.de\/wp-content\/uploads\/2019\/01\/P1850781-balkon-wildpflanzen-abstellkammer-berliner-super-9x12.avif 9w, https:\/\/bio-balkon.de\/wp-content\/uploads\/2019\/01\/P1850781-balkon-wildpflanzen-abstellkammer-berliner-super-1320x1760.avif 1320w, https:\/\/bio-balkon.de\/wp-content\/uploads\/2019\/01\/P1850781-balkon-wildpflanzen-abstellkammer-berliner-super.avif 1440w\" sizes=\"auto, (max-width: 768px) 100vw, 768px\" \/><\/p>\n<p><span style=\"font-size: 14pt;\">Wollt Ihr meinen Balkon nochmal sehen?\u00a0Gr\u00fcn, bunt, lebendig \u2013 so ist mein Balkon. Ich danke f\u00fcr die Chance, f\u00fcr gr\u00fcne bunte lebendige Balkone im <a href=\"https:\/\/www.rbb-online.de\/abendschau\/\" target=\"_blank\" rel=\"noopener noreferrer\">RBB-Fernsehen<\/a> werben zu d\u00fcrfen. Die Vorstellung meines Balkons ist nun auf meinem YouTube-Kanal, den ich bef\u00fcllen m\u00f6chte. Im Beitrag fehlen der \u00fcppige Kartoffelturm, Aroniabeeren, Brombeeren, die Salatecke <span class=\"_5mfr _47e3\"><img loading=\"lazy\" decoding=\"async\" class=\"img\" role=\"presentation\" src=\"https:\/\/static.xx.fbcdn.net\/images\/emoji.php\/v9\/f71\/2\/16\/1f604.png\" alt=\"\" width=\"16\" height=\"16\" \/><\/span>\u00a0Das ist Jammern auf hohem Niveau. Der Fernsehbeitrag ist gro\u00dfartig. Nutzt Eure Balkone <span class=\"_5mfr _47e3\"><img loading=\"lazy\" decoding=\"async\" class=\"img\" role=\"presentation\" src=\"https:\/\/static.xx.fbcdn.net\/images\/emoji.php\/v9\/fab\/2\/16\/1f345.png\" alt=\"\" width=\"16\" height=\"16\" \/><\/span><span class=\"_5mfr _47e3\"><img loading=\"lazy\" decoding=\"async\" class=\"img\" role=\"presentation\" src=\"https:\/\/static.xx.fbcdn.net\/images\/emoji.php\/v9\/fbd\/2\/16\/1f33f.png\" alt=\"\" width=\"16\" height=\"16\" \/><\/span><span class=\"_5mfr _47e3\"><img loading=\"lazy\" decoding=\"async\" class=\"img\" role=\"presentation\" src=\"https:\/\/static.xx.fbcdn.net\/images\/emoji.php\/v9\/f48\/2\/16\/1f353.png\" alt=\"\" width=\"16\" height=\"16\" \/><\/span><span class=\"_5mfr _47e3\"><img loading=\"lazy\" decoding=\"async\" class=\"img\" role=\"presentation\" src=\"https:\/\/static.xx.fbcdn.net\/images\/emoji.php\/v9\/f26\/2\/16\/1f340.png\" alt=\"\" width=\"16\" height=\"16\" \/><\/span>! Redet dar\u00fcber!\u00a0Hier kommt Ihr direkt zum tollen Video-Beitrag der RBB-Abendschau vom 02.07.2018: <a href=\"https:\/\/www.youtube.com\/watch?v=AF3dPof6Lhg&amp;t=1s\" target=\"_blank\" rel=\"noopener noreferrer\">Von A wie Apfelbaum bis Z wie Zucchini. Dazwischen Wildkr\u00e4uter. Alles Bio in Berlin-Wilmersdorf.<\/a><\/span><\/p>\n<h1><span style=\"font-size: 14pt;\"><a title=\"Permalink to Gr\u00fcn, bunt, lebendig anstelle leer oder Abstellkammer \u2013 Nutzt Eure Balkone!\" href=\"https:\/\/bio-balkon.de\/gruen-bunt-lebendig-anstelle-leer-oder-abstellkammer-nutzt-eure-balkone\/\" rel=\"bookmark\">Gr\u00fcn, bunt, lebendig anstelle leer oder Abstellkammer \u2013 Nutzt Eure Balkone!<\/a><\/span><\/h1>\n<p><span style=\"font-size: 14pt;\">Eine Leserin schrieb: Herrliche Oase, liebe Birgit. Ich habe gerne daf\u00fcr gestimmt, denn es liegt auch auf meiner Linie und deckt sich mit meinem Weltbild. Ich\u00a0w\u00fcnsche mir von dir: &#8222;Mach weiter so!&#8220;<span style=\"color: #ff0000;\"><br \/>\n<\/span><\/span><\/p>\n<h2>Wof\u00fcr schl\u00e4gt Dein Herz?<\/h2>\n<h2>Bitte stimme f\u00fcr den\u00a0\u00a0<img decoding=\"async\" src=\"https:\/\/klicktipp.s3.amazonaws.com\/userimages\/40888\/images\/Tomate%20neu%2040%25.png\" alt=\"\" data-cke-saved-src=\"https:\/\/klicktipp.s3.amazonaws.com\/userimages\/40888\/images\/Tomate%20neu%2040%25.png\" \/>\u00a0<a href=\"https:\/\/www.netzwerk21kongress.de\/zeitzeichen\/zeitzeichen-2018\/online-voting\/bio-balkon\/\" data-cke-saved-href=\"https:\/\/www.netzwerk21kongress.de\/zeitzeichen\/zeitzeichen-2018\/online-voting\/bio-balkon\/\">Bio-Balkon mit einem Klick<\/a>\u00a0<img decoding=\"async\" src=\"https:\/\/klicktipp.s3.amazonaws.com\/userimages\/40888\/images\/Tomate%20neu%2040%25.png\" alt=\"\" data-cke-saved-src=\"https:\/\/klicktipp.s3.amazonaws.com\/userimages\/40888\/images\/Tomate%20neu%2040%25.png\" \/>. Danke.<\/h2>\n","protected":false},"excerpt":{"rendered":"<p>I see mys\u00adelf as a bal\u00adc\u00ado\u00adny ambassa\u00addor. Would you also like to set an exam\u00adp\u00adle for more natu\u00adre and small bio\u00adto\u00adpes on bal\u00adco\u00adnies, self-suf\u00adfi\u00adci\u00aden\u00adcy and rela\u00adxing oases of well-being \u2014 then vote for the orga\u00adnic bal\u00adc\u00ado\u00adny in the Sus\u00adtaina\u00adbi\u00adli\u00adty Award 2018.<\/p>","protected":false},"author":5,"featured_media":10331,"comment_status":"open","ping_status":"closed","sticky":false,"template":"","format":"standard","meta":{"_acf_changed":false,"wp_typography_post_enhancements_disabled":false,"footnotes":""},"categories":[37,685],"tags":[],"class_list":["post-2627","post","type-post","status-publish","format-standard","has-post-thumbnail","hentry","category-allgemein","category-nachhaltigkeit"],"acf":[],"_links":{"self":[{"href":"https:\/\/bio-balkon.de\/en\/wp-json\/wp\/v2\/posts\/2627","targetHints":{"allow":["GET"]}}],"collection":[{"href":"https:\/\/bio-balkon.de\/en\/wp-json\/wp\/v2\/posts"}],"about":[{"href":"https:\/\/bio-balkon.de\/en\/wp-json\/wp\/v2\/types\/post"}],"author":[{"embeddable":true,"href":"https:\/\/bio-balkon.de\/en\/wp-json\/wp\/v2\/users\/5"}],"replies":[{"embeddable":true,"href":"https:\/\/bio-balkon.de\/en\/wp-json\/wp\/v2\/comments?post=2627"}],"version-history":[{"count":0,"href":"https:\/\/bio-balkon.de\/en\/wp-json\/wp\/v2\/posts\/2627\/revisions"}],"wp:featuredmedia":[{"embeddable":true,"href":"https:\/\/bio-balkon.de\/en\/wp-json\/wp\/v2\/media\/10331"}],"wp:attachment":[{"href":"https:\/\/bio-balkon.de\/en\/wp-json\/wp\/v2\/media?parent=2627"}],"wp:term":[{"taxonomy":"category","embeddable":true,"href":"https:\/\/bio-balkon.de\/en\/wp-json\/wp\/v2\/categories?post=2627"},{"taxonomy":"post_tag","embeddable":true,"href":"https:\/\/bio-balkon.de\/en\/wp-json\/wp\/v2\/tags?post=2627"}],"curies":[{"name":"wp","href":"https:\/\/api.w.org\/{rel}","templated":true}]}}