{"id":2004,"date":"2022-10-04T13:16:46","date_gmt":"2022-10-04T11:16:46","guid":{"rendered":"https:\/\/bio-balkon.de\/?p=2004"},"modified":"2024-04-08T17:06:45","modified_gmt":"2024-04-08T15:06:45","slug":"squirrels-sleep-on-the-balcony-on-the-6th-floor-in-the-middle-of-berlin","status":"publish","type":"post","link":"https:\/\/bio-balkon.de\/en\/eichhoernchen-schlafen-auf-dem-balkon-im-6-stock-mitten-in-berlin\/","title":{"rendered":"Squir\u00adrels slee\u00adping on the bal\u00adc\u00ado\u00adny on the 6th flo\u00ador in the midd\u00adle of Ber\u00adlin"},"content":{"rendered":"<div class=\"wp-block-image\"><figure class=\"aligncenter size-large\"><img loading=\"lazy\" decoding=\"async\" width=\"1024\" height=\"768\" src=\"https:\/\/bio-balkon.de\/wp-content\/uploads\/2019\/01\/P2070888-eichho\u0308rnchen-beginn-bau-kobel-ruth-super-1024x768.avif\" alt=\"Eichh\u00f6rnchen auf dem Bio-Balkon. Anfang Dezember fingen sie an, Pflanzenreste abzubei\u00dfen und sich daraus ein Nest zu bauen.\" class=\"wp-image-10219\" srcset=\"https:\/\/bio-balkon.de\/wp-content\/uploads\/2019\/01\/P2070888-eichho\u0308rnchen-beginn-bau-kobel-ruth-super-1024x768.avif 1024w, https:\/\/bio-balkon.de\/wp-content\/uploads\/2019\/01\/P2070888-eichho\u0308rnchen-beginn-bau-kobel-ruth-super-300x225.avif 300w, https:\/\/bio-balkon.de\/wp-content\/uploads\/2019\/01\/P2070888-eichho\u0308rnchen-beginn-bau-kobel-ruth-super-768x576.avif 768w, https:\/\/bio-balkon.de\/wp-content\/uploads\/2019\/01\/P2070888-eichho\u0308rnchen-beginn-bau-kobel-ruth-super-1536x1152.avif 1536w, https:\/\/bio-balkon.de\/wp-content\/uploads\/2019\/01\/P2070888-eichho\u0308rnchen-beginn-bau-kobel-ruth-super-16x12.avif 16w, https:\/\/bio-balkon.de\/wp-content\/uploads\/2019\/01\/P2070888-eichho\u0308rnchen-beginn-bau-kobel-ruth-super-1320x990.avif 1320w, https:\/\/bio-balkon.de\/wp-content\/uploads\/2019\/01\/P2070888-eichho\u0308rnchen-beginn-bau-kobel-ruth-super.avif 1920w\" sizes=\"auto, (max-width: 1024px) 100vw, 1024px\"><\/figure><\/div>\n\n\n\n<p>\ud83d\udc3f\ud83d\udc3f\ud83d\udc3f Jetzt zei\u00adge ich Euch eine klei\u00adne Bal\u00adkon-Sen\u00adsa\u00adti\u00adon \ud83d\udc3f\ud83d\udc3f\ud83d\udc3f&nbsp; und freue mich wie eine Eich\u00adh\u00f6rn\u00adchen\u00adma\u00adma. Jetzt hat sich doch tat\u00ads\u00e4ch\u00adlich ein Eich\u00adh\u00f6rn\u00adchen einen Kobel (= Eich\u00adh\u00f6rn\u00adchen\u00adnest, Schlaf\u00adplatz) auf unse\u00adrem Bal\u00adkon gebaut. Auf dem Bal\u00adkon\u00adkas\u00adten mit Zim\u00admer\u00adknob\u00adlauch, der den gan\u00adzen Som\u00admer wun\u00adder\u00adbar fili\u00adgran gebl\u00fcht hat und nicht frost\u00adhart ist. Ich \u00fcber\u00adlas\u00adse den Bal\u00adkon\u00adkas\u00adten mit dem Zim\u00admer\u00adknob\u00adlauch dem Eich\u00adh\u00f6rn\u00adchen, dann erfriert eben der Knob\u00adlauch. Die\u00adser Schlaf\u00adplatz ist f\u00fcr mich ein Wun\u00adder. Die\u00adses schlaue Eich\u00adh\u00f6rn\u00adchen hat sich sei\u00adnen Kobel so gebaut, dass \u00fcber ihm ein Gr\u00fcn\u00adkohl w\u00e4chst, der ihn vor Regen sch\u00fctzt. Ich sehe das Eich\u00adh\u00f6rn\u00adchen kaum, wenn es schl\u00e4ft. Nur, wenn es wach ist oder viel\u00adleicht tr\u00e4umt und sich die Bl\u00e4t\u00adter vom Zim\u00admer\u00adknob\u00adlauch bewe\u00adgen. Ein biss\u00adchen rot\u00adbrau\u00adnes Fell ist zu sehen. Seht Ihr \u2013 wenn es im Kobel drin ist, kann man es kaum sehen.&nbsp;Ich bin da ehr\u00adlich sehr auf\u00adge\u00adregt, weil es f\u00fcr mich etwas gaaa\u00adanz beson\u00adde\u00adres ist, dass es sich hier in Ber\u00adlin City im 6. Stock nicht nur N\u00fcs\u00adse holt, son\u00addern hier sogar schla\u00adfen will.<\/p>\n\n\n\n<div class=\"wp-block-image\"><figure class=\"aligncenter size-large\"><img loading=\"lazy\" decoding=\"async\" width=\"1024\" height=\"768\" src=\"https:\/\/bio-balkon.de\/wp-content\/uploads\/2019\/01\/P2070899-eichho\u0308rnchen-beginn-bau-kobel-ruth-super-1024x768.avif\" alt=\"Die Eichh\u00f6rnchen suchten als Platz f\u00fcr ihren Schlafplatz auf dem Bio-Balkon eine Stelle unter einem Gr\u00fcnkohl aus. So hat das Nest bei Regen ein Dach \u00fcber.\" class=\"wp-image-10216\" srcset=\"https:\/\/bio-balkon.de\/wp-content\/uploads\/2019\/01\/P2070899-eichho\u0308rnchen-beginn-bau-kobel-ruth-super-1024x768.avif 1024w, https:\/\/bio-balkon.de\/wp-content\/uploads\/2019\/01\/P2070899-eichho\u0308rnchen-beginn-bau-kobel-ruth-super-300x225.avif 300w, https:\/\/bio-balkon.de\/wp-content\/uploads\/2019\/01\/P2070899-eichho\u0308rnchen-beginn-bau-kobel-ruth-super-768x576.avif 768w, https:\/\/bio-balkon.de\/wp-content\/uploads\/2019\/01\/P2070899-eichho\u0308rnchen-beginn-bau-kobel-ruth-super-1536x1152.avif 1536w, https:\/\/bio-balkon.de\/wp-content\/uploads\/2019\/01\/P2070899-eichho\u0308rnchen-beginn-bau-kobel-ruth-super-16x12.avif 16w, https:\/\/bio-balkon.de\/wp-content\/uploads\/2019\/01\/P2070899-eichho\u0308rnchen-beginn-bau-kobel-ruth-super-1320x990.avif 1320w, https:\/\/bio-balkon.de\/wp-content\/uploads\/2019\/01\/P2070899-eichho\u0308rnchen-beginn-bau-kobel-ruth-super.avif 1920w\" sizes=\"auto, (max-width: 1024px) 100vw, 1024px\"><\/figure><\/div>\n\n\n\n<div class=\"wp-block-image\"><figure class=\"aligncenter size-large\"><img loading=\"lazy\" decoding=\"async\" width=\"1440\" height=\"1440\" src=\"https:\/\/bio-balkon.de\/wp-content\/uploads\/2020\/11\/P2070913-eichho\u0308rnchen-beginn-bau-kobel-ruth-super-edited.avif\" alt=\"Das Eichh\u00f6rnchen Ruth baut auf dem Balkon einen Kobel. Das ist eine Schlafstelle beziehungsweise ein Nest f\u00fcr Eichh\u00f6rnchen.\" class=\"wp-image-13411\" srcset=\"https:\/\/bio-balkon.de\/wp-content\/uploads\/2020\/11\/P2070913-eichho\u0308rnchen-beginn-bau-kobel-ruth-super-edited.avif 1440w, https:\/\/bio-balkon.de\/wp-content\/uploads\/2020\/11\/P2070913-eichho\u0308rnchen-beginn-bau-kobel-ruth-super-edited-300x300.avif 300w, https:\/\/bio-balkon.de\/wp-content\/uploads\/2020\/11\/P2070913-eichho\u0308rnchen-beginn-bau-kobel-ruth-super-edited-1024x1024.avif 1024w, https:\/\/bio-balkon.de\/wp-content\/uploads\/2020\/11\/P2070913-eichho\u0308rnchen-beginn-bau-kobel-ruth-super-edited-150x150.avif 150w, https:\/\/bio-balkon.de\/wp-content\/uploads\/2020\/11\/P2070913-eichho\u0308rnchen-beginn-bau-kobel-ruth-super-edited-768x768.avif 768w, https:\/\/bio-balkon.de\/wp-content\/uploads\/2020\/11\/P2070913-eichho\u0308rnchen-beginn-bau-kobel-ruth-super-edited-12x12.avif 12w, https:\/\/bio-balkon.de\/wp-content\/uploads\/2020\/11\/P2070913-eichho\u0308rnchen-beginn-bau-kobel-ruth-super-edited-1320x1320.avif 1320w\" sizes=\"auto, (max-width: 1440px) 100vw, 1440px\"><\/figure><\/div>\n\n\n\n<h2 class=\"wp-block-heading\">So fing die Geschich\u00adte mit den Eich\u00adh\u00f6rn\u00adchen auf unse\u00adrem Bal\u00adkon an<\/h2>\n\n\n\n<p>Am 7.12.18 stand ich hin\u00adter der Bal\u00adkon\u00adt\u00fcr und bemerk\u00adte, dass ein Eich\u00adh\u00f6rn\u00adchen mit der Schnur her\u00adum\u00adspiel\u00adte, an der S\u00fc\u00df\u00adkar\u00adtof\u00adfeln hoch\u00adwuch\u00adsen. Im Vor\u00adjahr wuch\u00adsen an die\u00adser Schnur Toma\u00adten zur Decke. Ich dach\u00adte mir anfangs noch gar nichts.<\/p>\n\n\n\n<div class=\"wp-block-image\"><figure class=\"aligncenter size-large\"><img loading=\"lazy\" decoding=\"async\" width=\"810\" height=\"1440\" src=\"https:\/\/bio-balkon.de\/wp-content\/uploads\/2020\/11\/P2070720-7.12.-eichho\u0308rnchen-schnur-beginn-bau-kobel-edited.avif\" alt=\"So fing der Bau des Kobels, der Schlafstelle an. Ich stand hinter der Scheibe der Balkont\u00fcr und schaute hinaus auf den Balkon. Ein Eichh\u00f6rnchen zerrte an der Schnur herum, an der die biologischen Tomaten wuchsen.\" class=\"wp-image-13399\" srcset=\"https:\/\/bio-balkon.de\/wp-content\/uploads\/2020\/11\/P2070720-7.12.-eichho\u0308rnchen-schnur-beginn-bau-kobel-edited.avif 810w, https:\/\/bio-balkon.de\/wp-content\/uploads\/2020\/11\/P2070720-7.12.-eichho\u0308rnchen-schnur-beginn-bau-kobel-edited-169x300.avif 169w, https:\/\/bio-balkon.de\/wp-content\/uploads\/2020\/11\/P2070720-7.12.-eichho\u0308rnchen-schnur-beginn-bau-kobel-edited-576x1024.avif 576w, https:\/\/bio-balkon.de\/wp-content\/uploads\/2020\/11\/P2070720-7.12.-eichho\u0308rnchen-schnur-beginn-bau-kobel-edited-768x1365.avif 768w, https:\/\/bio-balkon.de\/wp-content\/uploads\/2020\/11\/P2070720-7.12.-eichho\u0308rnchen-schnur-beginn-bau-kobel-edited-7x12.avif 7w\" sizes=\"auto, (max-width: 810px) 100vw, 810px\"><\/figure><\/div>\n\n\n\n<p>Ich beob\u00adach\u00adte\u00adte genau\u00ader. Immer wie\u00adder hakel\u00adte und biss es an der Schnur her\u00adum. War\u00adum wohl? Ich wuss\u00adte es noch nicht, wun\u00adder\u00adte mich und schau\u00adte ganz gebannt durch die Bal\u00adkon\u00adt\u00fcr auf das Gesche\u00adhen.<\/p>\n\n\n\n<div class=\"wp-block-image\"><figure class=\"aligncenter size-large\"><img loading=\"lazy\" decoding=\"async\" width=\"1024\" height=\"768\" src=\"https:\/\/bio-balkon.de\/wp-content\/uploads\/2019\/01\/P2080434-eichho\u0308rnchen-kobel-schnur-super-1024x768.avif\" alt=\"Dieses Eichh\u00f6rnchen findet auf dem Balkon Baumaterial f\u00fcr seinen Kobel.\" class=\"wp-image-10240\" srcset=\"https:\/\/bio-balkon.de\/wp-content\/uploads\/2019\/01\/P2080434-eichho\u0308rnchen-kobel-schnur-super-1024x768.avif 1024w, https:\/\/bio-balkon.de\/wp-content\/uploads\/2019\/01\/P2080434-eichho\u0308rnchen-kobel-schnur-super-300x225.avif 300w, https:\/\/bio-balkon.de\/wp-content\/uploads\/2019\/01\/P2080434-eichho\u0308rnchen-kobel-schnur-super-768x576.avif 768w, https:\/\/bio-balkon.de\/wp-content\/uploads\/2019\/01\/P2080434-eichho\u0308rnchen-kobel-schnur-super-1536x1152.avif 1536w, https:\/\/bio-balkon.de\/wp-content\/uploads\/2019\/01\/P2080434-eichho\u0308rnchen-kobel-schnur-super-16x12.avif 16w, https:\/\/bio-balkon.de\/wp-content\/uploads\/2019\/01\/P2080434-eichho\u0308rnchen-kobel-schnur-super-1320x990.avif 1320w, https:\/\/bio-balkon.de\/wp-content\/uploads\/2019\/01\/P2080434-eichho\u0308rnchen-kobel-schnur-super.avif 1920w\" sizes=\"auto, (max-width: 1024px) 100vw, 1024px\"><\/figure><\/div>\n\n\n\n<div class=\"wp-block-image\"><figure class=\"aligncenter size-large\"><img loading=\"lazy\" decoding=\"async\" width=\"1024\" height=\"768\" src=\"https:\/\/bio-balkon.de\/wp-content\/uploads\/2019\/01\/P2070728-eichho\u0308rnchen-schnur-beginn-bau-kobel-1024x768.avif\" alt=\"Hier versucht das Eichh\u00f6rnchen auf dem Balkon Nistmaterial abzubeissen.\" class=\"wp-image-10229\" srcset=\"https:\/\/bio-balkon.de\/wp-content\/uploads\/2019\/01\/P2070728-eichho\u0308rnchen-schnur-beginn-bau-kobel-1024x768.avif 1024w, https:\/\/bio-balkon.de\/wp-content\/uploads\/2019\/01\/P2070728-eichho\u0308rnchen-schnur-beginn-bau-kobel-300x225.avif 300w, https:\/\/bio-balkon.de\/wp-content\/uploads\/2019\/01\/P2070728-eichho\u0308rnchen-schnur-beginn-bau-kobel-768x576.avif 768w, https:\/\/bio-balkon.de\/wp-content\/uploads\/2019\/01\/P2070728-eichho\u0308rnchen-schnur-beginn-bau-kobel-1536x1152.avif 1536w, https:\/\/bio-balkon.de\/wp-content\/uploads\/2019\/01\/P2070728-eichho\u0308rnchen-schnur-beginn-bau-kobel-16x12.avif 16w, https:\/\/bio-balkon.de\/wp-content\/uploads\/2019\/01\/P2070728-eichho\u0308rnchen-schnur-beginn-bau-kobel-1320x990.avif 1320w, https:\/\/bio-balkon.de\/wp-content\/uploads\/2019\/01\/P2070728-eichho\u0308rnchen-schnur-beginn-bau-kobel.avif 1920w\" sizes=\"auto, (max-width: 1024px) 100vw, 1024px\"><\/figure><\/div>\n\n\n\n<h2 class=\"wp-block-heading\">Die Schnur\u00adab\u00adbei\u00ad\u00dfe\u00adrin<\/h2>\n\n\n\n<p>Hier seht Ihr, wie es die Schnur abbei\u00ad\u00dfen will, um damit den zuk\u00fcnf\u00adti\u00adgen Kobel aus\u00adzu\u00adpols\u00adtern. Es k\u00e4mpft fast mit die\u00adser Schnur, immer wie\u00adder. Es zerrt und zerrt an der Schnur, bei\u00dft und bei\u00dft immer wie\u00adder. An die\u00adser Schnur sind Toma\u00adten und S\u00fc\u00df\u00adkar\u00adtof\u00adfeln zur Decke hoch\u00adge\u00adr\u00adankt. Jetzt im Dezem\u00adber sind sie als exo\u00adti\u00adsche Pflan\u00adze, die kei\u00adne K\u00e4l\u00adte mag, halt ver\u00adtrock\u00adnet. Der Gr\u00fcn\u00adkohl als Win\u00adter\u00adge\u00adm\u00fc\u00adse dage\u00adgen h\u00e4lt Frost bis \u201115\u00b0 aus und wird den gan\u00adzen Win\u00adter sch\u00f6n gr\u00fcn aus\u00adschau\u00aden. Zum Aus\u00adru\u00adhen klet\u00adtert es dann mal schnell die Insek\u00adten\u00adnist\u00adhil\u00adfen hoch. Die\u00adse sind mit Kanin\u00adchen\u00addraht gesi\u00adchert, weil sich Bunt\u00adspecht und Mei\u00adsen gern an der Wild\u00adbie\u00adnen\u00adbrut bedie\u00adnen und die Brut\u00adg\u00e4n\u00adge auf\u00adpi\u00adcken, um an das pro\u00adte\u00adin\u00adrei\u00adche Fut\u00adter her\u00adan\u00adzu\u00adkom\u00admen.<\/p>\n\n\n\n<div class=\"wp-block-image\"><figure class=\"aligncenter size-large\"><img loading=\"lazy\" decoding=\"async\" width=\"1024\" height=\"768\" src=\"https:\/\/bio-balkon.de\/wp-content\/uploads\/2019\/01\/P2080492-eichho\u0308rnchen-kobel-schnur-super-1024x768.avif\" alt=\"Das Eichh\u00f6rnchen k\u00e4mpft auf dem Balkon fast mit der Schnur, die es als Auspolsterung f\u00fcr seinen Kobel haben m\u00f6chte.\" class=\"wp-image-10233\" srcset=\"https:\/\/bio-balkon.de\/wp-content\/uploads\/2019\/01\/P2080492-eichho\u0308rnchen-kobel-schnur-super-1024x768.avif 1024w, https:\/\/bio-balkon.de\/wp-content\/uploads\/2019\/01\/P2080492-eichho\u0308rnchen-kobel-schnur-super-300x225.avif 300w, https:\/\/bio-balkon.de\/wp-content\/uploads\/2019\/01\/P2080492-eichho\u0308rnchen-kobel-schnur-super-768x576.avif 768w, https:\/\/bio-balkon.de\/wp-content\/uploads\/2019\/01\/P2080492-eichho\u0308rnchen-kobel-schnur-super-1536x1152.avif 1536w, https:\/\/bio-balkon.de\/wp-content\/uploads\/2019\/01\/P2080492-eichho\u0308rnchen-kobel-schnur-super-16x12.avif 16w, https:\/\/bio-balkon.de\/wp-content\/uploads\/2019\/01\/P2080492-eichho\u0308rnchen-kobel-schnur-super-1320x990.avif 1320w, https:\/\/bio-balkon.de\/wp-content\/uploads\/2019\/01\/P2080492-eichho\u0308rnchen-kobel-schnur-super.avif 1920w\" sizes=\"auto, (max-width: 1024px) 100vw, 1024px\"><\/figure><\/div>\n\n\n\n<div class=\"wp-block-image\"><figure class=\"aligncenter size-large\"><img loading=\"lazy\" decoding=\"async\" width=\"1024\" height=\"768\" src=\"https:\/\/bio-balkon.de\/wp-content\/uploads\/2019\/01\/P2080404-eichho\u0308rnchen-kobel-12.12.-schnur-super-1024x768.avif\" alt=\"Herrlich, wie das Eichh\u00f6rnchen auf dem Balkon mit der Schnur k\u00e4mpft.\" class=\"wp-image-10242\" srcset=\"https:\/\/bio-balkon.de\/wp-content\/uploads\/2019\/01\/P2080404-eichho\u0308rnchen-kobel-12.12.-schnur-super-1024x768.avif 1024w, https:\/\/bio-balkon.de\/wp-content\/uploads\/2019\/01\/P2080404-eichho\u0308rnchen-kobel-12.12.-schnur-super-300x225.avif 300w, https:\/\/bio-balkon.de\/wp-content\/uploads\/2019\/01\/P2080404-eichho\u0308rnchen-kobel-12.12.-schnur-super-768x576.avif 768w, https:\/\/bio-balkon.de\/wp-content\/uploads\/2019\/01\/P2080404-eichho\u0308rnchen-kobel-12.12.-schnur-super-1536x1152.avif 1536w, https:\/\/bio-balkon.de\/wp-content\/uploads\/2019\/01\/P2080404-eichho\u0308rnchen-kobel-12.12.-schnur-super-16x12.avif 16w, https:\/\/bio-balkon.de\/wp-content\/uploads\/2019\/01\/P2080404-eichho\u0308rnchen-kobel-12.12.-schnur-super-1320x990.avif 1320w, https:\/\/bio-balkon.de\/wp-content\/uploads\/2019\/01\/P2080404-eichho\u0308rnchen-kobel-12.12.-schnur-super.avif 1920w\" sizes=\"auto, (max-width: 1024px) 100vw, 1024px\"><\/figure><\/div>\n\n\n\n<div class=\"wp-block-image\"><figure class=\"aligncenter size-large\"><img loading=\"lazy\" decoding=\"async\" width=\"1024\" height=\"768\" src=\"https:\/\/bio-balkon.de\/wp-content\/uploads\/2019\/01\/P2080441-eichho\u0308rnchen-kobel-schnur-super-1024x768.avif\" alt=\"Ich stehe hinter der Fensterscheibe und beobachte das Eichh\u00f6rnchen auf dem Balkon.\" class=\"wp-image-10239\" srcset=\"https:\/\/bio-balkon.de\/wp-content\/uploads\/2019\/01\/P2080441-eichho\u0308rnchen-kobel-schnur-super-1024x768.avif 1024w, https:\/\/bio-balkon.de\/wp-content\/uploads\/2019\/01\/P2080441-eichho\u0308rnchen-kobel-schnur-super-300x225.avif 300w, https:\/\/bio-balkon.de\/wp-content\/uploads\/2019\/01\/P2080441-eichho\u0308rnchen-kobel-schnur-super-768x576.avif 768w, https:\/\/bio-balkon.de\/wp-content\/uploads\/2019\/01\/P2080441-eichho\u0308rnchen-kobel-schnur-super-1536x1152.avif 1536w, https:\/\/bio-balkon.de\/wp-content\/uploads\/2019\/01\/P2080441-eichho\u0308rnchen-kobel-schnur-super-16x12.avif 16w, https:\/\/bio-balkon.de\/wp-content\/uploads\/2019\/01\/P2080441-eichho\u0308rnchen-kobel-schnur-super-1320x990.avif 1320w, https:\/\/bio-balkon.de\/wp-content\/uploads\/2019\/01\/P2080441-eichho\u0308rnchen-kobel-schnur-super.avif 1920w\" sizes=\"auto, (max-width: 1024px) 100vw, 1024px\"><\/figure><\/div>\n\n\n\n<div class=\"wp-block-image\"><figure class=\"aligncenter size-large\"><img loading=\"lazy\" decoding=\"async\" width=\"1024\" height=\"768\" src=\"https:\/\/bio-balkon.de\/wp-content\/uploads\/2019\/01\/P2080456-eichho\u0308rnchen-kobel-schnur-super-1024x768.avif\" alt=\"Hier bringt das Eichh\u00f6rnchen auf dem Balkon feine abgezerrte Reste der Schnur in seinen neuen Kobel.\" class=\"wp-image-10235\" srcset=\"https:\/\/bio-balkon.de\/wp-content\/uploads\/2019\/01\/P2080456-eichho\u0308rnchen-kobel-schnur-super-1024x768.avif 1024w, https:\/\/bio-balkon.de\/wp-content\/uploads\/2019\/01\/P2080456-eichho\u0308rnchen-kobel-schnur-super-300x225.avif 300w, https:\/\/bio-balkon.de\/wp-content\/uploads\/2019\/01\/P2080456-eichho\u0308rnchen-kobel-schnur-super-768x576.avif 768w, https:\/\/bio-balkon.de\/wp-content\/uploads\/2019\/01\/P2080456-eichho\u0308rnchen-kobel-schnur-super-1536x1152.avif 1536w, https:\/\/bio-balkon.de\/wp-content\/uploads\/2019\/01\/P2080456-eichho\u0308rnchen-kobel-schnur-super-16x12.avif 16w, https:\/\/bio-balkon.de\/wp-content\/uploads\/2019\/01\/P2080456-eichho\u0308rnchen-kobel-schnur-super-1320x990.avif 1320w, https:\/\/bio-balkon.de\/wp-content\/uploads\/2019\/01\/P2080456-eichho\u0308rnchen-kobel-schnur-super.avif 1920w\" sizes=\"auto, (max-width: 1024px) 100vw, 1024px\"><\/figure><\/div>\n\n\n\n<h2 class=\"wp-block-heading\">Die Pflan\u00adzen\u00adf\u00e4l\u00adle\u00adrin<\/h2>\n\n\n\n<p>Hier konn\u00adte ich wun\u00adder\u00adbar beob\u00adach\u00adten, wie es sich getrock\u00adne\u00adte Pflan\u00adzen\u00adst\u00e4n\u00adgel von Baum\u00adspi\u00adnat, Toma\u00adte, Brenn\u00adnes\u00adsel und  Son\u00adnen\u00adblu\u00admen abge\u00adbis\u00adsen hat. Gut, dass die bei mir noch in den Bal\u00adkon\u00adk\u00e4s\u00adten her\u00adum\u00adste\u00adhen, eigent\u00adlich f\u00fcr die Insek\u00adten. Die \u00fcber\u00adwin\u00adtern gern in den hoh\u00adlen Pflan\u00adzen\u00adst\u00e4n\u00adgeln. V\u00f6gel holen sich viel\u00adleicht noch die letz\u00adten vor\u00adhan\u00adde\u00adnen Samen. Ich hat\u00adte mich beim Beob\u00adach\u00adten total gewun\u00addert, was es da macht, die\u00adses Abbei\u00ad\u00dfen kann\u00adte ich noch nicht. Da der Kobel ziem\u00adlich ver\u00adsteckt liegt und ich zum dama\u00adli\u00adgen Zeit\u00adpunkt noch gar nicht dach\u00adte, dass hier ein Eich\u00adh\u00f6rn\u00adchen schla\u00adfen m\u00f6ch\u00adte, bin ich \u00fcber\u00adhaupt nicht auf die Idee gekom\u00admen, was es vor\u00adhat.<\/p>\n\n\n\n<div class=\"wp-block-image\"><figure class=\"aligncenter size-large\"><img loading=\"lazy\" decoding=\"async\" width=\"1024\" height=\"768\" src=\"https:\/\/bio-balkon.de\/wp-content\/uploads\/2019\/01\/P2070788-eichho\u0308rnchen-beginn-bau-kobel-a\u0308ste-ruth-1024x768.avif\" alt=\"Ich beobachte mit solcher Freude das Eichh\u00f6rnchen auf dem Balkon.\" class=\"wp-image-10228\" srcset=\"https:\/\/bio-balkon.de\/wp-content\/uploads\/2019\/01\/P2070788-eichho\u0308rnchen-beginn-bau-kobel-a\u0308ste-ruth-1024x768.avif 1024w, https:\/\/bio-balkon.de\/wp-content\/uploads\/2019\/01\/P2070788-eichho\u0308rnchen-beginn-bau-kobel-a\u0308ste-ruth-300x225.avif 300w, https:\/\/bio-balkon.de\/wp-content\/uploads\/2019\/01\/P2070788-eichho\u0308rnchen-beginn-bau-kobel-a\u0308ste-ruth-768x576.avif 768w, https:\/\/bio-balkon.de\/wp-content\/uploads\/2019\/01\/P2070788-eichho\u0308rnchen-beginn-bau-kobel-a\u0308ste-ruth-1536x1152.avif 1536w, https:\/\/bio-balkon.de\/wp-content\/uploads\/2019\/01\/P2070788-eichho\u0308rnchen-beginn-bau-kobel-a\u0308ste-ruth-16x12.avif 16w, https:\/\/bio-balkon.de\/wp-content\/uploads\/2019\/01\/P2070788-eichho\u0308rnchen-beginn-bau-kobel-a\u0308ste-ruth-1320x990.avif 1320w, https:\/\/bio-balkon.de\/wp-content\/uploads\/2019\/01\/P2070788-eichho\u0308rnchen-beginn-bau-kobel-a\u0308ste-ruth.avif 1920w\" sizes=\"auto, (max-width: 1024px) 100vw, 1024px\"><\/figure><\/div>\n\n\n\n<div class=\"wp-block-image\"><figure class=\"aligncenter size-large\"><img loading=\"lazy\" decoding=\"async\" width=\"1024\" height=\"768\" src=\"https:\/\/bio-balkon.de\/wp-content\/uploads\/2019\/01\/P2070817-eichho\u0308rnchen-beginn-bau-kobel-ruth-1024x768.avif\" alt=\"Eichh\u00f6rnchen auf dem Balkon von so nah zu beobachten, ist eine riesige Freude.\" class=\"wp-image-10227\" srcset=\"https:\/\/bio-balkon.de\/wp-content\/uploads\/2019\/01\/P2070817-eichho\u0308rnchen-beginn-bau-kobel-ruth-1024x768.avif 1024w, https:\/\/bio-balkon.de\/wp-content\/uploads\/2019\/01\/P2070817-eichho\u0308rnchen-beginn-bau-kobel-ruth-300x225.avif 300w, https:\/\/bio-balkon.de\/wp-content\/uploads\/2019\/01\/P2070817-eichho\u0308rnchen-beginn-bau-kobel-ruth-768x576.avif 768w, https:\/\/bio-balkon.de\/wp-content\/uploads\/2019\/01\/P2070817-eichho\u0308rnchen-beginn-bau-kobel-ruth-1536x1152.avif 1536w, https:\/\/bio-balkon.de\/wp-content\/uploads\/2019\/01\/P2070817-eichho\u0308rnchen-beginn-bau-kobel-ruth-16x12.avif 16w, https:\/\/bio-balkon.de\/wp-content\/uploads\/2019\/01\/P2070817-eichho\u0308rnchen-beginn-bau-kobel-ruth-1320x990.avif 1320w, https:\/\/bio-balkon.de\/wp-content\/uploads\/2019\/01\/P2070817-eichho\u0308rnchen-beginn-bau-kobel-ruth.avif 1920w\" sizes=\"auto, (max-width: 1024px) 100vw, 1024px\"><\/figure><\/div>\n\n\n\n<div class=\"wp-block-image\"><figure class=\"aligncenter size-large\"><img loading=\"lazy\" decoding=\"async\" width=\"1024\" height=\"768\" src=\"https:\/\/bio-balkon.de\/wp-content\/uploads\/2019\/01\/P2070818-eichhoA\u0303a\u0300rnchen-beginn-bau-kobel-ruth-aA\u0303a\u0300ste-im-Winter-Pflanzen-nicht-runterschneiden-super-1024x768.avif\" alt=\"Fast elegant klettert das Eichh\u00f6rnchen auf den alten Zweigen auf dem Balkon.\" class=\"wp-image-10226\" srcset=\"https:\/\/bio-balkon.de\/wp-content\/uploads\/2019\/01\/P2070818-eichhoA\u0303a\u0300rnchen-beginn-bau-kobel-ruth-aA\u0303a\u0300ste-im-Winter-Pflanzen-nicht-runterschneiden-super-1024x768.avif 1024w, https:\/\/bio-balkon.de\/wp-content\/uploads\/2019\/01\/P2070818-eichhoA\u0303a\u0300rnchen-beginn-bau-kobel-ruth-aA\u0303a\u0300ste-im-Winter-Pflanzen-nicht-runterschneiden-super-300x225.avif 300w, https:\/\/bio-balkon.de\/wp-content\/uploads\/2019\/01\/P2070818-eichhoA\u0303a\u0300rnchen-beginn-bau-kobel-ruth-aA\u0303a\u0300ste-im-Winter-Pflanzen-nicht-runterschneiden-super-768x576.avif 768w, https:\/\/bio-balkon.de\/wp-content\/uploads\/2019\/01\/P2070818-eichhoA\u0303a\u0300rnchen-beginn-bau-kobel-ruth-aA\u0303a\u0300ste-im-Winter-Pflanzen-nicht-runterschneiden-super-1536x1152.avif 1536w, https:\/\/bio-balkon.de\/wp-content\/uploads\/2019\/01\/P2070818-eichhoA\u0303a\u0300rnchen-beginn-bau-kobel-ruth-aA\u0303a\u0300ste-im-Winter-Pflanzen-nicht-runterschneiden-super-16x12.avif 16w, https:\/\/bio-balkon.de\/wp-content\/uploads\/2019\/01\/P2070818-eichhoA\u0303a\u0300rnchen-beginn-bau-kobel-ruth-aA\u0303a\u0300ste-im-Winter-Pflanzen-nicht-runterschneiden-super-1320x990.avif 1320w, https:\/\/bio-balkon.de\/wp-content\/uploads\/2019\/01\/P2070818-eichhoA\u0303a\u0300rnchen-beginn-bau-kobel-ruth-aA\u0303a\u0300ste-im-Winter-Pflanzen-nicht-runterschneiden-super.avif 1920w\" sizes=\"auto, (max-width: 1024px) 100vw, 1024px\"><\/figure><\/div>\n\n\n\n<div class=\"wp-block-image\"><figure class=\"aligncenter size-large\"><img loading=\"lazy\" decoding=\"async\" width=\"1024\" height=\"768\" src=\"https:\/\/bio-balkon.de\/wp-content\/uploads\/2019\/01\/P2070849-eichho\u0308rnchen-beginn-bau-kobel-ruth-super-1024x768.avif\" alt class=\"wp-image-10225\" srcset=\"https:\/\/bio-balkon.de\/wp-content\/uploads\/2019\/01\/P2070849-eichho\u0308rnchen-beginn-bau-kobel-ruth-super-1024x768.avif 1024w, https:\/\/bio-balkon.de\/wp-content\/uploads\/2019\/01\/P2070849-eichho\u0308rnchen-beginn-bau-kobel-ruth-super-300x225.avif 300w, https:\/\/bio-balkon.de\/wp-content\/uploads\/2019\/01\/P2070849-eichho\u0308rnchen-beginn-bau-kobel-ruth-super-768x576.avif 768w, https:\/\/bio-balkon.de\/wp-content\/uploads\/2019\/01\/P2070849-eichho\u0308rnchen-beginn-bau-kobel-ruth-super-1536x1152.avif 1536w, https:\/\/bio-balkon.de\/wp-content\/uploads\/2019\/01\/P2070849-eichho\u0308rnchen-beginn-bau-kobel-ruth-super-16x12.avif 16w, https:\/\/bio-balkon.de\/wp-content\/uploads\/2019\/01\/P2070849-eichho\u0308rnchen-beginn-bau-kobel-ruth-super-1320x990.avif 1320w, https:\/\/bio-balkon.de\/wp-content\/uploads\/2019\/01\/P2070849-eichho\u0308rnchen-beginn-bau-kobel-ruth-super.avif 1920w\" sizes=\"auto, (max-width: 1024px) 100vw, 1024px\"><\/figure><\/div>\n\n\n\n<div class=\"wp-block-image\"><figure class=\"aligncenter size-large\"><img loading=\"lazy\" decoding=\"async\" width=\"1024\" height=\"768\" src=\"https:\/\/bio-balkon.de\/wp-content\/uploads\/2019\/01\/P2070854-eichho\u0308rnchen-beginn-bau-kobel-ruth-a\u0308ste-super-1024x768.avif\" alt=\"Herrlich dieses kletternde Eichh\u00f6rnchen auf dem Balkon.\" class=\"wp-image-10224\" srcset=\"https:\/\/bio-balkon.de\/wp-content\/uploads\/2019\/01\/P2070854-eichho\u0308rnchen-beginn-bau-kobel-ruth-a\u0308ste-super-1024x768.avif 1024w, https:\/\/bio-balkon.de\/wp-content\/uploads\/2019\/01\/P2070854-eichho\u0308rnchen-beginn-bau-kobel-ruth-a\u0308ste-super-300x225.avif 300w, https:\/\/bio-balkon.de\/wp-content\/uploads\/2019\/01\/P2070854-eichho\u0308rnchen-beginn-bau-kobel-ruth-a\u0308ste-super-768x576.avif 768w, https:\/\/bio-balkon.de\/wp-content\/uploads\/2019\/01\/P2070854-eichho\u0308rnchen-beginn-bau-kobel-ruth-a\u0308ste-super-1536x1152.avif 1536w, https:\/\/bio-balkon.de\/wp-content\/uploads\/2019\/01\/P2070854-eichho\u0308rnchen-beginn-bau-kobel-ruth-a\u0308ste-super-16x12.avif 16w, https:\/\/bio-balkon.de\/wp-content\/uploads\/2019\/01\/P2070854-eichho\u0308rnchen-beginn-bau-kobel-ruth-a\u0308ste-super-1320x990.avif 1320w, https:\/\/bio-balkon.de\/wp-content\/uploads\/2019\/01\/P2070854-eichho\u0308rnchen-beginn-bau-kobel-ruth-a\u0308ste-super.avif 1920w\" sizes=\"auto, (max-width: 1024px) 100vw, 1024px\"><\/figure><\/div>\n\n\n\n<div class=\"wp-block-image\"><figure class=\"aligncenter size-large\"><img loading=\"lazy\" decoding=\"async\" width=\"1024\" height=\"768\" src=\"https:\/\/bio-balkon.de\/wp-content\/uploads\/2019\/01\/P2070862-eichho\u0308rnchen-beginn-bau-kobel-a\u0308ste-ruth-1024x768.avif\" alt class=\"wp-image-10223\" srcset=\"https:\/\/bio-balkon.de\/wp-content\/uploads\/2019\/01\/P2070862-eichho\u0308rnchen-beginn-bau-kobel-a\u0308ste-ruth-1024x768.avif 1024w, https:\/\/bio-balkon.de\/wp-content\/uploads\/2019\/01\/P2070862-eichho\u0308rnchen-beginn-bau-kobel-a\u0308ste-ruth-300x225.avif 300w, https:\/\/bio-balkon.de\/wp-content\/uploads\/2019\/01\/P2070862-eichho\u0308rnchen-beginn-bau-kobel-a\u0308ste-ruth-768x576.avif 768w, https:\/\/bio-balkon.de\/wp-content\/uploads\/2019\/01\/P2070862-eichho\u0308rnchen-beginn-bau-kobel-a\u0308ste-ruth-1536x1152.avif 1536w, https:\/\/bio-balkon.de\/wp-content\/uploads\/2019\/01\/P2070862-eichho\u0308rnchen-beginn-bau-kobel-a\u0308ste-ruth-16x12.avif 16w, https:\/\/bio-balkon.de\/wp-content\/uploads\/2019\/01\/P2070862-eichho\u0308rnchen-beginn-bau-kobel-a\u0308ste-ruth-1320x990.avif 1320w, https:\/\/bio-balkon.de\/wp-content\/uploads\/2019\/01\/P2070862-eichho\u0308rnchen-beginn-bau-kobel-a\u0308ste-ruth.avif 1920w\" sizes=\"auto, (max-width: 1024px) 100vw, 1024px\"><\/figure><\/div>\n\n\n\n<figure class=\"wp-block-image size-large\"><img loading=\"lazy\" decoding=\"async\" width=\"1440\" height=\"1441\" src=\"https:\/\/bio-balkon.de\/wp-content\/uploads\/2020\/11\/P2070876-eichhoA\u0303a\u0300rnchen-beginn-bau-kobel-ruth-aA\u0303a\u0300ste-im-Winter-Pflanzen-nicht-runterschneiden-edited.avif\" alt class=\"wp-image-13412\" srcset=\"https:\/\/bio-balkon.de\/wp-content\/uploads\/2020\/11\/P2070876-eichhoA\u0303a\u0300rnchen-beginn-bau-kobel-ruth-aA\u0303a\u0300ste-im-Winter-Pflanzen-nicht-runterschneiden-edited.avif 1440w, https:\/\/bio-balkon.de\/wp-content\/uploads\/2020\/11\/P2070876-eichhoA\u0303a\u0300rnchen-beginn-bau-kobel-ruth-aA\u0303a\u0300ste-im-Winter-Pflanzen-nicht-runterschneiden-edited-300x300.avif 300w, https:\/\/bio-balkon.de\/wp-content\/uploads\/2020\/11\/P2070876-eichhoA\u0303a\u0300rnchen-beginn-bau-kobel-ruth-aA\u0303a\u0300ste-im-Winter-Pflanzen-nicht-runterschneiden-edited-1024x1024.avif 1024w, https:\/\/bio-balkon.de\/wp-content\/uploads\/2020\/11\/P2070876-eichhoA\u0303a\u0300rnchen-beginn-bau-kobel-ruth-aA\u0303a\u0300ste-im-Winter-Pflanzen-nicht-runterschneiden-edited-150x150.avif 150w, https:\/\/bio-balkon.de\/wp-content\/uploads\/2020\/11\/P2070876-eichhoA\u0303a\u0300rnchen-beginn-bau-kobel-ruth-aA\u0303a\u0300ste-im-Winter-Pflanzen-nicht-runterschneiden-edited-768x769.avif 768w, https:\/\/bio-balkon.de\/wp-content\/uploads\/2020\/11\/P2070876-eichhoA\u0303a\u0300rnchen-beginn-bau-kobel-ruth-aA\u0303a\u0300ste-im-Winter-Pflanzen-nicht-runterschneiden-edited-12x12.avif 12w, https:\/\/bio-balkon.de\/wp-content\/uploads\/2020\/11\/P2070876-eichhoA\u0303a\u0300rnchen-beginn-bau-kobel-ruth-aA\u0303a\u0300ste-im-Winter-Pflanzen-nicht-runterschneiden-edited-1320x1321.avif 1320w\" sizes=\"auto, (max-width: 1440px) 100vw, 1440px\"><\/figure>\n\n\n\n<div class=\"wp-block-image\"><figure class=\"aligncenter size-large\"><img loading=\"lazy\" decoding=\"async\" width=\"768\" height=\"1024\" src=\"https:\/\/bio-balkon.de\/wp-content\/uploads\/2019\/01\/P2070880-eichhoA\u0303a\u0300rnchen-beginn-bau-kobel-ruth-aA\u0303a\u0300ste-im-Winter-Pflanzen-nicht-runterschneiden--768x1024.avif\" alt class=\"wp-image-10220\" srcset=\"https:\/\/bio-balkon.de\/wp-content\/uploads\/2019\/01\/P2070880-eichhoA\u0303a\u0300rnchen-beginn-bau-kobel-ruth-aA\u0303a\u0300ste-im-Winter-Pflanzen-nicht-runterschneiden--768x1024.avif 768w, https:\/\/bio-balkon.de\/wp-content\/uploads\/2019\/01\/P2070880-eichhoA\u0303a\u0300rnchen-beginn-bau-kobel-ruth-aA\u0303a\u0300ste-im-Winter-Pflanzen-nicht-runterschneiden--225x300.avif 225w, https:\/\/bio-balkon.de\/wp-content\/uploads\/2019\/01\/P2070880-eichhoA\u0303a\u0300rnchen-beginn-bau-kobel-ruth-aA\u0303a\u0300ste-im-Winter-Pflanzen-nicht-runterschneiden--1152x1536.avif 1152w, https:\/\/bio-balkon.de\/wp-content\/uploads\/2019\/01\/P2070880-eichhoA\u0303a\u0300rnchen-beginn-bau-kobel-ruth-aA\u0303a\u0300ste-im-Winter-Pflanzen-nicht-runterschneiden--9x12.avif 9w, https:\/\/bio-balkon.de\/wp-content\/uploads\/2019\/01\/P2070880-eichhoA\u0303a\u0300rnchen-beginn-bau-kobel-ruth-aA\u0303a\u0300ste-im-Winter-Pflanzen-nicht-runterschneiden--1320x1760.avif 1320w, https:\/\/bio-balkon.de\/wp-content\/uploads\/2019\/01\/P2070880-eichhoA\u0303a\u0300rnchen-beginn-bau-kobel-ruth-aA\u0303a\u0300ste-im-Winter-Pflanzen-nicht-runterschneiden-.avif 1440w\" sizes=\"auto, (max-width: 768px) 100vw, 768px\"><\/figure><\/div>\n\n\n\n<h2 class=\"wp-block-heading\">Unglaub\u00adli\u00adche Beob\u00adach\u00adtun\u00adgen \u2013 ganz nah \u2013 auf dem Bal\u00adkon<\/h2>\n\n\n\n<p>Das waren unglaub\u00adli\u00adche Beob\u00adach\u00adtun\u00adgen f\u00fcr mich. Ich stand hin\u00adter mei\u00adner Bal\u00adkon\u00adfens\u00adter\u00adschei\u00adbe und war in zwei Meter Abstand dabei. Ich freue mich, dass ich foto\u00adgra\u00adfiert habe und Euch die\u00adse sen\u00adsa\u00adtio\u00adnel\u00adlen Fotos zei\u00adgen kann. H\u00e4t\u00adtet Ihr gedacht, dass sich ein Eich\u00adh\u00f6rn\u00adchen mit\u00adten in Ber\u00adlin einen Bal\u00adkon im 6. Stock zum Schla\u00adfen aus\u00adw\u00e4hlt? Dann f\u00e4ngt es nach dem Abbei\u00ad\u00dfen der Pflan\u00adzen\u00adst\u00e4n\u00adgel und Kobe\u00adl\u00adaus\u00adbau wie\u00adder an, an der Schnur der S\u00fc\u00df\u00adkar\u00adtof\u00adfeln zu zer\u00adren und zu bei\u00ad\u00dfen. Immer wie\u00adder zerrt und bei\u00dft es an die\u00adser Schnur her\u00adum, rich\u00adtig hef\u00adtig. Es wirkt, als k\u00e4mpft es mit der Schnur. Die braucht es f\u00fcr den&nbsp;Bau sei\u00adnes Kobels. Es will kusche\u00adlig, weich und warm aus\u00adru\u00adhen und schla\u00adfen. Der Win\u00adter steht bevor, da schla\u00adfen sie viel mehr. Im Win\u00adter ver\u00adlas\u00adsen sie den Kobel nur zur Fut\u00adter\u00adsu\u00adche. Da hat es bei mir dann nat\u00fcr\u00adlich kur\u00adze Wege \ud83d\udc3f.<\/p>\n\n\n\n<div class=\"wp-block-image\"><figure class=\"aligncenter size-large\"><img loading=\"lazy\" decoding=\"async\" width=\"1024\" height=\"768\" src=\"https:\/\/bio-balkon.de\/wp-content\/uploads\/2019\/01\/P2080441-eichho\u0308rnchen-kobel-schnur-super-1024x768.avif\" alt class=\"wp-image-10239\" srcset=\"https:\/\/bio-balkon.de\/wp-content\/uploads\/2019\/01\/P2080441-eichho\u0308rnchen-kobel-schnur-super-1024x768.avif 1024w, https:\/\/bio-balkon.de\/wp-content\/uploads\/2019\/01\/P2080441-eichho\u0308rnchen-kobel-schnur-super-300x225.avif 300w, https:\/\/bio-balkon.de\/wp-content\/uploads\/2019\/01\/P2080441-eichho\u0308rnchen-kobel-schnur-super-768x576.avif 768w, https:\/\/bio-balkon.de\/wp-content\/uploads\/2019\/01\/P2080441-eichho\u0308rnchen-kobel-schnur-super-1536x1152.avif 1536w, https:\/\/bio-balkon.de\/wp-content\/uploads\/2019\/01\/P2080441-eichho\u0308rnchen-kobel-schnur-super-16x12.avif 16w, https:\/\/bio-balkon.de\/wp-content\/uploads\/2019\/01\/P2080441-eichho\u0308rnchen-kobel-schnur-super-1320x990.avif 1320w, https:\/\/bio-balkon.de\/wp-content\/uploads\/2019\/01\/P2080441-eichho\u0308rnchen-kobel-schnur-super.avif 1920w\" sizes=\"auto, (max-width: 1024px) 100vw, 1024px\"><\/figure><\/div>\n\n\n\n<div class=\"wp-block-image\"><figure class=\"aligncenter size-large\"><img loading=\"lazy\" decoding=\"async\" width=\"1024\" height=\"768\" src=\"https:\/\/bio-balkon.de\/wp-content\/uploads\/2019\/01\/P2080464-eichho\u0308rnchen-kobel-schnur-super-1024x768.avif\" alt class=\"wp-image-10234\" srcset=\"https:\/\/bio-balkon.de\/wp-content\/uploads\/2019\/01\/P2080464-eichho\u0308rnchen-kobel-schnur-super-1024x768.avif 1024w, https:\/\/bio-balkon.de\/wp-content\/uploads\/2019\/01\/P2080464-eichho\u0308rnchen-kobel-schnur-super-300x225.avif 300w, https:\/\/bio-balkon.de\/wp-content\/uploads\/2019\/01\/P2080464-eichho\u0308rnchen-kobel-schnur-super-768x576.avif 768w, https:\/\/bio-balkon.de\/wp-content\/uploads\/2019\/01\/P2080464-eichho\u0308rnchen-kobel-schnur-super-1536x1152.avif 1536w, https:\/\/bio-balkon.de\/wp-content\/uploads\/2019\/01\/P2080464-eichho\u0308rnchen-kobel-schnur-super-16x12.avif 16w, https:\/\/bio-balkon.de\/wp-content\/uploads\/2019\/01\/P2080464-eichho\u0308rnchen-kobel-schnur-super-1320x990.avif 1320w, https:\/\/bio-balkon.de\/wp-content\/uploads\/2019\/01\/P2080464-eichho\u0308rnchen-kobel-schnur-super.avif 1920w\" sizes=\"auto, (max-width: 1024px) 100vw, 1024px\"><\/figure><\/div>\n\n\n\n<div class=\"wp-block-image\"><figure class=\"aligncenter size-large\"><img loading=\"lazy\" decoding=\"async\" width=\"1440\" height=\"1441\" src=\"https:\/\/bio-balkon.de\/wp-content\/uploads\/2020\/11\/P2080507-eichhoA\u0303a\u0300rnchen-baut-sich-kobel-auf-dem-Schnittknobaluch-der-GruA\u0303a\u0300nkohl-ist-schuA\u0303a\u0300tzendes-Dach-vier-Junge-sind-hier-gro\u221au\u0308geworden-edited.avif\" alt class=\"wp-image-13413\" srcset=\"https:\/\/bio-balkon.de\/wp-content\/uploads\/2020\/11\/P2080507-eichhoA\u0303a\u0300rnchen-baut-sich-kobel-auf-dem-Schnittknobaluch-der-GruA\u0303a\u0300nkohl-ist-schuA\u0303a\u0300tzendes-Dach-vier-Junge-sind-hier-gro\u221au\u0308geworden-edited.avif 1440w, https:\/\/bio-balkon.de\/wp-content\/uploads\/2020\/11\/P2080507-eichhoA\u0303a\u0300rnchen-baut-sich-kobel-auf-dem-Schnittknobaluch-der-GruA\u0303a\u0300nkohl-ist-schuA\u0303a\u0300tzendes-Dach-vier-Junge-sind-hier-gro\u221au\u0308geworden-edited-300x300.avif 300w, https:\/\/bio-balkon.de\/wp-content\/uploads\/2020\/11\/P2080507-eichhoA\u0303a\u0300rnchen-baut-sich-kobel-auf-dem-Schnittknobaluch-der-GruA\u0303a\u0300nkohl-ist-schuA\u0303a\u0300tzendes-Dach-vier-Junge-sind-hier-gro\u221au\u0308geworden-edited-1024x1024.avif 1024w, https:\/\/bio-balkon.de\/wp-content\/uploads\/2020\/11\/P2080507-eichhoA\u0303a\u0300rnchen-baut-sich-kobel-auf-dem-Schnittknobaluch-der-GruA\u0303a\u0300nkohl-ist-schuA\u0303a\u0300tzendes-Dach-vier-Junge-sind-hier-gro\u221au\u0308geworden-edited-150x150.avif 150w, https:\/\/bio-balkon.de\/wp-content\/uploads\/2020\/11\/P2080507-eichhoA\u0303a\u0300rnchen-baut-sich-kobel-auf-dem-Schnittknobaluch-der-GruA\u0303a\u0300nkohl-ist-schuA\u0303a\u0300tzendes-Dach-vier-Junge-sind-hier-gro\u221au\u0308geworden-edited-768x769.avif 768w, https:\/\/bio-balkon.de\/wp-content\/uploads\/2020\/11\/P2080507-eichhoA\u0303a\u0300rnchen-baut-sich-kobel-auf-dem-Schnittknobaluch-der-GruA\u0303a\u0300nkohl-ist-schuA\u0303a\u0300tzendes-Dach-vier-Junge-sind-hier-gro\u221au\u0308geworden-edited-12x12.avif 12w, https:\/\/bio-balkon.de\/wp-content\/uploads\/2020\/11\/P2080507-eichhoA\u0303a\u0300rnchen-baut-sich-kobel-auf-dem-Schnittknobaluch-der-GruA\u0303a\u0300nkohl-ist-schuA\u0303a\u0300tzendes-Dach-vier-Junge-sind-hier-gro\u221au\u0308geworden-edited-1320x1321.avif 1320w\" sizes=\"auto, (max-width: 1440px) 100vw, 1440px\"><\/figure><\/div>\n\n\n\n<div class=\"wp-block-image\"><figure class=\"aligncenter size-large\"><img loading=\"lazy\" decoding=\"async\" width=\"1024\" height=\"768\" src=\"https:\/\/bio-balkon.de\/wp-content\/uploads\/2019\/01\/P2080524-eichho\u0308rnchen-kobel-schnur-super-1024x768.avif\" alt class=\"wp-image-10231\" srcset=\"https:\/\/bio-balkon.de\/wp-content\/uploads\/2019\/01\/P2080524-eichho\u0308rnchen-kobel-schnur-super-1024x768.avif 1024w, https:\/\/bio-balkon.de\/wp-content\/uploads\/2019\/01\/P2080524-eichho\u0308rnchen-kobel-schnur-super-300x225.avif 300w, https:\/\/bio-balkon.de\/wp-content\/uploads\/2019\/01\/P2080524-eichho\u0308rnchen-kobel-schnur-super-768x576.avif 768w, https:\/\/bio-balkon.de\/wp-content\/uploads\/2019\/01\/P2080524-eichho\u0308rnchen-kobel-schnur-super-1536x1152.avif 1536w, https:\/\/bio-balkon.de\/wp-content\/uploads\/2019\/01\/P2080524-eichho\u0308rnchen-kobel-schnur-super-16x12.avif 16w, https:\/\/bio-balkon.de\/wp-content\/uploads\/2019\/01\/P2080524-eichho\u0308rnchen-kobel-schnur-super-1320x990.avif 1320w, https:\/\/bio-balkon.de\/wp-content\/uploads\/2019\/01\/P2080524-eichho\u0308rnchen-kobel-schnur-super.avif 1920w\" sizes=\"auto, (max-width: 1024px) 100vw, 1024px\"><\/figure><\/div>\n\n\n\n<h2 class=\"wp-block-heading\">Warm, weich und kusche\u00adlig<\/h2>\n\n\n\n<p>Damit es noch w\u00e4r\u00admer und kusche\u00adli\u00adger im Kobel wird, habe ich ihm zuerst ein altes T\u2011Shirt zer\u00adschnit\u00adten und hin\u00adge\u00adlegt. Die\u00adse St\u00fcck\u00adchen hat es auch bald ein\u00adge\u00adbaut. Ide\u00adal sind zur Pols\u00adte\u00adrung&nbsp;wei\u00adches Heu und Moos. Auch&nbsp;kur\u00adze Schaf\u00adwol\u00adle z.B. ein altes Lamm\u00adfell.&nbsp;Alle F\u00e4den (auch Men\u00adschen\u00adhaa\u00adre), die l\u00e4n\u00adger als 3 cm sind, wickeln sich ger\u00adne mal um die Mini-F\u00fc\u00df\u00adchen des Nach\u00adwuch\u00adses. Die m\u00fcss\u00adte man k\u00fcr\u00adzen.&nbsp;Jemand lie\u00adbes hat mir&nbsp;Wuf\u00adfls Unter\u00adwol\u00adle geschickt. Wuffl-Hund hei\u00dft Daph\u00adne. Dan\u00adke. W\u00e4r\u00admen\u00addes, wei\u00adches Aus\u00adpols\u00adte\u00adrungs\u00adma\u00adte\u00adri\u00adal. Wenn sie jetzt nicht von den H\u00f6rn\u00adchen ver\u00adwen\u00addet wer\u00adden, wan\u00addern sie viel\u00adleicht sp\u00e4\u00adter in einen Vogel\u00adnist\u00adplatz.<\/p>\n\n\n\n<div class=\"wp-block-image\"><figure class=\"aligncenter size-large\"><img loading=\"lazy\" decoding=\"async\" width=\"1024\" height=\"768\" src=\"https:\/\/bio-balkon.de\/wp-content\/uploads\/2019\/01\/P2090722-hundehaare-nistkasten-kobel-nistmaterial-1024x768.avif\" alt class=\"wp-image-10203\" srcset=\"https:\/\/bio-balkon.de\/wp-content\/uploads\/2019\/01\/P2090722-hundehaare-nistkasten-kobel-nistmaterial-1024x768.avif 1024w, https:\/\/bio-balkon.de\/wp-content\/uploads\/2019\/01\/P2090722-hundehaare-nistkasten-kobel-nistmaterial-300x225.avif 300w, https:\/\/bio-balkon.de\/wp-content\/uploads\/2019\/01\/P2090722-hundehaare-nistkasten-kobel-nistmaterial-768x576.avif 768w, https:\/\/bio-balkon.de\/wp-content\/uploads\/2019\/01\/P2090722-hundehaare-nistkasten-kobel-nistmaterial-1536x1152.avif 1536w, https:\/\/bio-balkon.de\/wp-content\/uploads\/2019\/01\/P2090722-hundehaare-nistkasten-kobel-nistmaterial-16x12.avif 16w, https:\/\/bio-balkon.de\/wp-content\/uploads\/2019\/01\/P2090722-hundehaare-nistkasten-kobel-nistmaterial-1320x990.avif 1320w, https:\/\/bio-balkon.de\/wp-content\/uploads\/2019\/01\/P2090722-hundehaare-nistkasten-kobel-nistmaterial.avif 1920w\" sizes=\"auto, (max-width: 1024px) 100vw, 1024px\"><\/figure><\/div>\n\n\n\n<h2 class=\"wp-block-heading\">Every meter counts!<\/h2>\n\n\n\n<p>Die Eich\u00adh\u00f6rn\u00adchen sind im Win\u00adter die meis\u00adte Zeit im Kobel, kom\u00admen nur zum Fres\u00adsen raus. Da hat es bei uns kur\u00adze Wege. Seht Ihr die kur\u00adzen Wege? Der Bal\u00adkon hat nur 4 Qua\u00addrat\u00adme\u00adter. Die\u00adse sch\u00f6\u00adne Fut\u00adter\u00adstel\u00adle erwarb ich auf dem Advents\u00admarkt mei\u00adnes Soh\u00adnes. Die jun\u00adgen Hand\u00adwer\u00adker der Tisch\u00adler-AG lob\u00adte ich sehr, sie bau\u00adten ein Schmuck\u00adst\u00fcck, dazu sehr sta\u00adbil. Hin\u00adter dem <a href=\"https:\/\/bio-balkon.de\/en\/lust-auf-aepfel-vom-balkon\/\">S\u00e4u\u00adlen\u00adap\u00adfel<\/a> leuch\u00adtet auch noch eine Toma\u00adte. Sie gehen erst bei Frost kaputt.<\/p>\n\n\n\n<div class=\"wp-block-image\"><figure class=\"aligncenter size-large\"><img loading=\"lazy\" decoding=\"async\" width=\"768\" height=\"1024\" src=\"https:\/\/bio-balkon.de\/wp-content\/uploads\/2018\/12\/P2080172-eichho\u0308rnchen-ruth-neues-futterhaus-super-768x1024.avif\" alt=\"Hier leuchtet der Naturbalkon wunderbar in der Sonne. \" class=\"wp-image-13401\" srcset=\"https:\/\/bio-balkon.de\/wp-content\/uploads\/2018\/12\/P2080172-eichho\u0308rnchen-ruth-neues-futterhaus-super-768x1024.avif 768w, https:\/\/bio-balkon.de\/wp-content\/uploads\/2018\/12\/P2080172-eichho\u0308rnchen-ruth-neues-futterhaus-super-225x300.avif 225w, https:\/\/bio-balkon.de\/wp-content\/uploads\/2018\/12\/P2080172-eichho\u0308rnchen-ruth-neues-futterhaus-super-1152x1536.avif 1152w, https:\/\/bio-balkon.de\/wp-content\/uploads\/2018\/12\/P2080172-eichho\u0308rnchen-ruth-neues-futterhaus-super-scaled.avif 1536w, https:\/\/bio-balkon.de\/wp-content\/uploads\/2018\/12\/P2080172-eichho\u0308rnchen-ruth-neues-futterhaus-super-9x12.avif 9w, https:\/\/bio-balkon.de\/wp-content\/uploads\/2018\/12\/P2080172-eichho\u0308rnchen-ruth-neues-futterhaus-super-1320x1760.avif 1320w\" sizes=\"auto, (max-width: 768px) 100vw, 768px\"><\/figure><\/div>\n\n\n\n<h2 class=\"wp-block-heading\">Bal\u00adkon-Gr\u00fcn\u00adkohl als Regen\u00adschirm<\/h2>\n\n\n\n<p>Ich fin\u00adde es so geni\u00adal, dass der Kobel direkt unter dem Gr\u00fcn\u00adkohl ist. Der Ber\u00adli\u00adner Bal\u00adkon-Gr\u00fcn\u00adkohl als Regen\u00adschirm f\u00fcr einen Kobel zen\u00adtral in Ber\u00adlin im 6. Stock. Seht Ihr das Eich\u00adh\u00f6rn\u00adchen? Es ver\u00adsteckt sich so gut. Vor\u00adhin lief ich raus und hol\u00adte aus mei\u00adnem \u201eNatur\u00adk\u00fchl\u00adschrank\u201c einen Topf mit Sup\u00adpe. Zwei dunk\u00adle Augen fun\u00adkel\u00adten mich an. Erst\u00adma\u00adlig lag nicht der Schwanz in Rich\u00adtung Bal\u00adkon, son\u00addern das Eich\u00adh\u00f6rn\u00adchen\u00adge\u00adsicht. Mir wur\u00adde vor Freu\u00adde gleich wie\u00adder ganz warm. Es&nbsp;ver\u00adtraut uns voll! Das ist ein unglaub\u00adlich sch\u00f6\u00adnes Gef\u00fchl. Es bleibt, auch wenn ich noch auf den Bal\u00adkon gehe, was hole oder N\u00fcs\u00adse aus\u00adle\u00adge. Was ich oft machen darf, denn sie haben viel Hun\u00adger und ver\u00adste\u00adcken die Mehr\u00adzahl der N\u00fcs\u00adse. (Wer noch Wal\u00adn\u00fcs\u00adse oder Hasel\u00adn\u00fcs\u00adse \u00fcbrig hat, ich neh\u00adme total gern wel\u00adche und freue mich rie\u00adsig, wenn Nach\u00adschub mit Post\u00adpa\u00adket kommt. Ich mag ihnen nicht die ame\u00adri\u00adka\u00adni\u00adschen N\u00fcs\u00adse geben.)<\/p>\n\n\n\n<div class=\"wp-block-image\"><figure class=\"aligncenter size-large\"><img loading=\"lazy\" decoding=\"async\" width=\"768\" height=\"1024\" src=\"https:\/\/bio-balkon.de\/wp-content\/uploads\/2019\/01\/P2070894-eichho\u0308rnchen-beginn-bau-kobel-ruth-super-768x1024.avif\" alt class=\"wp-image-10218\" srcset=\"https:\/\/bio-balkon.de\/wp-content\/uploads\/2019\/01\/P2070894-eichho\u0308rnchen-beginn-bau-kobel-ruth-super-768x1024.avif 768w, https:\/\/bio-balkon.de\/wp-content\/uploads\/2019\/01\/P2070894-eichho\u0308rnchen-beginn-bau-kobel-ruth-super-225x300.avif 225w, https:\/\/bio-balkon.de\/wp-content\/uploads\/2019\/01\/P2070894-eichho\u0308rnchen-beginn-bau-kobel-ruth-super-1152x1536.avif 1152w, https:\/\/bio-balkon.de\/wp-content\/uploads\/2019\/01\/P2070894-eichho\u0308rnchen-beginn-bau-kobel-ruth-super-9x12.avif 9w, https:\/\/bio-balkon.de\/wp-content\/uploads\/2019\/01\/P2070894-eichho\u0308rnchen-beginn-bau-kobel-ruth-super-1320x1760.avif 1320w, https:\/\/bio-balkon.de\/wp-content\/uploads\/2019\/01\/P2070894-eichho\u0308rnchen-beginn-bau-kobel-ruth-super.avif 1440w\" sizes=\"auto, (max-width: 768px) 100vw, 768px\"><\/figure><\/div>\n\n\n\n<div class=\"wp-block-image\"><figure class=\"aligncenter size-large\"><img loading=\"lazy\" decoding=\"async\" width=\"1024\" height=\"768\" src=\"https:\/\/bio-balkon.de\/wp-content\/uploads\/2019\/01\/P2070900-eichho\u0308rnchen-beginn-bau-kobel-ruth-super-1024x768.avif\" alt class=\"wp-image-10215\" srcset=\"https:\/\/bio-balkon.de\/wp-content\/uploads\/2019\/01\/P2070900-eichho\u0308rnchen-beginn-bau-kobel-ruth-super-1024x768.avif 1024w, https:\/\/bio-balkon.de\/wp-content\/uploads\/2019\/01\/P2070900-eichho\u0308rnchen-beginn-bau-kobel-ruth-super-300x225.avif 300w, https:\/\/bio-balkon.de\/wp-content\/uploads\/2019\/01\/P2070900-eichho\u0308rnchen-beginn-bau-kobel-ruth-super-768x576.avif 768w, https:\/\/bio-balkon.de\/wp-content\/uploads\/2019\/01\/P2070900-eichho\u0308rnchen-beginn-bau-kobel-ruth-super-1536x1152.avif 1536w, https:\/\/bio-balkon.de\/wp-content\/uploads\/2019\/01\/P2070900-eichho\u0308rnchen-beginn-bau-kobel-ruth-super-16x12.avif 16w, https:\/\/bio-balkon.de\/wp-content\/uploads\/2019\/01\/P2070900-eichho\u0308rnchen-beginn-bau-kobel-ruth-super-1320x990.avif 1320w, https:\/\/bio-balkon.de\/wp-content\/uploads\/2019\/01\/P2070900-eichho\u0308rnchen-beginn-bau-kobel-ruth-super.avif 1920w\" sizes=\"auto, (max-width: 1024px) 100vw, 1024px\"><\/figure><\/div>\n\n\n\n<h2 class=\"wp-block-heading\">Vor\u00adstel\u00adlung der Bau\u00admeis\u00adte\u00adrin \u2013 Ruth<\/h2>\n\n\n\n<p>Jetzt m\u00f6ch\u00adte ich Euch das Eich\u00adh\u00f6rn\u00adchen vor\u00adstel\u00adlen, was bei uns einen Kobel gebaut hat. Das wird nicht ihr ein\u00adzi\u00adger sein, denn sie haben in der Regel meh\u00adre\u00adre Kobel. Unser Eich\u00adh\u00f6rn\u00adchen hat einen wun\u00adder\u00adsch\u00f6\u00adnen wei\u00ad\u00dfen Bauch, der so toll zum rot\u00adbrau\u00adnen Fell passt. Wun\u00adder\u00adsch\u00f6\u00adne lan\u00adge geschwun\u00adge\u00adne Ohr\u00adpu\u00adschel. Als Beson\u00adder\u00adheit wei\u00df-gr\u00e4u\u00adlich-silb\u00adri\u00adge Haa\u00adre an sei\u00adnen \u201eH\u00fcf\u00adten\u201c. Dar\u00adan k\u00f6n\u00adnen wir es von den ande\u00adren Besu\u00adchern unter\u00adschei\u00adden. Manch\u00admal bil\u00adde ich mir ein, an den wun\u00adder\u00adh\u00fcb\u00adschen Ohr\u00adpu\u00adscheln noch klei\u00adne hel\u00adle Strei\u00adfen zu erah\u00adnen, das ist abh\u00e4n\u00adgig vom Licht\u00adein\u00adfall. Die\u00adse rot\u00adbrau\u00adne Sch\u00f6n\u00adheit ist jeden\u00adfalls am wenigs\u00adten scheu. Ich darf meist raus auf den Bal\u00adkon lau\u00adfen, ohne dass es sofort weg\u00adspringt. Nicht umsonst hat die\u00adses wohl einen sei\u00adner Kobel bei uns gebaut.&nbsp;Gleich sage ich dazu, ein zah\u00admes Eich\u00adh\u00f6rn\u00adchen soll es nicht wer\u00adden. Es sind Wild\u00adtie\u00adre und sol\u00adlen es auch blei\u00adben. Nach heu\u00adti\u00adgem Stand sage ich, dass ich sie nicht aus der Hand f\u00fct\u00adtern m\u00f6ch\u00adte. Es k\u00f6nn\u00adte sogar sein, dass die\u00adses Eich\u00adh\u00f6rn\u00adchen bereits im letz\u00adten Win\u00adter bei uns war. Mein Lieb\u00adlings\u00adeich\u00adh\u00f6rn\u00adchen vom letz\u00adten Win\u00adter hat\u00adte gestreif\u00adte Ohr\u00adpu\u00adschel und war wenig scheu. <a href=\"https:\/\/bio-balkon.de\/en\/liebe-tante-ruth\/\">Ruth<\/a> soll die Bau\u00admeis\u00adte\u00adrin hei\u00ad\u00dfen.<\/p>\n\n\n\n<div class=\"wp-block-image\"><figure class=\"aligncenter size-large\"><img loading=\"lazy\" decoding=\"async\" width=\"1024\" height=\"768\" src=\"https:\/\/bio-balkon.de\/wp-content\/uploads\/2019\/01\/P2070955-eichho\u0308rnchen-das-vom-kobel-an-der-Seite-hu\u0308fte-wei\u00dfe-Haare-gestreifte-genknickte-ohrpuschel-1024x768.avif\" alt=\"Eichh\u00f6rnchen Ruth sitzt auf dem Balkonkasten und frisst Haseln\u00fcsse.\" class=\"wp-image-10207\" srcset=\"https:\/\/bio-balkon.de\/wp-content\/uploads\/2019\/01\/P2070955-eichho\u0308rnchen-das-vom-kobel-an-der-Seite-hu\u0308fte-wei\u00dfe-Haare-gestreifte-genknickte-ohrpuschel-1024x768.avif 1024w, https:\/\/bio-balkon.de\/wp-content\/uploads\/2019\/01\/P2070955-eichho\u0308rnchen-das-vom-kobel-an-der-Seite-hu\u0308fte-wei\u00dfe-Haare-gestreifte-genknickte-ohrpuschel-300x225.avif 300w, https:\/\/bio-balkon.de\/wp-content\/uploads\/2019\/01\/P2070955-eichho\u0308rnchen-das-vom-kobel-an-der-Seite-hu\u0308fte-wei\u00dfe-Haare-gestreifte-genknickte-ohrpuschel-768x576.avif 768w, https:\/\/bio-balkon.de\/wp-content\/uploads\/2019\/01\/P2070955-eichho\u0308rnchen-das-vom-kobel-an-der-Seite-hu\u0308fte-wei\u00dfe-Haare-gestreifte-genknickte-ohrpuschel-1536x1152.avif 1536w, https:\/\/bio-balkon.de\/wp-content\/uploads\/2019\/01\/P2070955-eichho\u0308rnchen-das-vom-kobel-an-der-Seite-hu\u0308fte-wei\u00dfe-Haare-gestreifte-genknickte-ohrpuschel-16x12.avif 16w, https:\/\/bio-balkon.de\/wp-content\/uploads\/2019\/01\/P2070955-eichho\u0308rnchen-das-vom-kobel-an-der-Seite-hu\u0308fte-wei\u00dfe-Haare-gestreifte-genknickte-ohrpuschel-1320x990.avif 1320w, https:\/\/bio-balkon.de\/wp-content\/uploads\/2019\/01\/P2070955-eichho\u0308rnchen-das-vom-kobel-an-der-Seite-hu\u0308fte-wei\u00dfe-Haare-gestreifte-genknickte-ohrpuschel.avif 1920w\" sizes=\"auto, (max-width: 1024px) 100vw, 1024px\"><\/figure><\/div>\n\n\n\n<div class=\"wp-block-image\"><figure class=\"aligncenter size-large\"><img loading=\"lazy\" decoding=\"async\" width=\"1024\" height=\"768\" src=\"https:\/\/bio-balkon.de\/wp-content\/uploads\/2019\/01\/P2080164-eichho\u0308rnchen-ruth-gestreifte-ohrpuschel-super-1024x768.avif\" alt=\"Eichh\u00f6rnchen Ruth frisst auch gern das Fettfutter, was f\u00fcr die Meisen gedacht ist. Eichh\u00f6rnchen und Meisen teilen sich das Futter.\" class=\"wp-image-10205\" srcset=\"https:\/\/bio-balkon.de\/wp-content\/uploads\/2019\/01\/P2080164-eichho\u0308rnchen-ruth-gestreifte-ohrpuschel-super-1024x768.avif 1024w, https:\/\/bio-balkon.de\/wp-content\/uploads\/2019\/01\/P2080164-eichho\u0308rnchen-ruth-gestreifte-ohrpuschel-super-300x225.avif 300w, https:\/\/bio-balkon.de\/wp-content\/uploads\/2019\/01\/P2080164-eichho\u0308rnchen-ruth-gestreifte-ohrpuschel-super-768x576.avif 768w, https:\/\/bio-balkon.de\/wp-content\/uploads\/2019\/01\/P2080164-eichho\u0308rnchen-ruth-gestreifte-ohrpuschel-super-1536x1152.avif 1536w, https:\/\/bio-balkon.de\/wp-content\/uploads\/2019\/01\/P2080164-eichho\u0308rnchen-ruth-gestreifte-ohrpuschel-super-16x12.avif 16w, https:\/\/bio-balkon.de\/wp-content\/uploads\/2019\/01\/P2080164-eichho\u0308rnchen-ruth-gestreifte-ohrpuschel-super-1320x990.avif 1320w, https:\/\/bio-balkon.de\/wp-content\/uploads\/2019\/01\/P2080164-eichho\u0308rnchen-ruth-gestreifte-ohrpuschel-super.avif 1920w\" sizes=\"auto, (max-width: 1024px) 100vw, 1024px\"><\/figure><\/div>\n\n\n\n<div class=\"wp-block-image\"><figure class=\"aligncenter size-large\"><img loading=\"lazy\" decoding=\"async\" width=\"768\" height=\"1024\" src=\"https:\/\/bio-balkon.de\/wp-content\/uploads\/2019\/01\/P2070944-eichho\u0308rnchen-das-vom-kobel-futterhaus-ruth-super-768x1024.avif\" alt=\"Eichh\u00f6rnchen Ruth holt sich Haseln\u00fcsse aus der Nuss-Bar.\" class=\"wp-image-10208\" srcset=\"https:\/\/bio-balkon.de\/wp-content\/uploads\/2019\/01\/P2070944-eichho\u0308rnchen-das-vom-kobel-futterhaus-ruth-super-768x1024.avif 768w, https:\/\/bio-balkon.de\/wp-content\/uploads\/2019\/01\/P2070944-eichho\u0308rnchen-das-vom-kobel-futterhaus-ruth-super-225x300.avif 225w, https:\/\/bio-balkon.de\/wp-content\/uploads\/2019\/01\/P2070944-eichho\u0308rnchen-das-vom-kobel-futterhaus-ruth-super-1152x1536.avif 1152w, https:\/\/bio-balkon.de\/wp-content\/uploads\/2019\/01\/P2070944-eichho\u0308rnchen-das-vom-kobel-futterhaus-ruth-super-9x12.avif 9w, https:\/\/bio-balkon.de\/wp-content\/uploads\/2019\/01\/P2070944-eichho\u0308rnchen-das-vom-kobel-futterhaus-ruth-super-1320x1760.avif 1320w, https:\/\/bio-balkon.de\/wp-content\/uploads\/2019\/01\/P2070944-eichho\u0308rnchen-das-vom-kobel-futterhaus-ruth-super.avif 1440w\" sizes=\"auto, (max-width: 768px) 100vw, 768px\"><\/figure><\/div>\n\n\n\n<div class=\"wp-block-image\"><figure class=\"aligncenter size-large\"><img loading=\"lazy\" decoding=\"async\" width=\"768\" height=\"1024\" src=\"https:\/\/bio-balkon.de\/wp-content\/uploads\/2019\/01\/P2080353-eichho\u0308rnchen-ruth-futterhaus-kobel-bau-trinkt-super-768x1024.avif\" alt=\"Eichh\u00f6rnchen Ruth sitzt auf einem Baumstumpf und frisst Haseln\u00fcsse.\" class=\"wp-image-10204\" srcset=\"https:\/\/bio-balkon.de\/wp-content\/uploads\/2019\/01\/P2080353-eichho\u0308rnchen-ruth-futterhaus-kobel-bau-trinkt-super-768x1024.avif 768w, https:\/\/bio-balkon.de\/wp-content\/uploads\/2019\/01\/P2080353-eichho\u0308rnchen-ruth-futterhaus-kobel-bau-trinkt-super-225x300.avif 225w, https:\/\/bio-balkon.de\/wp-content\/uploads\/2019\/01\/P2080353-eichho\u0308rnchen-ruth-futterhaus-kobel-bau-trinkt-super-1152x1536.avif 1152w, https:\/\/bio-balkon.de\/wp-content\/uploads\/2019\/01\/P2080353-eichho\u0308rnchen-ruth-futterhaus-kobel-bau-trinkt-super-9x12.avif 9w, https:\/\/bio-balkon.de\/wp-content\/uploads\/2019\/01\/P2080353-eichho\u0308rnchen-ruth-futterhaus-kobel-bau-trinkt-super-1320x1760.avif 1320w, https:\/\/bio-balkon.de\/wp-content\/uploads\/2019\/01\/P2080353-eichho\u0308rnchen-ruth-futterhaus-kobel-bau-trinkt-super.avif 1440w\" sizes=\"auto, (max-width: 768px) 100vw, 768px\"><\/figure><\/div>\n\n\n\n<h2 class=\"wp-block-heading\">Nach\u00adwuchs bei unse\u00adren Eich\u00adh\u00f6rn\u00adchen auf dem Bal\u00adkon?<\/h2>\n\n\n\n<p>Falls Ihr jetzt denkt, im Fr\u00fch\u00adjahr wohnt viel\u00adleicht schon eine klei\u00adne vier\u00adbei\u00adni\u00adge Fami\u00adlie auf unse\u00adrem Bal\u00adkon. In die\u00adsen Kobel geht nicht nur die rot\u00adbrau\u00adne Lady Ruth, son\u00addern manch\u00admal auch ein dunk\u00adle\u00adres Tier. Den hat mein Sohn Har\u00adry genannt. Nach wel\u00adcher Roman\u00adfi\u00adgur wohl? Der Kobel ist nicht jeden Tag besetzt. Die Eich\u00adh\u00f6rn\u00adchen bau\u00aden sich meh\u00adre\u00adre. Die Eich\u00adka\u00adter nut\u00adzen sehr ger\u00adne die Kobel ihrer Damen mit. Wenn die Jun\u00adgen hier nicht gebo\u00adren wer\u00adden, w\u00e4re das siche\u00adrer.&nbsp;Die Gefahr, dass Jung\u00adtie\u00adre von einem Bal\u00adkon abst\u00fcr\u00adzen, ist ein\u00adfach gro\u00df. Die Minis k\u00f6n\u00adnen noch kei\u00adne W\u00e4n\u00adde hoch\u00adklet\u00adtern. Bei mir m\u00fcss\u00adten sie 2,5 Meter Distanz zur Kas\u00adta\u00adnie im Sprung \u00fcber\u00adbr\u00fc\u00adcken. Wenn jemand Erfah\u00adrun\u00adgen mit Jung\u00adtie\u00adren auf einem Bal\u00adkon hat, freue ich mich \u00fcber einen Kom\u00admen\u00adtar. Seht Ihr Ruth und Har\u00adry?<\/p>\n\n\n\n<div class=\"wp-block-image\"><figure class=\"aligncenter size-large\"><img loading=\"lazy\" decoding=\"async\" width=\"768\" height=\"1024\" src=\"https:\/\/bio-balkon.de\/wp-content\/uploads\/2019\/01\/P2080718-zwei-Eichho\u0308rnchen-super-768x1024.avif\" alt=\"So schaut ein Naturbalkon aus. Es wachsen Wildpflanzen. Aber auch Nutzpflanzen wie Apfel, Gr\u00fcnkohl und Tomaten. Hier wird \u00f6kologisch geg\u00e4rtnert: ohne Pestizide und Chemikalien, im Einklang mit der Natur.\" class=\"wp-image-10200\" srcset=\"https:\/\/bio-balkon.de\/wp-content\/uploads\/2019\/01\/P2080718-zwei-Eichho\u0308rnchen-super-768x1024.avif 768w, https:\/\/bio-balkon.de\/wp-content\/uploads\/2019\/01\/P2080718-zwei-Eichho\u0308rnchen-super-225x300.avif 225w, https:\/\/bio-balkon.de\/wp-content\/uploads\/2019\/01\/P2080718-zwei-Eichho\u0308rnchen-super-1152x1536.avif 1152w, https:\/\/bio-balkon.de\/wp-content\/uploads\/2019\/01\/P2080718-zwei-Eichho\u0308rnchen-super-9x12.avif 9w, https:\/\/bio-balkon.de\/wp-content\/uploads\/2019\/01\/P2080718-zwei-Eichho\u0308rnchen-super-1320x1760.avif 1320w, https:\/\/bio-balkon.de\/wp-content\/uploads\/2019\/01\/P2080718-zwei-Eichho\u0308rnchen-super.avif 1440w\" sizes=\"auto, (max-width: 768px) 100vw, 768px\"><\/figure><\/div>\n\n\n\n<h2 class=\"wp-block-heading\">Eich\u00adh\u00f6rn\u00adchen-Bal\u00adkon-TV<\/h2>\n\n\n\n<p>Wer braucht da noch TV? Es ist total span\u00adnend. Ich war die ers\u00adten Tage total auf\u00adge\u00adregt. Ob es wie\u00adder\u00adkommt? Ob ich es st\u00f6\u00adre? St\u00e4n\u00addig habe ich beob\u00adach\u00adtet und hat\u00adte Ohr und Auge am Bal\u00adkon. Ehr\u00adlich gesagt bin ich immer noch auf\u00adge\u00adregt.&nbsp;Auch f\u00fcr mei\u00adnen Sohn ist es ein sch\u00f6\u00adnes Erleb\u00adnis, so etwas haut\u00adnah mit\u00adzu\u00ader\u00adle\u00adben. Hier war ein herr\u00adli\u00adcher Son\u00adnen\u00adauf\u00adgang. Schon als es noch dun\u00adkel war, r\u00e4p\u00adpel\u00adte es schon auf dem Bal\u00adkon. Zwei \ud83d\udc3f\ud83d\udc3f waren da. Eins schl\u00e4ft schon wie\u00adder, das ande\u00adre tr\u00e4gt gera\u00adde eine Nuss fort und sucht wohl noch ein Ver\u00adsteck. S\u00f6hn\u00adchen und ich emp\u00adfin\u00adden das Eich\u00adh\u00f6rn\u00adchen-TV sch\u00f6\u00adner als \u201enor\u00adma\u00adles\u201c Fern\u00adse\u00adhen, wobei wir gar kei\u00adnen haben.<\/p>\n\n\n\n<div class=\"wp-block-image\"><figure class=\"aligncenter size-large\"><img loading=\"lazy\" decoding=\"async\" width=\"800\" height=\"600\" src=\"https:\/\/bio-balkon.de\/wp-content\/uploads\/2019\/01\/Eichho\u0308rnchen-Kobel-Sonnenaufgang-48404525_1267879620021365_5393632505981042688_n.avif\" alt=\"Eine wunderbare Stimmung: Das Eichh\u00f6rnchen schaut bei Sonnenaufgang \u00fcber die Balkonbr\u00fcstung. Der Himmel leuchtet blutrot.\" class=\"wp-image-10245\" srcset=\"https:\/\/bio-balkon.de\/wp-content\/uploads\/2019\/01\/Eichho\u0308rnchen-Kobel-Sonnenaufgang-48404525_1267879620021365_5393632505981042688_n.avif 800w, https:\/\/bio-balkon.de\/wp-content\/uploads\/2019\/01\/Eichho\u0308rnchen-Kobel-Sonnenaufgang-48404525_1267879620021365_5393632505981042688_n-300x225.avif 300w, https:\/\/bio-balkon.de\/wp-content\/uploads\/2019\/01\/Eichho\u0308rnchen-Kobel-Sonnenaufgang-48404525_1267879620021365_5393632505981042688_n-768x576.avif 768w\" sizes=\"auto, (max-width: 800px) 100vw, 800px\"><\/figure><\/div>\n\n\n\n<p>Ich krie\u00adge mich kaum ein vor Freu\u00adde und Stolz. Mei\u00adne Gedan\u00adken sind ganz oft bei den H\u00f6rn\u00adchen.&nbsp;Der Bau des Kobels ist schon eine klei\u00adne Kr\u00f6\u00adnung mei\u00adnes Pro\u00adjek\u00adtes Bio-Bal\u00adkon. Die gro\u00ad\u00dfe Kr\u00f6\u00adnung ist, wenn ich es schaf\u00adfe, noch mehr Men\u00adschen zu inspi\u00adrie\u00adren, sich natur\u00adna\u00adhe Bal\u00adko\u00adne zu schaf\u00adfen, sich Natur auf den Bal\u00adkon zu holen, wie\u00adder in Kon\u00adtakt mit der Natur zu kom\u00admen. Ich bin mir bewu\u00dft, dass die\u00adse Eich\u00adh\u00f6rn\u00adchen, die zum Fut\u00adtern kom\u00admen oder nun sogar zum Schla\u00adfen, dass die ein Anreiz sind, ein Lock\u00admit\u00adtel, Bal\u00adkon\u00adbe\u00adsit\u00adzer anzu\u00adspre\u00adchen, mehr aus ihren Bal\u00adko\u00adnen raus\u00adzu\u00adho\u00adlen. Das w\u00e4re die Kr\u00f6\u00adnung mei\u00adner T\u00e4tig\u00adkeit. Die Eich\u00adh\u00f6rn\u00adchen sind dabei das s\u00fc\u00dfes\u00adte, ver\u00adtrau\u00adens\u00advolls\u00adte Lock\u00admit\u00adtel, was ich mir gera\u00adde vor\u00adstel\u00adlen kann. Ich arbei\u00adte inten\u00adsiv am n\u00e4chs\u00adten Online Bio-Bal\u00adkon Kon\u00adgress.<\/p>\n\n\n\n<h2 class=\"wp-block-heading\">Ich m\u00f6ch\u00adte Men\u00adschen inspi\u00adrie\u00adren, ihre Bal\u00adko\u00adne zu nut\u00adzen.<\/h2>\n\n\n\n<h2 class=\"wp-block-heading\">Holt Euch Natur. Pflanzt. Genie\u00dft. Sp\u00fcrt. Beob\u00adach\u00adtet. Esst Selbst\u00adan\u00adge\u00adbau\u00adtes.<\/h2>\n\n\n\n<p>Wer sich einen Kobel sel\u00adber bau\u00aden m\u00f6ch\u00adte, fin\u00addet <a href=\"https:\/\/www.eichhoernchen-schutz.de\/daseichhoernchen\/was_jeder_tun_kann\/kobelbau-anleitung\/\" target=\"_blank\" rel=\"noreferrer noopener\">here<\/a> eine Anlei\u00adtung. Zum Kau\u00adfen gibt es hier&nbsp;<a href=\"https:\/\/bio-balkon.de\/en\/recommendations\/eichhoernchen-3\/\" target=\"_blank\" rel=\"noreferrer noopener\">Fut\u00adter\u00adstel\u00adlen und Kobel<\/a>. <\/p>\n\n\n\n<p>Hier noch eine Emp\u00adfeh\u00adlung f\u00fcr hoch\u00adwer\u00adti\u00adges Wild\u00adtier\u00adfut\u00adter, auch f\u00fcr Eich\u00adh\u00f6rn\u00adchen: <a rel=\"noreferrer noopener\" href=\"https:\/\/www.awin1.com\/awclick.php?gid=360808&amp;mid=14856&amp;awinaffid=596873&amp;linkid=2403200&amp;clickref=\" target=\"_blank\">Viva\u00adra-Natur\u00adschutz\u00adpro\u00adduk\u00adte<\/a>. Der Shop wird von NABU und LBV emp\u00adfoh\u00adlen.<\/p>\n\n\n\n<p>Die Autorin die\u00adser bei\u00adden sch\u00f6\u00adnen B\u00fccher \u00fcber Eich\u00adh\u00f6rn\u00adchen, Bir\u00adte Alber, habe ich f\u00fcr den <a href=\"https:\/\/bio-balkon.de\/en\/congress-2019-2\/\">3rd Online Orga\u00adnic Bal\u00adc\u00ado\u00adny Con\u00adgress<\/a> inter\u00adviewt. Sie hat sel\u00adber schon lan\u00adge Jah\u00adre Eich\u00adh\u00f6rn\u00adchen auf ihrem Bal\u00adkon in Ham\u00adburg.<\/p>\n\n\n\n<figure class=\"wp-block-image size-large is-resized\"><img loading=\"lazy\" decoding=\"async\" src=\"https:\/\/bio-balkon.de\/wp-content\/uploads\/2018\/12\/alber_eichhoernchen_entdecken.avif\" alt=\"Ein wunderbares Buch zu Eichh\u00f6rnchen auf einem Hamburger Balkon. Es handelt sich ebenfalls um einen Naturbalkon, der noch viele andere Tiere anzieht.\" class=\"wp-image-13440\" width=\"239\" height=\"250\" srcset=\"https:\/\/bio-balkon.de\/wp-content\/uploads\/2018\/12\/alber_eichhoernchen_entdecken.avif 477w, https:\/\/bio-balkon.de\/wp-content\/uploads\/2018\/12\/alber_eichhoernchen_entdecken-286x300.avif 286w, https:\/\/bio-balkon.de\/wp-content\/uploads\/2018\/12\/alber_eichhoernchen_entdecken-11x12.avif 11w\" sizes=\"auto, (max-width: 239px) 100vw, 239px\"><\/figure>\n\n\n\n<p>Ein sehr sch\u00f6\u00adnes Buch f\u00fcr Kin\u00adder ist die\u00adses. Mei\u00adnem Sohn hat es pri\u00adma gefal\u00adlen.<\/p>\n\n\n\n<div class=\"wp-block-image\"><figure class=\"aligncenter size-large is-resized\"><a href=\"https:\/\/amzn.to\/32hQU8V\" target=\"_blank\" rel=\"noopener noreferrer\"><img loading=\"lazy\" decoding=\"async\" src=\"https:\/\/bio-balkon.de\/wp-content\/uploads\/2020\/11\/eichhoernchen.jpg\" alt class=\"wp-image-13442\" width=\"178\" height=\"250\"><\/a><\/figure><\/div>\n\n\n\n<p>Aus\u00adk\u00fcnf\u00adte zur Lebens\u00adwei\u00adse, Not\u00adf\u00e4l\u00adlen mit Eich\u00adh\u00f6rn\u00adchen, Fund von Jung\u00adtie\u00adren u.\u00e4. gibt es bei den ver\u00adschie\u00adde\u00adnen Eich\u00adh\u00f6rn\u00adchen-Hil\u00adfen: <a rel=\"noreferrer noopener\" href=\"http:\/\/www.eichhoernchenhilfe-berlin.de\/\" target=\"_blank\">Eich\u00adh\u00f6rn\u00adchen-Hil\u00adfe Ber\u00adlin-Bran\u00adden\u00adburg <\/a>resp. <a rel=\"noreferrer noopener\" href=\"https:\/\/www.eichhoernchen-notruf.com\/\" target=\"_blank\">Eich\u00adh\u00f6rn\u00adchen-Not\u00adruf<\/a>. Wer Tie\u00adre liebt, egal ob Eich\u00adh\u00f6rn\u00adchen oder V\u00f6gel, gibt sein Geld anstel\u00adle B\u00f6l\u00adle\u00adrei f\u00fcr Sil\u00adves\u00adter z.B. lie\u00adber an einen Natur\u00adschutz\u00adver\u00adband oder eine <a rel=\"noreferrer noopener\" href=\"http:\/\/www.eichhoernchenhilfe-berlin.de\" target=\"_blank\">Eich\u00adh\u00f6rn\u00adchen\u00adhil\u00adfe<\/a>. Die k\u00f6n\u00adnen das Geld gut gebrau\u00adchen und die Tie\u00adre sind in der Zeit um Sil\u00adves\u00adter weni\u00adger ver\u00adschreckt.<\/p>\n\n\n\n<h2 class=\"wp-block-heading\">S\u00f6hn\u00adchen und ich freu\u00aden sich \u00fcber jeden Kom\u00admen\u00adtar zu Ruth, Har\u00adry und die&nbsp;\ud83d\udc3f\ud83d\udc3f\ud83d\udc3f\ud83d\udc3f\ud83d\udc3f\ud83d\udc3f Eich\u00adh\u00f6rn\u00adchen auf unse\u00adrem Bal\u00adkon.<\/h2>\n\n\n\n<p>Wir haben mit den Eich\u00adh\u00f6rn\u00adchen so vie\u00adle sch\u00f6\u00adne Erleb\u00adnis\u00adse gehabt und freu\u00aden uns \u00fcber jeden ihrer Besu\u00adche. Auch, wenn sie viel rum\u00adbud\u00addeln und so gern das jun\u00adge Gr\u00fcn mei\u00adner Pflan\u00adzen und deren Fr\u00fcch\u00adte fres\u00adsen. Ich wer\u00adde noch mehr die\u00adser wun\u00adder\u00advol\u00adlen Begeg\u00adnun\u00adgen tei\u00adlen. Im Fr\u00fch\u00adling 2019 und 2020 sind hier jeweils jun\u00adge Eich\u00adh\u00f6rn\u00adchen auf\u00adge\u00adwach\u00adsen. Ich wei\u00df, dass sie auch Euer Herz ber\u00fch\u00adren.  Hier liest Du schon <a rel=\"noreferrer noopener\" href=\"https:\/\/bio-balkon.de\/en\/was-fressen-eichhoernchen-auf-dem-balkon\/\" target=\"_blank\">What do squir\u00adrels eat on the bal\u00adc\u00ado\u00adny?<\/a> Hier liest Du <a href=\"https:\/\/bio-balkon.de\/en\/mein-osterwunder-3-junge-eichhoernchen-sind-auf-meinem-balkon-eingezogen\/\" target=\"_blank\" rel=\"noreferrer noopener\">Mein Oster\u00adwun\u00adder 2020 \u2013 Drei jun\u00adge Eich\u00adh\u00f6rn\u00adchen sind auf dem Bio-Bal\u00adkon ein\u00adge\u00adzo\u00adgen.<\/a> Mehr Eich\u00adh\u00f6rn\u00adchen-Bio-Bal\u00adkon-Geschich\u00adten wer\u00adden fol\u00adgen, es dau\u00adert nur rich\u00adtig lan\u00adge, die Bil\u00adder zu sor\u00adtie\u00adren und halt zu schrei\u00adben. Dan\u00adke f\u00fcrs Lesen.<\/p>","protected":false},"excerpt":{"rendered":"<p>Jetzt zei\u00adge ich Euch eine klei\u00adne Bal\u00adkon-Sen\u00adsa\u00adti\u00adon. Die\u00adses schlaue Eich\u00ad\u00f6rn\u00adchen hat sich sei\u00adnen Kobel (= Eich\u00adh\u00f6rn\u00adchen\u00adnest, Schlaf\u00adplatz) auf unse\u00adrem Bal\u00adkon so gebaut, dass \u00fcber ihm ein Gr\u00fcn\u00adkohl w\u00e4chst, der ihn vor Regen sch\u00fctzt. <\/p>","protected":false},"author":5,"featured_media":10209,"comment_status":"open","ping_status":"closed","sticky":false,"template":"","format":"standard","meta":{"_acf_changed":false,"wp_typography_post_enhancements_disabled":false,"footnotes":""},"categories":[991,104,67],"tags":[1025,894,479],"class_list":["post-2004","post","type-post","status-publish","format-standard","has-post-thumbnail","hentry","category-blog","category-regionales-berlin","category-stadtnatur","tag-eichhoernchen","tag-naturbalkon","tag-naturerlebnis"],"acf":[],"_links":{"self":[{"href":"https:\/\/bio-balkon.de\/en\/wp-json\/wp\/v2\/posts\/2004","targetHints":{"allow":["GET"]}}],"collection":[{"href":"https:\/\/bio-balkon.de\/en\/wp-json\/wp\/v2\/posts"}],"about":[{"href":"https:\/\/bio-balkon.de\/en\/wp-json\/wp\/v2\/types\/post"}],"author":[{"embeddable":true,"href":"https:\/\/bio-balkon.de\/en\/wp-json\/wp\/v2\/users\/5"}],"replies":[{"embeddable":true,"href":"https:\/\/bio-balkon.de\/en\/wp-json\/wp\/v2\/comments?post=2004"}],"version-history":[{"count":0,"href":"https:\/\/bio-balkon.de\/en\/wp-json\/wp\/v2\/posts\/2004\/revisions"}],"wp:featuredmedia":[{"embeddable":true,"href":"https:\/\/bio-balkon.de\/en\/wp-json\/wp\/v2\/media\/10209"}],"wp:attachment":[{"href":"https:\/\/bio-balkon.de\/en\/wp-json\/wp\/v2\/media?parent=2004"}],"wp:term":[{"taxonomy":"category","embeddable":true,"href":"https:\/\/bio-balkon.de\/en\/wp-json\/wp\/v2\/categories?post=2004"},{"taxonomy":"post_tag","embeddable":true,"href":"https:\/\/bio-balkon.de\/en\/wp-json\/wp\/v2\/tags?post=2004"}],"curies":[{"name":"wp","href":"https:\/\/api.w.org\/{rel}","templated":true}]}}