{"id":19690,"date":"2026-01-30T08:07:00","date_gmt":"2026-01-30T07:07:00","guid":{"rendered":"https:\/\/bio-balkon.de\/?p=19690"},"modified":"2026-02-09T10:42:33","modified_gmt":"2026-02-09T09:42:33","slug":"balcony-in-february-opportunities-for-harvest-happiness-and-nature-experience","status":"publish","type":"post","link":"https:\/\/bio-balkon.de\/en\/balkon-im-februar-chancen-fuer-ernteglueck-und-naturerlebnis\/","title":{"rendered":"Bal\u00adc\u00ado\u00adny in Febru\u00adary \u2014 oppor\u00adtu\u00adni\u00adties for har\u00adve\u00ads\u00adt\u00ading hap\u00adpi\u00adness and expe\u00adri\u00aden\u00adcing natu\u00adre"},"content":{"rendered":"<p><\/p>\n\n\n\n<p>Do you have it too \u2014 that ting\u00adling sen\u00adsa\u00adti\u00adon, that impa\u00adti\u00adence, the desi\u00adre to final\u00adly dig your hands in the soil again and, abo\u00adve all, to sit out\u00adside on the bal\u00adc\u00ado\u00adny? We won\u2019t be sit\u00adting out\u00adside yet, but we will be dre\u00ada\u00adming in anti\u00adci\u00adpa\u00adti\u00adon of spring, rea\u00adding up, plan\u00adning the bal\u00adc\u00ado\u00adny year and we can also har\u00adve\u00adst \u2014 insi\u00adde and out\u00adside. In the fol\u00adlo\u00adwing artic\u00adle \u201cBal\u00adc\u00ado\u00adny in Febru\u00adary\u201d, you can read about what can be sown and plan\u00adted for the bal\u00adc\u00ado\u00adny in Febru\u00adary, what tasks need to be done and what can be har\u00adve\u00ads\u00adted.&nbsp;<\/p>\n\n\n\n<h2 class=\"wp-block-heading\">On the (devia\u00adting) sowing dates <\/h2>\n\n\n\n<p>Just as the infor\u00adma\u00adti\u00adon on the seed packets and seed sup\u00adpli\u00aders\u2019 web\u00adsites varies, so do the sowing calen\u00addars of seed sup\u00adpli\u00aders and gar\u00adden\u00aders\u2019 web\u00adsites. Regio\u00adnal con\u00addi\u00adti\u00adons are dif\u00adfe\u00adrent ever\u00ady\u00adwhe\u00adre and expe\u00adri\u00aden\u00adces vary. Our bal\u00adco\u00adnies in the cities have even more dif\u00adfe\u00adrent con\u00addi\u00adti\u00adons due to the heat of the city and radia\u00adting house walls. Here too, it is important to COURAGEOUSLY, PLAYFULLY and EXPERIMENTALLY gather your own expe\u00adri\u00adence and SEED. The seed its\u00adelf ulti\u00adm\u00adate\u00adly deci\u00addes after sowing whe\u00adther the con\u00addi\u00adti\u00adons of light, water and tem\u00adpe\u00adra\u00adtu\u00adre appear favorable for ger\u00admi\u00adna\u00adti\u00adon or not until later.<\/p>\n\n\n\n<p>Good infor\u00adma\u00adti\u00adon on sowing dates and con\u00addi\u00adti\u00adons at:<\/p>\n\n\n\n<ul class=\"wp-block-list\">\n<li><a href=\"https:\/\/www.bingenheimersaatgut.de\/de\/\" target=\"_blank\" rel=\"noreferrer noopener\">Bin\u00adgen\u00adheim seeds<\/a>, spe\u00adcial page&nbsp;<a href=\"https:\/\/sorten.bingenheimersaatgut.de\/aktuelle-saaten\" target=\"_blank\" rel=\"noreferrer noopener\">Cur\u00adrent seeds in Febru\u00adary \u2014 what can I sow now?<\/a><\/li>\n\n\n\n<li>Janet Glausch <a href=\"https:\/\/naturgarten-samen.de\/shop\/\" target=\"_blank\" rel=\"noreferrer noopener nofollow\">Natu\u00adral gar\u00adden seeds from Leip\u00adzig<\/a> Spe\u00adcial page \u2014 <a href=\"https:\/\/naturgarten-samen.de\/shop\/?filter_aussaatmonate=februar\" target=\"_blank\" rel=\"noreferrer noopener nofollow\">what can I sow now in Febru\u00adary<\/a>?<\/li>\n\n\n\n<li><a href=\"https:\/\/templiner-kraeutergarten.de\/\" target=\"_blank\" rel=\"noreferrer noopener\">Temp\u00adlin herb gar\u00adden<\/a><\/li>\n<\/ul>\n\n\n\n<figure class=\"wp-block-image size-full\"><a href=\"https:\/\/bio-balkon.de\/en\/recommendations\/saatgut\/\" target=\"_blank\" rel=\"noopener\"><img loading=\"lazy\" decoding=\"async\" width=\"800\" height=\"600\" src=\"https:\/\/bio-balkon.de\/wp-content\/uploads\/2020\/07\/P1460493-bingenheimer-saatgut.avif\" alt=\"Organic seeds from Bingenheimer Saatgut are recommended.\" class=\"wp-image-9230\" srcset=\"https:\/\/bio-balkon.de\/wp-content\/uploads\/2020\/07\/P1460493-bingenheimer-saatgut.avif 800w, https:\/\/bio-balkon.de\/wp-content\/uploads\/2020\/07\/P1460493-bingenheimer-saatgut-300x225.avif 300w, https:\/\/bio-balkon.de\/wp-content\/uploads\/2020\/07\/P1460493-bingenheimer-saatgut-768x576.avif 768w\" sizes=\"auto, (max-width: 800px) 100vw, 800px\"><\/a><\/figure>\n\n\n\n<h2 class=\"wp-block-heading\" id=\"im-februar-kann-fur-den-balkon-gesat-werden\">In Febru\u00adary, seeds can be sown for gro\u00adwing vege\u00adta\u00adbles on the bal\u00adc\u00ado\u00adny:<\/h2>\n\n\n\n<ul class=\"wp-block-list\">\n<li><a href=\"https:\/\/www.bingenheimersaatgut.de\/de\/bio-saatgut\/gemuese\/asia-salate.html\" target=\"_blank\" rel=\"noreferrer noopener\">Asi\u00adan salads<\/a> in&nbsp;Vor\u00adkul\u00adtur drin aus\u00ads\u00e4\u00aden, k\u00f6n\u00adnen aber auch schon ab Mit\u00adte Febru\u00adar&nbsp;drau\u00ad\u00dfen im Bal\u00adkon\u00adkas\u00adten aus\u00adge\u00ads\u00e4t wer\u00adden<\/li>\n\n\n\n<li><a href=\"https:\/\/www.bingenheimersaatgut.de\/de\/bio-saatgut\/gemuese\/salat\/bataviasalat\/amerikanischer-brauner-g378\" target=\"_blank\" rel=\"noreferrer noopener\">Bata\u00advia let\u00adtuce \u201cAme\u00adri\u00adcan brown\u201d<\/a>&nbsp;(par\u00adti\u00adcu\u00adlar\u00adly sui\u00adta\u00adble for baby leaf cul\u00adti\u00adva\u00adti\u00adon)<\/li>\n\n\n\n<li><a href=\"https:\/\/www.bingenheimersaatgut.de\/de\/bio-saatgut\/gemuese\/paprika\/chili.html\" target=\"_blank\" rel=\"noreferrer noopener\">Chi\u00adli<\/a> (pre\u00adcul\u00adtu\u00adre, but only with the sup\u00adport of light\u00ading), par\u00adti\u00adcu\u00adlar\u00adly beau\u00adtiful with pur\u00adple lea\u00adves and tri\u00adco\u00adlo\u00adred fruits are <a href=\"https:\/\/www.bingenheimersaatgut.de\/de\/bio-saatgut\/gemuese\/paprika\/chili\/lila-luzi-g684\" target=\"_blank\" rel=\"noreferrer noopener nofollow\">Lila Luzi<\/a>in red:&nbsp;<a href=\"https:\/\/dreschflegel-shop.de\/glockenpaprika-rot\" target=\"_blank\" rel=\"noreferrer noopener\">Bell pep\u00adpers<\/a><\/li>\n\n\n\n<li><a href=\"https:\/\/www.bingenheimersaatgut.de\/de\/bio-saatgut\/gemuese\/kohl\/kohlrabi.html\" target=\"_blank\" rel=\"noreferrer noopener\">Kohl\u00adra\u00adbi<\/a> (pre\u00adcul\u00adtu\u00adre), recom\u00admen\u00adda\u00adti\u00adon blue: <a href=\"https:\/\/www.bingenheimersaatgut.de\/de\/bio-saatgut\/gemuese\/kohl\/kohlrabi\/blaro-g232\" target=\"_blank\" rel=\"noreferrer noopener\">Bla\u00adro<\/a>, <a href=\"https:\/\/www.bingenheimersaatgut.de\/de\/bio-saatgut\/gemuese\/kohl\/kohlrabi\/azur-star-g227\" target=\"_blank\" rel=\"noreferrer noopener\">Azur Star<\/a>white: <a href=\"https:\/\/www.bingenheimersaatgut.de\/de\/catalogsearch\/result\/?q=noriko\" target=\"_blank\" rel=\"noreferrer noopener\">Orino\u00adco<\/a><\/li>\n\n\n\n<li><a href=\"https:\/\/www.bingenheimersaatgut.de\/de\/bio-saatgut\/gemuese\/paprika.html\" target=\"_blank\" rel=\"noreferrer noopener\">Papri\u00adka<\/a>&nbsp;(pre-cul\u00adti\u00adva\u00adti\u00adon), pro\u00adven bal\u00adc\u00ado\u00adny varie\u00adty in red: <a href=\"https:\/\/www.bingenheimersaatgut.de\/de\/bio-saatgut\/gemuese\/paprika\/gemuesepaprika\/liebesapfel-as-g661\" target=\"_blank\" rel=\"noreferrer noopener\">Can\u00addy apple<\/a>,&nbsp;<a href=\"https:\/\/www.bingenheimersaatgut.de\/de\/bio-saatgut\/gemuese\/paprika\/gemuesepaprika\/fritz-as-g740\" target=\"_blank\" rel=\"noreferrer noopener\">Fritz<\/a>in oran\u00adge: <a href=\"https:\/\/www.bingenheimersaatgut.de\/de\/bio-saatgut\/gemuese\/paprika\/gemuesepaprika\/flynn-g721\" target=\"_blank\" rel=\"noreferrer noopener\">Flynn<\/a>in yel\u00adlow: <a href=\"https:\/\/www.bingenheimersaatgut.de\/de\/bio-saatgut\/gemuese\/paprika\/gemuesepaprika\/radja-g720\" target=\"_blank\" rel=\"noreferrer noopener\">Rad\u00adja<\/a>&nbsp;<\/li>\n\n\n\n<li><a href=\"https:\/\/www.bingenheimersaatgut.de\/de\/bio-saatgut\/gemuese\/radies.html\" target=\"_blank\" rel=\"noreferrer noopener\">Radish<\/a>recom\u00admen\u00adda\u00adti\u00adons for the tub: <a href=\"https:\/\/www.bingenheimersaatgut.de\/de\/bio-saatgut\/gemuese\/radies\/sora-g332\" target=\"_blank\" rel=\"noreferrer noopener\">Sora<\/a>, <a href=\"https:\/\/www.bingenheimersaatgut.de\/de\/bio-saatgut\/gemuese\/radies\/rudi-g334\" target=\"_blank\" rel=\"noreferrer noopener\">Rudi<\/a>, <a href=\"https:\/\/www.bingenheimersaatgut.de\/de\/bio-saatgut\/gemuese\/radies\/eiszapfen-g329\" target=\"_blank\" rel=\"noreferrer noopener\">Ici\u00adc\u00adle<\/a>, <a href=\"https:\/\/www.bingenheimersaatgut.de\/de\/bio-saatgut\/gemuese\/radies\/french-breakfast-2-g618\" target=\"_blank\" rel=\"noreferrer noopener\">French Breakfast2<\/a><\/li>\n\n\n\n<li>ear\u00adly let\u00adtuce <a href=\"https:\/\/dreschflegel-shop.de\/kopfsalat-maikoenig-meikoningin\" target=\"_blank\" rel=\"noreferrer noopener\">May King<\/a>&nbsp;<\/li>\n\n\n\n<li>Phy\u00adsa\u00adlis (Ande\u00adan ber\u00adry, Cape goo\u00adse\u00adber\u00adry) <a href=\"https:\/\/www.bingenheimersaatgut.de\/de\/bio-saatgut\/gemuese\/physalis\/schoenbrunner-gold-g646\" target=\"_blank\" rel=\"noreferrer noopener\">Schoen\u00adbrunn gold<\/a> + Phy\u00adsa\u00adlis Pre\u00adcio\u00adsa (pineapp\u00adle cher\u00adry, toma\u00adtil\u00adlo): End of February\/March in pre\u00adcul\u00adtu\u00adre<\/li>\n\n\n\n<li><a href=\"https:\/\/www.bingenheimersaatgut.de\/de\/catalogsearch\/result\/?q=aubergine\" target=\"_blank\" rel=\"noreferrer noopener\">Egg\u00adplant<\/a> (pre\u00adcul\u00adtu\u00adre)<\/li>\n\n\n\n<li><a href=\"https:\/\/www.bingenheimersaatgut.de\/de\/bio-saatgut\/gemuese\/erbsen\/zuckererbse\/ambrosia-g161\" target=\"_blank\" rel=\"noreferrer noopener\">Pea sprouts<\/a><\/li>\n\n\n\n<li><a href=\"https:\/\/www.bingenheimersaatgut.de\/de\/bio-saatgut\/gruenduengung\/ackerbohne-d203\" target=\"_blank\" rel=\"noreferrer noopener\">Field beans<\/a><\/li>\n\n\n\n<li>Topin\u00adam\u00adbur stick \u2014 sim\u00adply a sin\u00adgle tuber from the orga\u00adnic mar\u00adket in a bucket-sized bucket or lar\u00adger<\/li>\n\n\n\n<li>Gar\u00adlic stick, who missed it in the fall, but they get less big<\/li>\n\n\n\n<li>Win\u00adter in par\u00adti\u00adcu\u00adlar is the right time for gro\u00adwing <a href=\"https:\/\/bio-balkon.de\/en\/recommendations\/sprossen-microgreens\/\">Micro\u00adgreens and sprouts<\/a> on the kit\u00adchen table and win\u00addows\u00adill<\/li>\n\n\n\n<li>The\u00adre may well still be <a href=\"https:\/\/umbachbioland.de\/collections\/gemusepflanzen\/?ref=Bio-Balkon5\" target=\"_blank\" rel=\"noreferrer noopener\">Win\u00adter vege\u00adta\u00adble young plants<\/a> (Asia-Sala\u00adte, Wil\u00adde Rau\u00adke, Hirsch\u00adhorn\u00adwe\u00adge\u00adrich, Man\u00adgold, \u2026) gesetzt wer\u00adden (5 % Rabatt-Code&nbsp;<strong>Orga\u00adnic balcony5<\/strong>)<\/li>\n<\/ul>\n\n\n\n<p>It\u2019s still too ear\u00adly for toma\u00adtoes, they grow too quick\u00adly due to the poor light con\u00addi\u00adti\u00adons and grow hor\u00adny, i.e. not strong and com\u00adpact. It real\u00adly is a good idea to sow the majo\u00adri\u00adty of toma\u00adtoes in mid\/end March and wait until then. Howe\u00adver, sowing one or two plants towards the end of Febru\u00adary can be a good way to get some ear\u00adly toma\u00adtoes. Most plants grow bet\u00adter by sowing later becau\u00adse the\u00adre is more light available. In Febru\u00adary, light con\u00addi\u00adti\u00adons are still unfa\u00advorable due to a com\u00adbi\u00adna\u00adti\u00adon of short days and low sun. Seeds need ple\u00adnty of light to grow healt\u00adhi\u00adly, so it can be dif\u00adfi\u00adcult to grow healt\u00adhy seed\u00adlings indoors whe\u00adre light con\u00addi\u00adti\u00adons are still less favorable than out\u00addoors. Place the seeds on the brigh\u00adtest win\u00addows\u00adill you have. If you don\u2019t mana\u00adge to grow strong, robust plants from seeds sown in Febru\u00adary, try later in the year and the plants will catch up, or invest in a good qua\u00adli\u00adty LED grow light. Ano\u00adther opti\u00adon, of cour\u00adse, is to sim\u00adply buy chi\u00adlies and egg\u00adplants as young plants later in the year.<\/p>\n\n\n\n<figure class=\"wp-block-image size-full\"><img loading=\"lazy\" decoding=\"async\" width=\"800\" height=\"450\" src=\"https:\/\/bio-balkon.de\/wp-content\/uploads\/2020\/07\/paprika-und-chili-1-e1497810139855.avif\" alt=\"Great selection of different types of peppers.\" class=\"wp-image-10495\" srcset=\"https:\/\/bio-balkon.de\/wp-content\/uploads\/2020\/07\/paprika-und-chili-1-e1497810139855.avif 800w, https:\/\/bio-balkon.de\/wp-content\/uploads\/2020\/07\/paprika-und-chili-1-e1497810139855-300x169.avif 300w, https:\/\/bio-balkon.de\/wp-content\/uploads\/2020\/07\/paprika-und-chili-1-e1497810139855-768x432.avif 768w, https:\/\/bio-balkon.de\/wp-content\/uploads\/2020\/07\/paprika-und-chili-1-e1497810139855-18x10.avif 18w\" sizes=\"auto, (max-width: 800px) 100vw, 800px\"><\/figure>\n\n\n\n<h2 class=\"wp-block-heading\" id=\"extra-tipp-zu-paprika-und-chili\">Extra tip for pep\u00adpers and chi\u00adli<\/h2>\n\n\n\n<p><a href=\"https:\/\/bio-balkon.de\/en\/anbau-von-paprika-und-chili-auf-dem-balkon\/\" target=\"_blank\" rel=\"noreferrer noopener\">Chi\u00adli expert Alex\u00adan\u00adder Hick<\/a>s recom\u00admends the<strong> Sowing pep\u00adpers and chi\u00adli pep\u00adpers<\/strong> for mid-Febru\u00adary:<\/p>\n\n\n\n<p><em>Opi\u00adni\u00adons dif\u00adfer great\u00adly on this. Many chi\u00adli fri\u00adends say that you have to cul\u00adti\u00adva\u00adte them as peren\u00adni\u00adals, i.e. start sowing in Octo\u00adber or Novem\u00adber so that you can get fruit rela\u00adtively quick\u00adly later on. I have a dif\u00adfe\u00adrent opi\u00adni\u00adon. For me, the sea\u00adson usual\u00adly starts in Janu\u00adary, alt\u00adhough Janu\u00adary is only becau\u00adse we do so much. If we did less, the sea\u00adson would\u00adn\u2019t actual\u00adly start for me until&nbsp;<strong>Mid-Febru\u00adary<\/strong>&nbsp;start. But as we sim\u00adply don\u2019t have the time other\u00adwi\u00adse, we start the sea\u00adson in Janu\u00adary so that we can fit ever\u00ady\u00adthing in and not fall behind sche\u00addu\u00adle.<\/em><\/p>\n\n\n\n<p>From your expe\u00adri\u00adence, would you recom\u00admend mid-Febru\u00adary for us bal\u00adc\u00ado\u00adny gar\u00adden\u00aders who do this as a hob\u00adby?<\/p>\n\n\n\n<p><em>Exact\u00adly. So for almost ever\u00ady\u00adthing, I would recom\u00admend mid-Febru\u00adary. With pep\u00adpers, wild and semi-wild varie\u00adties are some\u00adti\u00admes popu\u00adlar, at least with die-hard chi\u00adli fans, so you can also start in Janu\u00adary. But for the stan\u00addard varie\u00adties, pep\u00adpers, mid-Febru\u00adary is per\u00adfect\u00adly ade\u00adqua\u00adte. You can even go into March in some cases. I can say from my own expe\u00adri\u00adence that if you start in mid-Febru\u00adary with the other types of chil\u00adli, with the cul\u00adti\u00adva\u00adted varie\u00adties, you can still get ever\u00ady\u00adthing to ripen wit\u00adhout any pro\u00adblems if the wea\u00adther and cli\u00adma\u00adte play along accor\u00addin\u00adgly. If the wea\u00adther does\u00adn\u2019t coope\u00adra\u00adte, then even start\u00ading in Octo\u00adber won\u2019t help. I see this every year with a lot of peo\u00adp\u00adle who start very ear\u00adly and at the end of the day are no fur\u00adther along than tho\u00adse who star\u00adted much later.<\/em> <\/p>\n\n\n\n<p><strong>Egg\u00adplants, chi\u00adlies and pep\u00adpers<\/strong> must grow for around 20 weeks befo\u00adre they bear fruit. Sowing them in mid-Febru\u00adary impro\u00adves the chan\u00adces that they will bear fruit in the hot\u00adtest months of the year. Howe\u00adver, if sown later (depen\u00adding on the varie\u00adty \u2014 look out for fruit-bea\u00adring ones), a good har\u00adve\u00adst is often pos\u00adsi\u00adble by the end of March. Bell pep\u00adper and chi\u00adli plants can be kept as peren\u00adni\u00adals, they can over\u00adwin\u00adter in a bright and frost-free place. They should then be che\u00adcked regu\u00adlar\u00adly for pest infe\u00adsta\u00adti\u00adon, which can wea\u00adk\u00aden the plant too much.<\/p>\n\n\n\n<p>Chi\u00adli, egg\u00adplant and toma\u00adto seeds ger\u00admi\u00adna\u00adte more relia\u00adbly in warm con\u00addi\u00adti\u00adons (25 \u2014 30 \u00b0C is best, 16 \u00b0C is the mini\u00admum). A warm place abo\u00adve a hea\u00adter or the back of the fri\u00addge is favorable, or a con\u00adtai\u00adner with a ple\u00adxi\u00adglass lid and a heat source under\u00adneath. After ger\u00admi\u00adna\u00adti\u00adon, they need to be pla\u00adced in the brigh\u00adtest light and can cope with slight\u00adly lower tem\u00adpe\u00adra\u00adtures.<\/p>\n\n\n\n<h2 class=\"wp-block-heading\">Pota\u00adtoes <\/h2>\n\n\n\n<figure class=\"wp-block-image size-full\"><img loading=\"lazy\" decoding=\"async\" width=\"800\" height=\"600\" src=\"https:\/\/bio-balkon.de\/wp-content\/uploads\/2022\/02\/P1770036-prinzessinnengarten-kartoffeln-saatkartoffeln.avif\" alt=\"Potatoes germinate in egg packs in a dark cupboard.\" class=\"wp-image-37667\" srcset=\"https:\/\/bio-balkon.de\/wp-content\/uploads\/2022\/02\/P1770036-prinzessinnengarten-kartoffeln-saatkartoffeln.avif 800w, https:\/\/bio-balkon.de\/wp-content\/uploads\/2022\/02\/P1770036-prinzessinnengarten-kartoffeln-saatkartoffeln-300x225.avif 300w, https:\/\/bio-balkon.de\/wp-content\/uploads\/2022\/02\/P1770036-prinzessinnengarten-kartoffeln-saatkartoffeln-768x576.avif 768w, https:\/\/bio-balkon.de\/wp-content\/uploads\/2022\/02\/P1770036-prinzessinnengarten-kartoffeln-saatkartoffeln-16x12.avif 16w\" sizes=\"auto, (max-width: 800px) 100vw, 800px\"><\/figure>\n\n\n\n<p><strong>Pota\u00adtoes<\/strong>&nbsp;can alre\u00ada\u00addy be pre-ger\u00admi\u00adna\u00adted for sowing. A bright place at around 10 degrees is ide\u00adal. In war\u00admer regi\u00adons, they can be plan\u00adted out\u00addoors towards the end of Febru\u00adary if the ten\u00adder shoots are pro\u00adtec\u00adted from frost with a bell or fleece, in col\u00adder regi\u00adons from the begin\u00adning of April.<\/p>\n\n\n\n<h2 class=\"wp-block-heading\" id=\"sichtung-vom-saatgut\">Gre\u00adat wild plants with beau\u00adtiful, insect-fri\u00adend\u00adly flowers can be sown on the bal\u00adc\u00ado\u00adny in Febru\u00adary (until June):<\/h2>\n\n\n\n<p>I have mark\u00aded my favo\u00adri\u00adte pro\u00adven wild plants for con\u00adtai\u00adners in bold. Loca\u00adti\u00adon, flowe\u00adring peri\u00adod, flowe\u00adring color, size\/height\/spacing, perennial\/biennial or annu\u00adal, infor\u00adma\u00adti\u00adon on sowing, ger\u00admi\u00adna\u00adti\u00adon peri\u00adod, use\/edibility and which ani\u00admals use them (1TP5 ani\u00admal plants) can be found in the link.<\/p>\n\n\n\n<p><\/p>\n\n\n\n<p>Yel\u00adlow flowers:<\/p>\n\n\n\n<ul class=\"wp-block-list\">\n<li><a href=\"https:\/\/naturgarten-samen.de\/produkt\/gewoehnliches-leinkraut-100-korn\/\" target=\"_blank\" rel=\"noreferrer noopener nofollow\">Com\u00admon toad\u00adflax<\/a><\/li>\n\n\n\n<li><a href=\"https:\/\/naturgarten-samen.de\/produkt\/echter-steinklee-50-korn\/\" target=\"_blank\" rel=\"noreferrer noopener nofollow\">Sweet clover<\/a><\/li>\n\n\n\n<li><a href=\"https:\/\/naturgarten-samen.de\/produkt\/schwarze-koenigskerze-200-korn\/\" target=\"_blank\" rel=\"noreferrer noopener nofollow\">Black mull\u00adein<\/a><\/li>\n\n\n\n<li><a href=\"https:\/\/naturgarten-samen.de\/produkt\/pracht-koenigskerze-100-korn\/\" target=\"_blank\" rel=\"noreferrer noopener nofollow\">Magni\u00adfi\u00adcent mull\u00adein<\/a><\/li>\n\n\n\n<li><a href=\"https:\/\/naturgarten-samen.de\/produkt\/grossbluetige-koenigskerze-200-korn\/\" target=\"_blank\" rel=\"noreferrer noopener nofollow\">Lar\u00adge-flowe\u00adred mull\u00adein<\/a><\/li>\n\n\n\n<li><a href=\"https:\/\/naturgarten-samen.de\/produkt\/saat-wucherblume-100-korn\/\" target=\"_blank\" rel=\"noreferrer noopener nofollow\">Usu\u00adry flower<\/a><\/li>\n\n\n\n<li><a href=\"https:\/\/naturgarten-samen.de\/produkt\/echtes-johanniskraut-200-korn\/\" target=\"_blank\" rel=\"noreferrer noopener nofollow\">St. John\u2019s wort<\/a><\/li>\n\n\n\n<li><a href=\"https:\/\/naturgarten-samen.de\/produkt\/gewoehnliches-ferkelkraut-50-korn\/\" target=\"_blank\" rel=\"noreferrer noopener nofollow\">Com\u00admon piglet weed<\/a><\/li>\n\n\n\n<li><strong><a href=\"https:\/\/naturgarten-samen.de\/produkt\/faerber-hundskamille-100-korn\/\" target=\"_blank\" rel=\"noreferrer noopener nofollow\">Dyer\u2019s dog cha\u00admo\u00admi\u00adle<\/a><\/strong><\/li>\n<\/ul>\n\n\n\n<p>Blue and pur\u00adple flowers:<\/p>\n\n\n\n<ul class=\"wp-block-list\">\n<li><a href=\"https:\/\/naturgarten-samen.de\/produkt\/ausdauernder-lein-100-korn\/\" target=\"_blank\" rel=\"noreferrer noopener nofollow\">Per\u00adsis\u00adtent flax<\/a><\/li>\n\n\n\n<li><a href=\"https:\/\/naturgarten-samen.de\/produkt\/gewoehnliche-wegwarte-50-korn\/\" target=\"_blank\" rel=\"noreferrer noopener nofollow\">Com\u00admon chi\u00adco\u00adry<\/a><\/li>\n\n\n\n<li><strong><a href=\"https:\/\/naturgarten-samen.de\/produkt\/gewoehnlicher-natternkopf-50-korn\/\" target=\"_blank\" rel=\"noreferrer noopener nofollow\">Com\u00admon viper\u2019s bugloss<\/a><\/strong><\/li>\n\n\n\n<li><a href=\"https:\/\/naturgarten-samen.de\/produkt\/wald-vergissmeinnicht-50-korn\/\" target=\"_blank\" rel=\"noreferrer noopener nofollow\">Forest for\u00adget-me-not<\/a><\/li>\n\n\n\n<li><a href=\"https:\/\/naturgarten-samen.de\/produkt\/langblaettriger-ehrenpreis-100-korn\/\" target=\"_blank\" rel=\"noreferrer noopener nofollow\">Long-lea\u00adved speed\u00adwell<\/a><\/li>\n\n\n\n<li><a href=\"https:\/\/naturgarten-samen.de\/produkt\/grosser-ehrenpreis-100-korn\/\" target=\"_blank\" rel=\"noreferrer noopener nofollow\">Grand Pri\u00adze of Honor<\/a><\/li>\n\n\n\n<li><a href=\"https:\/\/naturgarten-samen.de\/produkt\/gamander-ehrenpreis-100-korn\/\" target=\"_blank\" rel=\"noreferrer noopener nofollow\">Gaman\u00adder speed\u00adwell<\/a><\/li>\n\n\n\n<li><a href=\"https:\/\/naturgarten-samen.de\/produkt\/echter-ehrenpreis-100-korn\/\" target=\"_blank\" rel=\"noreferrer noopener nofollow\">Speed\u00adwell<\/a><\/li>\n\n\n\n<li><strong><a href=\"https:\/\/naturgarten-samen.de\/produkt\/rundblaettrige-glockenblume-100-korn\/\" target=\"_blank\" rel=\"noreferrer noopener nofollow\">Round-lea\u00adved bell\u00adflower<\/a><\/strong><\/li>\n\n\n\n<li><strong><a href=\"https:\/\/naturgarten-samen.de\/produkt\/pfirsichblaettrige-glockenblume-100-korn\/\" target=\"_blank\" rel=\"noreferrer noopener nofollow\">Peach-lea\u00adved bell\u00adflower<\/a><\/strong><\/li>\n\n\n\n<li><strong><a href=\"https:\/\/naturgarten-samen.de\/produkt\/nesselblaettrige-glockenblume-100-korn\/\" target=\"_blank\" rel=\"noreferrer noopener nofollow\">Nett\u00adle-lea\u00adved bell\u00adflower<\/a><\/strong><\/li>\n\n\n\n<li><strong><a href=\"https:\/\/naturgarten-samen.de\/produkt\/acker-glockenblume-100-korn\/\" target=\"_blank\" rel=\"noreferrer noopener nofollow\">Field bell\u00adflower<\/a><\/strong><\/li>\n\n\n\n<li><a href=\"https:\/\/naturgarten-samen.de\/produkt\/grossbluetige-braunelle-50-korn\/\" target=\"_blank\" rel=\"noreferrer noopener nofollow\">Lar\u00adge-flowe\u00adred brown alli\u00adum<\/a><\/li>\n\n\n\n<li><a href=\"https:\/\/naturgarten-samen.de\/produkt\/gewoehnliche-braunelle-50-korn\/\" target=\"_blank\" rel=\"noreferrer noopener nofollow\">Com\u00admon brown alli\u00adum<\/a><\/li>\n<\/ul>\n\n\n\n<p>Pink and red flowers:<\/p>\n\n\n\n<ul class=\"wp-block-list\">\n<li><a href=\"https:\/\/naturgarten-samen.de\/produkt\/rote-lichtnelke-50-korn\/\" target=\"_blank\" rel=\"noreferrer noopener nofollow\">Red cam\u00adpi\u00adon<\/a><\/li>\n\n\n\n<li><strong><a href=\"https:\/\/naturgarten-samen.de\/produkt\/mauretanische-malve-50-korn\/\" target=\"_blank\" rel=\"noreferrer noopener nofollow\">Mau\u00adri\u00adta\u00adni\u00adan mal\u00adlow<\/a><\/strong><\/li>\n\n\n\n<li><a href=\"https:\/\/naturgarten-samen.de\/produkt\/gewoehnliche-nachtviole-50-korn\/\" target=\"_blank\" rel=\"noreferrer noopener nofollow\">Night vio\u00adlet<\/a><\/li>\n\n\n\n<li><a href=\"https:\/\/naturgarten-samen.de\/produkt\/nelken-leimkraut-100-korn\/\" target=\"_blank\" rel=\"noreferrer noopener nofollow\">Car\u00adna\u00adti\u00adon cin\u00adque\u00adfoil<\/a><\/li>\n\n\n\n<li><a href=\"https:\/\/naturgarten-samen.de\/produkt\/ruprechtskraut-50-korn\/\" target=\"_blank\" rel=\"noreferrer noopener nofollow\">Ruprecht\u2019s weed<\/a><\/li>\n\n\n\n<li><strong><a href=\"https:\/\/naturgarten-samen.de\/produkt\/karthaeuser-nelke-100-korn\/\" target=\"_blank\" rel=\"noreferrer noopener nofollow\">Car\u00adthu\u00adsi\u00adan pink<\/a><\/strong><\/li>\n\n\n\n<li><a href=\"https:\/\/naturgarten-samen.de\/produkt\/nickende-distel-50-korn\/\" target=\"_blank\" rel=\"noreferrer noopener nofollow\">Nod\u00adding thist\u00adle<\/a><\/li>\n\n\n\n<li><a href=\"https:\/\/naturgarten-samen.de\/produkt\/bueschel-nelke-100-korn\/\" target=\"_blank\" rel=\"noreferrer noopener nofollow\">Tuf\u00adted car\u00adna\u00adti\u00adon<\/a><\/li>\n\n\n\n<li><strong><a href=\"https:\/\/naturgarten-samen.de\/produkt\/gewoehnlicher-blutweiderich-200-korn\/\" target=\"_blank\" rel=\"noreferrer noopener nofollow\">Com\u00admon loo\u00adsestri\u00adfe<\/a><\/strong><\/li>\n\n\n\n<li><strong><a href=\"https:\/\/naturgarten-samen.de\/produkt\/wiesen-witwenblume-50-korn\/\" target=\"_blank\" rel=\"noreferrer noopener nofollow\">Mea\u00addow widow flower<\/a><\/strong><\/li>\n\n\n\n<li><a href=\"https:\/\/naturgarten-samen.de\/produkt\/wiesen-schaumkraut-100-korn\/\" target=\"_blank\" rel=\"noreferrer noopener nofollow\">Mea\u00addow foam\u00adwort<\/a><\/li>\n\n\n\n<li><strong><a href=\"https:\/\/naturgarten-samen.de\/produkt\/gewoehnlicher-wasserdost-50-korn\/\" target=\"_blank\" rel=\"noreferrer noopener nofollow\">Com\u00admon water aza\u00adlea<\/a><\/strong><\/li>\n\n\n\n<li><a href=\"https:\/\/naturgarten-samen.de\/produkt\/rot-klee-100-korn\/\" target=\"_blank\" rel=\"noreferrer noopener nofollow\">Red clover<\/a><\/li>\n\n\n\n<li><a href=\"https:\/\/naturgarten-samen.de\/produkt\/saat-esparsette-50-korn\/\" target=\"_blank\" rel=\"noreferrer noopener nofollow\">Seed spar\u00adrow<\/a><\/li>\n\n\n\n<li><a href=\"https:\/\/naturgarten-samen.de\/produkt\/pechnelke-100-korn\/\" target=\"_blank\" rel=\"noreferrer noopener nofollow\">Pitch car\u00adna\u00adti\u00adon<\/a><\/li>\n\n\n\n<li><strong><a href=\"https:\/\/naturgarten-samen.de\/produkt\/wiesen-flockenblume-100-korn\/\" target=\"_blank\" rel=\"noreferrer noopener nofollow\">Mea\u00addow knap\u00adweed<\/a><\/strong><\/li>\n\n\n\n<li><a href=\"https:\/\/naturgarten-samen.de\/produkt\/kornrade-50-korn\/\" target=\"_blank\" rel=\"noreferrer noopener nofollow\">Corn cock\u00adle<\/a><\/li>\n\n\n\n<li><strong><a href=\"https:\/\/naturgarten-samen.de\/produkt\/echtes-herzgespann-50-korn\/\" target=\"_blank\" rel=\"noreferrer noopener nofollow\">True mother\u00adwort<\/a><\/strong><\/li>\n<\/ul>\n\n\n\n<p>White flowers:<\/p>\n\n\n\n<ul class=\"wp-block-list\">\n<li><strong><a href=\"https:\/\/naturgarten-samen.de\/produkt\/gewoehnliche-schafgarbe-100-korn\/\" target=\"_blank\" rel=\"noreferrer noopener nofollow\">Mea\u00addow yar\u00adrow<\/a><\/strong><\/li>\n\n\n\n<li><a href=\"https:\/\/naturgarten-samen.de\/produkt\/wiesen-margerite-100-korn\/\" target=\"_blank\" rel=\"noreferrer noopener nofollow\">Mea\u00addow dai\u00adsy<\/a><\/li>\n\n\n\n<li><a href=\"https:\/\/naturgarten-samen.de\/produkt\/mittlerer-wegerich-100-korn\/\" target=\"_blank\" rel=\"noreferrer noopener nofollow\">Midd\u00adle plan\u00adtain<\/a><\/li>\n\n\n\n<li><a href=\"https:\/\/naturgarten-samen.de\/produkt\/weisser-steinklee-50-korn\/\" target=\"_blank\" rel=\"noreferrer noopener nofollow\">White sweet clover<\/a><\/li>\n\n\n\n<li><strong><a href=\"https:\/\/naturgarten-samen.de\/produkt\/spitz-wegerich-100-korn\/\" target=\"_blank\" rel=\"noreferrer noopener nofollow\">Poin\u00adted plan\u00adtain<\/a><\/strong><\/li>\n\n\n\n<li><a href=\"https:\/\/naturgarten-samen.de\/produkt\/grossblaettriger-sauerampfer-50-korn\/\" target=\"_blank\" rel=\"noreferrer noopener nofollow\">Grea\u00adter sor\u00adrel<\/a><\/li>\n\n\n\n<li><strong><a href=\"https:\/\/naturgarten-samen.de\/produkt\/mutterkraut-100-korn\/\" target=\"_blank\" rel=\"noreferrer noopener nofollow\">Fever\u00adfew<\/a><\/strong><\/li>\n\n\n\n<li><strong><a href=\"https:\/\/naturgarten-samen.de\/produkt\/echtes-loeffelkraut-100-korn\/\" target=\"_blank\" rel=\"noreferrer noopener nofollow\">Spoon\u00adwort<\/a><\/strong><\/li>\n\n\n\n<li><a href=\"https:\/\/naturgarten-samen.de\/produkt\/weisse-lichtnelke-50-korn\/\" target=\"_blank\" rel=\"noreferrer noopener nofollow\">White cam\u00adpi\u00adon<\/a><\/li>\n\n\n\n<li><a href=\"https:\/\/naturgarten-samen.de\/produkt\/nickendes-leimkraut-100-korn\/\" target=\"_blank\" rel=\"noreferrer noopener nofollow\">Nod\u00adding cin\u00adque\u00adfoil<\/a><\/li>\n\n\n\n<li><a href=\"https:\/\/naturgarten-samen.de\/produkt\/gewoehnliches-leimkraut-100-korn\/\" target=\"_blank\" rel=\"noreferrer noopener nofollow\">Com\u00admon cuckoo flower<\/a><\/li>\n\n\n\n<li><strong><a href=\"https:\/\/naturgarten-samen.de\/produkt\/echte-katzenminze-50-korn\/\" target=\"_blank\" rel=\"noreferrer noopener nofollow\">Real cat\u00adnip<\/a><\/strong><\/li>\n\n\n\n<li><a href=\"https:\/\/naturgarten-samen.de\/produkt\/roemische-kamille-100-korn\/\" target=\"_blank\" rel=\"noreferrer noopener nofollow\">Roman cha\u00admo\u00admi\u00adle<\/a><\/li>\n\n\n\n<li><a href=\"https:\/\/naturgarten-samen.de\/produkt\/echte-kamille-200-korn\/\" target=\"_blank\" rel=\"noreferrer noopener nofollow\">True cha\u00admo\u00admi\u00adle<\/a><\/li>\n\n\n\n<li><a href=\"https:\/\/naturgarten-samen.de\/produkt\/gewoehnliches-hirtentaeschel-200-korn\/\" target=\"_blank\" rel=\"noreferrer noopener nofollow\">Com\u00admon shepherd\u2019s pur\u00adse<\/a><\/li>\n\n\n\n<li><a href=\"https:\/\/naturgarten-samen.de\/produkt\/gaensebluemchen-100-korn\/\" target=\"_blank\" rel=\"noreferrer noopener nofollow\">Dai\u00adsies<\/a><\/li>\n\n\n\n<li><strong><a href=\"https:\/\/naturgarten-samen.de\/produkt\/echter-eibisch-50-korn\/\" target=\"_blank\" rel=\"noreferrer noopener nofollow\">True marsh\u00admal\u00adlow<\/a><\/strong><\/li>\n\n\n\n<li><strong><a href=\"https:\/\/naturgarten-samen.de\/produkt\/wilde-moehre-100-korn\/\" target=\"_blank\" rel=\"noreferrer noopener nofollow\">Wild car\u00adrot<\/a><\/strong><\/li>\n<\/ul>\n\n\n\n<h2 class=\"wp-block-heading\" id=\"sichtung-vom-saatgut\">Seed-resistant insect-fri\u00adend\u00adly herbs for pre-cul\u00adti\u00adva\u00adti\u00adon from February\/March<\/h2>\n\n\n\n<ul class=\"wp-block-list\">\n<li><a href=\"https:\/\/naturgarten-samen.de\/produkt\/zitronen-tagetes-lemon-gem-50-korn\/\" target=\"_blank\" rel=\"noreferrer noopener nofollow\">Lemon tage\u00adtes<\/a><\/li>\n\n\n\n<li><a href=\"https:\/\/naturgarten-samen.de\/produkt\/zitronen-basilikum-50-korn\/\" target=\"_blank\" rel=\"noreferrer noopener nofollow\">Lemon basil<\/a><\/li>\n\n\n\n<li><a href=\"https:\/\/naturgarten-samen.de\/produkt\/zimt-basilikum-50-korn\/\" target=\"_blank\" rel=\"noreferrer noopener nofollow\">Cin\u00adna\u00admon basil<\/a><\/li>\n\n\n\n<li><a href=\"https:\/\/naturgarten-samen.de\/produkt\/salatblaettriges-basilikum-50-korn-kopie\/\" target=\"_blank\" rel=\"noreferrer noopener nofollow\">Let\u00adtuce leaf basil<\/a><\/li>\n\n\n\n<li><a href=\"https:\/\/naturgarten-samen.de\/produkt\/genoveser-basilikum-50-korn-kopie\/\" target=\"_blank\" rel=\"noreferrer noopener nofollow\">Red basil<\/a><\/li>\n\n\n\n<li><a href=\"https:\/\/naturgarten-samen.de\/produkt\/genoveser-basilikum-50-korn\/\" target=\"_blank\" rel=\"noreferrer noopener nofollow\">Geno\u00adve\u00adse basil<\/a><\/li>\n\n\n\n<li><a href=\"https:\/\/naturgarten-samen.de\/produkt\/kleiner-wiesenknopf-50-korn\/\" target=\"_blank\" rel=\"noreferrer noopener nofollow\">Small mea\u00addow but\u00adton<\/a><\/li>\n\n\n\n<li><a href=\"https:\/\/naturgarten-samen.de\/produkt\/echter-thymian-100-korn\/\" target=\"_blank\" rel=\"noreferrer noopener nofollow\">Genui\u00adne thy\u00adme<\/a><\/li>\n\n\n\n<li><a href=\"https:\/\/naturgarten-samen.de\/produkt\/wilde-rauke-100-korn\/\" target=\"_blank\" rel=\"noreferrer noopener nofollow\">Wild rocket<\/a><\/li>\n\n\n\n<li><a href=\"https:\/\/naturgarten-samen.de\/produkt\/wilder-oregano-200-korn\/\" target=\"_blank\" rel=\"noreferrer noopener nofollow\">Wild ore\u00adga\u00adno<\/a><\/li>\n\n\n\n<li><a href=\"https:\/\/naturgarten-samen.de\/produkt\/echter-fenchel-50-korn\/\" target=\"_blank\" rel=\"noreferrer noopener nofollow\">True fen\u00adnel<\/a><\/li>\n\n\n\n<li><a href=\"https:\/\/naturgarten-samen.de\/produkt\/schnittlauch-kulturform-200-korn\/\" target=\"_blank\" rel=\"noreferrer noopener nofollow\">Chi\u00adves<\/a><\/li>\n\n\n\n<li><a href=\"https:\/\/naturgarten-samen.de\/produkt\/krause-petersilie-mooskrause-200-korn\/\" target=\"_blank\" rel=\"noreferrer noopener nofollow\">Cur\u00adly pars\u00adley<\/a><\/li>\n\n\n\n<li><a href=\"https:\/\/naturgarten-samen.de\/produkt\/glatte-petersilie-gigante-ditalia-200-korn\/\" target=\"_blank\" rel=\"noreferrer noopener nofollow\">Flat-leaf pars\u00adley<\/a><\/li>\n\n\n\n<li><a href=\"https:\/\/naturgarten-samen.de\/produkt\/koriander-100-korn\/\" target=\"_blank\" rel=\"noreferrer noopener nofollow\">Genui\u00adne cori\u00adan\u00adder<\/a><\/li>\n\n\n\n<li><a href=\"https:\/\/naturgarten-samen.de\/produkt\/krauser-kerbel-100-korn\/\" target=\"_blank\" rel=\"noreferrer noopener nofollow\">Cur\u00adly cher\u00advil<\/a><\/li>\n\n\n\n<li><a href=\"https:\/\/naturgarten-samen.de\/produkt\/echter-kerbel-100-korn\/\" target=\"_blank\" rel=\"noreferrer noopener nofollow\">Genui\u00adne cher\u00advil<\/a><\/li>\n\n\n\n<li><a href=\"https:\/\/naturgarten-samen.de\/produkt\/rote-gartenmelde-50-korn\/\" target=\"_blank\" rel=\"noreferrer noopener nofollow\">Red gar\u00adden milkweed<\/a><\/li>\n\n\n\n<li><a href=\"https:\/\/naturgarten-samen.de\/produkt\/gruene-gartenmelde-50-korn\/\" target=\"_blank\" rel=\"noreferrer noopener nofollow\">Green gar\u00adden meli\u00adlot<\/a><\/li>\n\n\n\n<li><a href=\"https:\/\/naturgarten-samen.de\/produkt\/gelbe-gartenmelde-mondseer-50-korn\/\" target=\"_blank\" rel=\"noreferrer noopener nofollow\">Yel\u00adlow gar\u00adden mint<\/a><\/li>\n\n\n\n<li><a href=\"https:\/\/naturgarten-samen.de\/produkt\/dill-200-korn\/\" target=\"_blank\" rel=\"noreferrer noopener nofollow\">Dill<\/a><\/li>\n<\/ul>\n\n\n\n<h2 class=\"wp-block-heading\" id=\"sichtung-vom-saatgut\">Sif\u00adting the seed<\/h2>\n\n\n\n<p>Look through the old seed stocks, buy or order new seeds <a href=\"https:\/\/bio-balkon.de\/en\/recommendations\/saatgut\/\" target=\"_blank\" rel=\"noreferrer noopener\">(Recom\u00admen\u00adda\u00adti\u00adons for orga\u00adnic seed)<\/a> and make gar\u00adden plans for the coming bal\u00adc\u00ado\u00adny gar\u00addening sea\u00adson! When plan\u00adning, let your per\u00adso\u00adnal pre\u00adfe\u00adren\u00adces gui\u00adde you \u2014 what do you like to eat, what do you like to smell, what is good for insects? Varie\u00adty is important \u2014 lots of dif\u00adfe\u00adrent plants, lots of unfil\u00adled flowers with a rich sup\u00adp\u00adly of pol\u00adlen and nec\u00adtar from March until the frost. As a bal\u00adc\u00ado\u00adny gar\u00adde\u00adner, don\u2019t let yours\u00adelf be con\u00adfu\u00adsed or put off by the abun\u00addant oppor\u00adtu\u00adni\u00adties for crop rota\u00adti\u00adon and mixed cul\u00adti\u00adva\u00adti\u00adon, which I often expe\u00adri\u00adence becau\u00adse nobo\u00addy wants to do any\u00adthing wrong. Varie\u00adty is important!<\/p>\n\n\n\n<p>Orga\u00adnic seeds and orga\u00adnic plants are gua\u00adran\u00adteed to be free of che\u00admi\u00adcals and the\u00adr\u00ade\u00adfo\u00adre non-toxic for us, insects and other ani\u00admals. The plants grow healt\u00adhi\u00ader, more natu\u00adral\u00adly and more sus\u00adtain\u00adab\u00adly. Befo\u00adre you order online, per\u00adhaps you can <a href=\"https:\/\/www.google.com\/maps\/d\/edit?mid=1A7S4H38a12tB-DCEG-y_2_UQwFxMRyVH&amp;ll=49.4899791259067%2C10.38008677812498&amp;z=6\" target=\"_blank\" rel=\"noreferrer noopener\">regio\u00adnal<\/a> buy good qua\u00adli\u00adty. You can find online sup\u00adpli\u00aders <a href=\"https:\/\/bio-balkon.de\/en\/recommendations\/pflanzen\/\" target=\"_blank\" rel=\"noreferrer noopener\">here<\/a>.<\/p>\n\n\n\n<h2 class=\"wp-block-heading\" id=\"geholze-1\">Febru\u00adary is the time for shrubs on the bal\u00adc\u00ado\u00adny<\/h2>\n\n\n\n<p>Woo\u00addy plants of all kinds can still be pru\u00adn\u00aded on frost-free days until the end of Febru\u00adary. <br>New shrubs can be plan\u00adted during the dor\u00admant peri\u00adod until they sprout (ear\u00adly Febru\u00adary to mid-May), con\u00adtai\u00adner plants all year round. Aro\u00adnia ber\u00adry, rock pear, cor\u00adne\u00adli\u00adan cher\u00adry and cher\u00adry are par\u00adti\u00adcu\u00adlar\u00adly sui\u00adta\u00adble for use in con\u00adtai\u00adners. <a href=\"https:\/\/bio-balkon.de\/en\/lust-auf-aepfel-vom-balkon\/\">Colum\u00adnar apple trees<\/a> bew\u00e4hrt. Kau\u00adfe&nbsp;Obst\u00adb\u00e4u\u00adme am g\u00fcns\u00adtigs\u00adten wur\u00adzel\u00adnackt von einer pro\u00adfes\u00adsio\u00adnel\u00adlen Obst\u00adg\u00e4rt\u00adne\u00adrei.&nbsp;Die\u00adse kann zur Sor\u00adte bera\u00adten, die f\u00fcr Dein Kli\u00adma und Anbau im gro\u00ad\u00dfen K\u00fcbel geeig\u00adnet ist.&nbsp;Sor\u00adte und Wurzelstock\/Unterlage (lang\u00adsam wach\u00adsend) machen einen gro\u00ad\u00dfen Unter\u00adschied zum Erfolg. Unse\u00adre Exper\u00adten <a href=\"https:\/\/bio-balkon.de\/en\/experts\/conrad-amber\/\">Con\u00adrad Amber<\/a> and <a href=\"https:\/\/bio-balkon.de\/en\/experts\/dr-sonja-schwingesbauer\/\">Dr. Son\u00adja Schwin\u00adges\u00adbau\u00ader<\/a> pre\u00adsen\u00adted our\u00adsel\u00adves for the 6th Online Orga\u00adnic Bal\u00adc\u00ado\u00adny Con\u00adgress March 2021 <a href=\"https:\/\/bio-balkon.de\/en\/kann-man-tiere-pflanzen\/\">Can you plant ani\u00admals?<\/a> lists of which woo\u00addy plants are sui\u00adta\u00adble for the extre\u00adme bal\u00adc\u00ado\u00adny loca\u00adti\u00adon. In Sep\u00adtem\u00adber 2024, the Orga\u00adnic Bal\u00adc\u00ado\u00adny Con\u00adgress was dedi\u00adca\u00adted to <a href=\"https:\/\/bio-balkon.de\/en\/15-online-bio-balkon-kongress\/\">Shrubs in tubs<\/a>. A <a href=\"https:\/\/www.naturadb.de\/listen\/n830j2nm\/\" target=\"_blank\" rel=\"noreferrer noopener nofollow\">Lis\u00adte mit 107 Geh\u00f6l\u00adzen<\/a>which have pro\u00adven them\u00adsel\u00adves in pot cul\u00adti\u00adva\u00adti\u00adon.<\/p>\n\n\n\n<p>Here is a good source for <a href=\"https:\/\/kraeutergarten-urban.de\/shop\/jungpflanzen\/erdbeeren-und-obstgehoelze\" target=\"_blank\" rel=\"noreferrer noopener\">bare-roo\u00adted shrubs in Deme\u00adter qua\u00adli\u00adty<\/a>, es kann nie genug Bee\u00adren geben.<\/p>\n\n\n\n<p>The trees and shrubs can be plan\u00adted from the midd\u00adle of the month with <a href=\"https:\/\/wurmkiste.at\/?wpam_id=14\">Worm humus from the worm bin<\/a> which has a fer\u00adti\u00adli\u00adzing effect and pro\u00admo\u00adtes soil life.<\/p>\n\n\n\n<figure class=\"wp-block-image size-large\"><img loading=\"lazy\" decoding=\"async\" width=\"1024\" height=\"768\" src=\"https:\/\/bio-balkon.de\/wp-content\/uploads\/2022\/01\/aroniabeere-vertikalbeet-IMG_8996-1024x768.avif\" alt=\"This corner with aronia berries is very popular with sparrows as a hiding place. Kohlrabi, chard, staghorn plantain, winter divia, Red Giant Asian lettuce and winter postelein grow in the vertical bed.\" class=\"wp-image-37670\" srcset=\"https:\/\/bio-balkon.de\/wp-content\/uploads\/2022\/01\/aroniabeere-vertikalbeet-IMG_8996-1024x768.avif 1024w, https:\/\/bio-balkon.de\/wp-content\/uploads\/2022\/01\/aroniabeere-vertikalbeet-IMG_8996-300x225.avif 300w, https:\/\/bio-balkon.de\/wp-content\/uploads\/2022\/01\/aroniabeere-vertikalbeet-IMG_8996-768x576.avif 768w, https:\/\/bio-balkon.de\/wp-content\/uploads\/2022\/01\/aroniabeere-vertikalbeet-IMG_8996-1536x1152.avif 1536w, https:\/\/bio-balkon.de\/wp-content\/uploads\/2022\/01\/aroniabeere-vertikalbeet-IMG_8996-scaled.avif 2048w, https:\/\/bio-balkon.de\/wp-content\/uploads\/2022\/01\/aroniabeere-vertikalbeet-IMG_8996-16x12.avif 16w, https:\/\/bio-balkon.de\/wp-content\/uploads\/2022\/01\/aroniabeere-vertikalbeet-IMG_8996-1320x990.avif 1320w\" sizes=\"auto, (max-width: 1024px) 100vw, 1024px\"><figcaption class=\"wp-element-caption\">This cor\u00adner with aro\u00adnia ber\u00adries is very popu\u00adlar with spar\u00adrows as a hiding place. Kohl\u00adra\u00adbi, chard, stag\u00adhorn plan\u00adtain, win\u00adter divia, Red Giant Asi\u00adan let\u00adtuce and win\u00adter pos\u00adte\u00adlein grow in the ver\u00adti\u00adcal bed, all of which have over\u00adwin\u00adte\u00adred.<\/figcaption><\/figure>\n\n\n\n<h2 class=\"wp-block-heading\" id=\"insektennisthilfen\">Insect nes\u00adt\u00ading aids<\/h2>\n\n\n\n<p>Insect nes\u00adt\u00ading aids should be built and instal\u00adled now.<\/p>\n\n\n\n<p><a href=\"https:\/\/www.nabu.de\/tiere-und-pflanzen\/insekten-und-spinnen\/hautfluegler\/bienen\/13704.html\" target=\"_blank\" rel=\"noreferrer noopener\">\u00bb Buil\u00adding ins\u00adtruc\u00adtions for effec\u00adti\u00adve nes\u00adt\u00ading aids for wild bees \u2014 NABU<\/a><br><a href=\"https:\/\/www.naturgartenfreude.de\/nisthilfen-wildbienen\/nisthilfen\/fehlerquellen\/\" target=\"_blank\" rel=\"noreferrer noopener\">\u00bb Sources of error when buil\u00adding insect nes\u00adt\u00ading aids<\/a><\/p>\n\n\n\n<p>Lovin\u00adg\u00adly hand\u00adcraf\u00adted, well thought-out, pret\u00adty nes\u00adt\u00ading aids are available <a href=\"https:\/\/www.wildbienenheim.de\/page6.html\" target=\"_blank\" rel=\"noreferrer noopener\">here<\/a> to acqui\u00adre.<\/p>\n\n\n\n<figure class=\"wp-block-image size-large\"><a href=\"https:\/\/www.wildbienenheim.de\/page6.html\" target=\"_blank\" rel=\"noopener\"><img loading=\"lazy\" decoding=\"async\" width=\"1024\" height=\"405\" src=\"https:\/\/bio-balkon.de\/wp-content\/uploads\/2021\/11\/nisthilfen-wildbiene-klaus-Faas-1024x405.avif\" alt=\"These insect nesting aids are practical, useful and attractive.\" class=\"wp-image-35166\" srcset=\"https:\/\/bio-balkon.de\/wp-content\/uploads\/2021\/11\/nisthilfen-wildbiene-klaus-Faas-1024x405.avif 1024w, https:\/\/bio-balkon.de\/wp-content\/uploads\/2021\/11\/nisthilfen-wildbiene-klaus-Faas-300x119.avif 300w, https:\/\/bio-balkon.de\/wp-content\/uploads\/2021\/11\/nisthilfen-wildbiene-klaus-Faas-768x304.avif 768w, https:\/\/bio-balkon.de\/wp-content\/uploads\/2021\/11\/nisthilfen-wildbiene-klaus-Faas-1536x607.avif 1536w, https:\/\/bio-balkon.de\/wp-content\/uploads\/2021\/11\/nisthilfen-wildbiene-klaus-Faas-scaled.avif 2048w, https:\/\/bio-balkon.de\/wp-content\/uploads\/2021\/11\/nisthilfen-wildbiene-klaus-Faas-18x7.avif 18w, https:\/\/bio-balkon.de\/wp-content\/uploads\/2021\/11\/nisthilfen-wildbiene-klaus-Faas-1320x522.avif 1320w\" sizes=\"auto, (max-width: 1024px) 100vw, 1024px\"><\/a><\/figure>\n\n\n\n<p>Natur\u00adki\u00adnos von flow\u00adbee: hand\u00adge\u00adfer\u00adtig\u00adte durch\u00addach\u00adte h\u00fcb\u00adsche Nist\u00adhil\u00adfen, auch als Bal\u00adkon\u00adre\u00adgal, gibt es <a href=\"https:\/\/www.flow-bee.de\/discount\/Bio-Balkon10\" target=\"_blank\" rel=\"noreferrer noopener\">here<\/a> zu erwer\u00adben (10 % Rabatt sind bereits abge\u00adzo\u00adgen, ansons\u00adten mit Gut\u00adschein-Code <strong>Orga\u00adnic balcony10<\/strong>).<\/p>\n\n\n\n<figure class=\"wp-block-image size-full\"><img loading=\"lazy\" decoding=\"async\" width=\"800\" height=\"800\" src=\"https:\/\/bio-balkon.de\/wp-content\/uploads\/2026\/01\/Insektennisthilfen-flowbee-Florian-Wester.avif\" alt=\"Insektennisthilfen flowbee Florian Wester\" class=\"wp-image-87324\" srcset=\"https:\/\/bio-balkon.de\/wp-content\/uploads\/2026\/01\/Insektennisthilfen-flowbee-Florian-Wester.avif 800w, https:\/\/bio-balkon.de\/wp-content\/uploads\/2026\/01\/Insektennisthilfen-flowbee-Florian-Wester-300x300.avif 300w, https:\/\/bio-balkon.de\/wp-content\/uploads\/2026\/01\/Insektennisthilfen-flowbee-Florian-Wester-150x150.avif 150w, https:\/\/bio-balkon.de\/wp-content\/uploads\/2026\/01\/Insektennisthilfen-flowbee-Florian-Wester-768x768.avif 768w, https:\/\/bio-balkon.de\/wp-content\/uploads\/2026\/01\/Insektennisthilfen-flowbee-Florian-Wester-12x12.avif 12w\" sizes=\"auto, (max-width: 800px) 100vw, 800px\"><\/figure>\n\n\n\n<p>Have fun with the plan\u00adning. Expe\u00adri\u00adence has shown that the tried and tes\u00adted <a href=\"https:\/\/bio-balkon.de\/en\/recommendations\/pflanzen\/\" target=\"_blank\" rel=\"noreferrer noopener\">Online pro\u00advi\u00adders<\/a> ear\u00adly orde\u00adring is an advan\u00adta\u00adge, other\u00adwi\u00adse the\u00adre is a risk of long wai\u00adting times befo\u00adre deli\u00advery. If you feel the ting\u00adling in your hands and want to watch plants grow \u2014 think of gro\u00adwing <a href=\"https:\/\/bio-balkon.de\/en\/growing-sprouts-and-microgreens-on-the-windowsill-all-year-round\/\">Micro\u00adgreens and sprouts<\/a> on the kit\u00adchen table and win\u00addows\u00adill. The appearance is cap\u00adti\u00advat\u00adingly beau\u00adtiful and fresh green, and the ingre\u00addi\u00adents are par\u00adti\u00adcu\u00adlar\u00adly good for us in the cold sea\u00adson. I have been orde\u00adring the best orga\u00adnic sprou\u00adting seeds and access\u00adories for years <a href=\"https:\/\/microgreen-shop.com\" target=\"_blank\" rel=\"noreferrer noopener nofollow\">hier beim Micro\u00adgreen-Shop<\/a> (First order with 10% dis\u00adcount with code <strong><strong>bio-bal\u00adkon\u00ad2026<\/strong><\/strong>).<\/p>\n\n\n\n<figure class=\"wp-block-image size-large\"><a href=\"https:\/\/bio-balkon.de\/en\/recommendations\/sprossen-microgreens\/\" target=\"_blank\" rel=\"noopener\"><img loading=\"lazy\" decoding=\"async\" width=\"1024\" height=\"379\" src=\"https:\/\/bio-balkon.de\/wp-content\/uploads\/2021\/12\/grow-grow-nut-microgreens-header_slider_webseite_1220-x-452-1024x379.avif\" alt=\"Keep an eye on the cultivation of sprouts and microgreens.\" class=\"wp-image-35785\" srcset=\"https:\/\/bio-balkon.de\/wp-content\/uploads\/2021\/12\/grow-grow-nut-microgreens-header_slider_webseite_1220-x-452-1024x379.avif 1024w, https:\/\/bio-balkon.de\/wp-content\/uploads\/2021\/12\/grow-grow-nut-microgreens-header_slider_webseite_1220-x-452-300x111.avif 300w, https:\/\/bio-balkon.de\/wp-content\/uploads\/2021\/12\/grow-grow-nut-microgreens-header_slider_webseite_1220-x-452-768x285.avif 768w, https:\/\/bio-balkon.de\/wp-content\/uploads\/2021\/12\/grow-grow-nut-microgreens-header_slider_webseite_1220-x-452-18x7.avif 18w, https:\/\/bio-balkon.de\/wp-content\/uploads\/2021\/12\/grow-grow-nut-microgreens-header_slider_webseite_1220-x-452.avif 1220w\" sizes=\"auto, (max-width: 1024px) 100vw, 1024px\"><\/a><figcaption class=\"wp-element-caption\">Pea greens on the left, red radis\u00adhes in the grow-grow groo\u00adve on the right.<\/figcaption><\/figure>\n\n\n\n<h2 class=\"wp-block-heading\">Order orga\u00adnic dah\u00adli\u00adas<\/h2>\n\n\n\n<figure class=\"wp-block-image size-full\"><img loading=\"lazy\" decoding=\"async\" width=\"820\" height=\"312\" src=\"https:\/\/bio-balkon.de\/wp-content\/uploads\/2024\/01\/ungefuellte-Dahlien.avif\" alt class=\"wp-image-64223\" srcset=\"https:\/\/bio-balkon.de\/wp-content\/uploads\/2024\/01\/ungefuellte-Dahlien.avif 820w, https:\/\/bio-balkon.de\/wp-content\/uploads\/2024\/01\/ungefuellte-Dahlien-300x114.avif 300w, https:\/\/bio-balkon.de\/wp-content\/uploads\/2024\/01\/ungefuellte-Dahlien-768x292.avif 768w, https:\/\/bio-balkon.de\/wp-content\/uploads\/2024\/01\/ungefuellte-Dahlien-18x7.avif 18w\" sizes=\"auto, (max-width: 820px) 100vw, 820px\"><\/figure>\n\n\n\n<p>Dah\u00adlia tubers in orga\u00adnic qua\u00adli\u00adty can be orde\u00adred from the smart Robert Heems\u00adkerk. The\u00adre is a lar\u00adge sel\u00adec\u00adtion useful for bees <a href=\"https:\/\/www.naturalbulbs.de\/shop\/kategorie\/sommer-sortiment-dahlien-geofnetes-herz-dahlien-153\" target=\"_blank\" rel=\"noreferrer noopener\">unfil\u00adled flowers with open heart<\/a>. Wer&nbsp;f\u00fcr min\u00addes\u00adtens 40 \u20ac bestellt, erh\u00e4lt&nbsp;<strong>5 \u20ac dis\u00adcount<\/strong>&nbsp;and as&nbsp;<strong>Bonus one tuber&nbsp;<\/strong>on top. The&nbsp;<strong>Dis\u00adcount code&nbsp;<strong>biobalkon26<\/strong><\/strong> ist bis 31.12.26 g\u00fcl\u00adtig. Der Ver\u00adsand f\u00fcr Dah\u00adli\u00aden\u00adknol\u00adlen beginnt ab Mit\u00adte M\u00e4rz bis Ende Mai zur rich\u00adti\u00adgen Pflanz\u00adzeit. Erst nach dem letz\u00adten Nacht\u00adfrost pflan\u00adzen oder ab M\u00e4rz in einem Gef\u00e4\u00df im Haus f\u00fcr fr\u00fc\u00adhe Bl\u00fc\u00adten ab Juni vor\u00adtrei\u00adben. Toll ist die lan\u00adge Bl\u00fc\u00adte\u00adzeit bis zum Frost, die Leucht\u00adkraft ist beson\u00adders, die Fotos zei\u00adgen es. Bei mir wach\u00adsen die nied\u00adri\u00adgen Sor\u00adten sogar auf dem Fens\u00adter\u00adbrett im 60 cm \u2013 Bal\u00adkon\u00adkas\u00adten mit Was\u00adser\u00adspei\u00adcher.<\/p>\n\n\n\n<h2 class=\"wp-block-heading\" id=\"was-hast-du-dir-fur-deinen-balkon-fur-februar-vorgenommen\">Keep your feet still, don\u2019t cut any\u00adthing down<\/h2>\n\n\n\n<figure class=\"wp-block-image size-large\"><img loading=\"lazy\" decoding=\"async\" width=\"1024\" height=\"768\" src=\"https:\/\/bio-balkon.de\/wp-content\/uploads\/2021\/11\/IMG_1046_samen_saatgut_lauch_china-lauch_sonnenaufgang_winterschutz-1024x768.avif\" alt=\"IMG_1046_seeds_leek_china_leek_sunrise_winter_protection\" class=\"wp-image-35204\" srcset=\"https:\/\/bio-balkon.de\/wp-content\/uploads\/2021\/11\/IMG_1046_samen_saatgut_lauch_china-lauch_sonnenaufgang_winterschutz-1024x768.avif 1024w, https:\/\/bio-balkon.de\/wp-content\/uploads\/2021\/11\/IMG_1046_samen_saatgut_lauch_china-lauch_sonnenaufgang_winterschutz-300x225.avif 300w, https:\/\/bio-balkon.de\/wp-content\/uploads\/2021\/11\/IMG_1046_samen_saatgut_lauch_china-lauch_sonnenaufgang_winterschutz-768x576.avif 768w, https:\/\/bio-balkon.de\/wp-content\/uploads\/2021\/11\/IMG_1046_samen_saatgut_lauch_china-lauch_sonnenaufgang_winterschutz-1536x1152.avif 1536w, https:\/\/bio-balkon.de\/wp-content\/uploads\/2021\/11\/IMG_1046_samen_saatgut_lauch_china-lauch_sonnenaufgang_winterschutz-scaled.avif 2048w, https:\/\/bio-balkon.de\/wp-content\/uploads\/2021\/11\/IMG_1046_samen_saatgut_lauch_china-lauch_sonnenaufgang_winterschutz-16x12.avif 16w, https:\/\/bio-balkon.de\/wp-content\/uploads\/2021\/11\/IMG_1046_samen_saatgut_lauch_china-lauch_sonnenaufgang_winterschutz-1320x990.avif 1320w\" sizes=\"auto, (max-width: 1024px) 100vw, 1024px\"><figcaption class=\"wp-element-caption\">Deco\u00adra\u00adti\u00adve seed heads of Chi\u00adne\u00adse leek<\/figcaption><\/figure>\n\n\n\n<p>As is the case throug\u00adhout the fall and win\u00adter, lea\u00adve dead stems stan\u00adding becau\u00adse they are important habi\u00adtats for insects. So keep your feet still and look for\u00adward to the sea\u00adson! Peo\u00adp\u00adle used to clean all their pots at this time of year. But that\u2019s not neces\u00adsa\u00adry, it was pro\u00adba\u00adb\u00adly main\u00adly to keep gar\u00adden\u00aders busy in win\u00adter. <\/p>\n\n\n\n<h2 class=\"wp-block-heading\">Har\u00adve\u00adst in Febru\u00adary<\/h2>\n\n\n\n<p>As the days get war\u00admer and lon\u00adger, you will noti\u00adce that the plants start to make a growth spurt. They can be har\u00adve\u00ads\u00adted towards the end of the month: In addi\u00adti\u00adon to leafy vege\u00adta\u00adbles such as Swiss chard, kale, spoon cab\u00adba\u00adge, win\u00adter cress, chop\u00adped gar\u00adlic, chop\u00adped cele\u00adry and Asi\u00adan salads, the frost-har\u00addy culina\u00adry herbs rose\u00adma\u00adry and sage can also be har\u00adve\u00ads\u00adted. If you have plan\u00adted Jeru\u00adsa\u00adlem articho\u00adkes, you can dig them up now and lea\u00adve a tuber in the pot for the next sea\u00adson. From our nati\u00adve wild plants sor\u00adrel, mug\u00adwort, <a href=\"https:\/\/bio-balkon.de\/en\/online-course-edible-wild-plants\/\">Dan\u00adde\u00adl\u00adion, gout\u00adweed and nett\u00adles<\/a> young shoot tips can be har\u00adve\u00ads\u00adted.<\/p>\n\n\n\n<h2 class=\"wp-block-heading\">Sources of sup\u00adp\u00adly<\/h2>\n\n\n\n<p><a href=\"https:\/\/bio-balkon.de\/en\/recommendations\/pflanzen\/\">Online orga\u00adnic plants<\/a><\/p>\n\n\n\n<p>Our <a href=\"https:\/\/www.google.com\/maps\/d\/edit?mid=1A7S4H38a12tB-DCEG-y_2_UQwFxMRyVH&amp;ll=49.76431896965475%2C10.38008677812498&amp;z=7\" target=\"_blank\" rel=\"noreferrer noopener\">Green card with non-toxic orga\u00adnic (pro\u00addu\u00adcing) nur\u00adse\u00adries<\/a> and orga\u00adnic bal\u00adco\u00adnies<\/p>\n\n\n\n<p><a href=\"https:\/\/bio-balkon.de\/en\/recommendations\/\" target=\"_blank\" rel=\"noreferrer noopener\">Dis\u00adcounts and recom\u00admen\u00adda\u00adti\u00adons for the orga\u00adnic bal\u00adc\u00ado\u00adny move\u00adment<\/a><\/p>\n\n\n\n<h2 class=\"wp-block-heading\" id=\"was-hast-du-dir-fur-deinen-balkon-fur-februar-vorgenommen\">Have fun! What have you plan\u00adned for your bal\u00adc\u00ado\u00adny in Febru\u00adary?<\/h2>","protected":false},"excerpt":{"rendered":"<p>Do you also have that ting\u00adling sen\u00adsa\u00adti\u00adon, that impa\u00adti\u00adence, the desi\u00adre to final\u00adly dig your hands in the soil again? Here you can read about what can be sown and plan\u00adted for the bal\u00adc\u00ado\u00adny in Febru\u00adary, what tasks need to be done and what can be har\u00adve\u00ads\u00adted. <\/p>","protected":false},"author":5,"featured_media":37672,"comment_status":"open","ping_status":"open","sticky":false,"template":"","format":"standard","meta":{"_acf_changed":false,"wp_typography_post_enhancements_disabled":false,"footnotes":""},"categories":[1],"tags":[],"class_list":["post-19690","post","type-post","status-publish","format-standard","has-post-thumbnail","hentry","category-uncategorized"],"acf":[],"_links":{"self":[{"href":"https:\/\/bio-balkon.de\/en\/wp-json\/wp\/v2\/posts\/19690","targetHints":{"allow":["GET"]}}],"collection":[{"href":"https:\/\/bio-balkon.de\/en\/wp-json\/wp\/v2\/posts"}],"about":[{"href":"https:\/\/bio-balkon.de\/en\/wp-json\/wp\/v2\/types\/post"}],"author":[{"embeddable":true,"href":"https:\/\/bio-balkon.de\/en\/wp-json\/wp\/v2\/users\/5"}],"replies":[{"embeddable":true,"href":"https:\/\/bio-balkon.de\/en\/wp-json\/wp\/v2\/comments?post=19690"}],"version-history":[{"count":3,"href":"https:\/\/bio-balkon.de\/en\/wp-json\/wp\/v2\/posts\/19690\/revisions"}],"predecessor-version":[{"id":87781,"href":"https:\/\/bio-balkon.de\/en\/wp-json\/wp\/v2\/posts\/19690\/revisions\/87781"}],"wp:featuredmedia":[{"embeddable":true,"href":"https:\/\/bio-balkon.de\/en\/wp-json\/wp\/v2\/media\/37672"}],"wp:attachment":[{"href":"https:\/\/bio-balkon.de\/en\/wp-json\/wp\/v2\/media?parent=19690"}],"wp:term":[{"taxonomy":"category","embeddable":true,"href":"https:\/\/bio-balkon.de\/en\/wp-json\/wp\/v2\/categories?post=19690"},{"taxonomy":"post_tag","embeddable":true,"href":"https:\/\/bio-balkon.de\/en\/wp-json\/wp\/v2\/tags?post=19690"}],"curies":[{"name":"wp","href":"https:\/\/api.w.org\/{rel}","templated":true}]}}