{"id":1564,"date":"2017-07-17T11:24:52","date_gmt":"2017-07-17T09:24:52","guid":{"rendered":"https:\/\/bio-balkon.de\/?p=1564"},"modified":"2023-07-28T20:56:53","modified_gmt":"2023-07-28T18:56:53","slug":"lust-auf-aepfel-vom-balkon","status":"publish","type":"post","link":"https:\/\/bio-balkon.de\/en\/lust-auf-aepfel-vom-balkon\/","title":{"rendered":"Fan\u00adcy app\u00adles from the bal\u00adc\u00ado\u00adny?"},"content":{"rendered":"<div data-elementor-type=\"wp-post\" data-elementor-id=\"1564\" class=\"elementor elementor-1564\" data-elementor-post-type=\"post\">\n\t\t\t\t\t\t<section class=\"elementor-section elementor-top-section elementor-element elementor-element-612fbce elementor-section-boxed elementor-section-height-default elementor-section-height-default\" data-id=\"612fbce\" data-element_type=\"section\" data-e-type=\"section\">\n\t\t\t\t\t\t<div class=\"elementor-container elementor-column-gap-default\">\n\t\t\t\t\t<div class=\"elementor-column elementor-col-100 elementor-top-column elementor-element elementor-element-66f12f3b\" data-id=\"66f12f3b\" data-element_type=\"column\" data-e-type=\"column\">\n\t\t\t<div class=\"elementor-widget-wrap elementor-element-populated\">\n\t\t\t\t\t\t<div class=\"elementor-element elementor-element-6bd4e166 elementor-widget elementor-widget-text-editor\" data-id=\"6bd4e166\" data-element_type=\"widget\" data-e-type=\"widget\" data-widget_type=\"text-editor.default\">\n\t\t\t\t\t\t\t\t\t<p><\/p>\n<p>Heu\u00adte will ich Lust machen auf \u00c4pfel vom Bal\u00adkon \u2013 gesund, super schmack\u00adhaft, pfle\u00adge\u00adleicht, wun\u00adder\u00adsch\u00f6n. Die Vor\u00adstel\u00adlung ist ver\u00adlo\u00adckend, \u00c4pfel direkt vom Baum zu pfl\u00fc\u00adcken und gen\u00fcss\u00adlich zu ver\u00adspei\u00adsen. Der Anbau ist gar nicht so schwer. Die gekauf\u00adten B\u00e4um\u00adchen bl\u00fc\u00adhen und tra\u00adgen meist schon im zwei\u00adten Jahr. Sie brau\u00adchen nahr\u00adhaf\u00adte Erde: Eine torf\u00adfreie Bio-Gem\u00fc\u00adse\u00ader\u00adde ist pri\u00adma. Dazu einen son\u00adni\u00adgen bis halb\u00adschat\u00adti\u00adgen Stand\u00adort. Im Fr\u00fch\u00adjahr jeweils d\u00fcn\u00adgen.<\/p>\n<p><\/p>\n<div class=\"wp-block-image\">\n<figure class=\"aligncenter size-large\"><img loading=\"lazy\" decoding=\"async\" width=\"1024\" height=\"768\" class=\"wp-image-14505\" src=\"https:\/\/bio-balkon.de\/wp-content\/uploads\/2017\/07\/P1100959-Apfel-9.8.17-1024x768.avif\" alt=\"Wie sch\u00f6ne diese \u00c4pfel vom Balkon leuchten.\" srcset=\"https:\/\/bio-balkon.de\/wp-content\/uploads\/2017\/07\/P1100959-Apfel-9.8.17-1024x768.avif 1024w, https:\/\/bio-balkon.de\/wp-content\/uploads\/2017\/07\/P1100959-Apfel-9.8.17-300x225.avif 300w, https:\/\/bio-balkon.de\/wp-content\/uploads\/2017\/07\/P1100959-Apfel-9.8.17-768x576.avif 768w, https:\/\/bio-balkon.de\/wp-content\/uploads\/2017\/07\/P1100959-Apfel-9.8.17-1536x1152.avif 1536w, https:\/\/bio-balkon.de\/wp-content\/uploads\/2017\/07\/P1100959-Apfel-9.8.17-scaled.avif 2048w, https:\/\/bio-balkon.de\/wp-content\/uploads\/2017\/07\/P1100959-Apfel-9.8.17-16x12.avif 16w, https:\/\/bio-balkon.de\/wp-content\/uploads\/2017\/07\/P1100959-Apfel-9.8.17-1320x990.avif 1320w\" sizes=\"auto, (max-width: 1024px) 100vw, 1024px\"><\/figure>\n<\/div>\n<p><\/p>\n<div class=\"wp-block-image\">\n<figure class=\"aligncenter size-large\"><img loading=\"lazy\" decoding=\"async\" width=\"1024\" height=\"768\" class=\"wp-image-10452\" src=\"https:\/\/bio-balkon.de\/wp-content\/uploads\/2020\/07\/P1120168-apfel-Bioapfel-super-19.8.17-1024x768.avif\" alt=\"\u00c4pfel vom Balkon - hier richtige Bio-\u00c4pfel.\" srcset=\"https:\/\/bio-balkon.de\/wp-content\/uploads\/2020\/07\/P1120168-apfel-Bioapfel-super-19.8.17-1024x768.avif 1024w, https:\/\/bio-balkon.de\/wp-content\/uploads\/2020\/07\/P1120168-apfel-Bioapfel-super-19.8.17-300x225.avif 300w, https:\/\/bio-balkon.de\/wp-content\/uploads\/2020\/07\/P1120168-apfel-Bioapfel-super-19.8.17-768x576.avif 768w, https:\/\/bio-balkon.de\/wp-content\/uploads\/2020\/07\/P1120168-apfel-Bioapfel-super-19.8.17-1536x1152.avif 1536w, https:\/\/bio-balkon.de\/wp-content\/uploads\/2020\/07\/P1120168-apfel-Bioapfel-super-19.8.17-16x12.avif 16w, https:\/\/bio-balkon.de\/wp-content\/uploads\/2020\/07\/P1120168-apfel-Bioapfel-super-19.8.17-1320x990.avif 1320w, https:\/\/bio-balkon.de\/wp-content\/uploads\/2020\/07\/P1120168-apfel-Bioapfel-super-19.8.17.avif 1920w\" sizes=\"auto, (max-width: 1024px) 100vw, 1024px\"><\/figure>\n<\/div>\n<p><\/p>\n<div class=\"wp-block-image\">\n<figure class=\"aligncenter size-large\"><img decoding=\"async\" class=\"wp-image-11593\" src=\"https:\/\/bio-balkon.de\/wp-content\/uploads\/2020\/09\/IMG_3777-apfel-ku\u0308rbis-spaghetti-ernte-1024x768.jpg\" alt>\n<p>&nbsp;<\/p>\n<figcaption>Auf jeden Bal\u00adkon geh\u00f6rt ein Apfel\u00adbaum.<\/figcaption>\n<\/figure>\n<\/div>\n<p><\/p>\n<h2 class=\"wp-block-heading\">S\u00e4u\u00adlen\u00adobst ein\u00adfach schnei\u00adden<\/h2>\n<p><\/p>\n<p>Das Beschnei\u00adden ist ein\u00adfach. Bei S\u00e4u\u00adlen\u00ad\u00e4p\u00adfeln emp\u00adfiehlt sich die Zeit von Mit\u00adte bis Ende Juni und Ende Febru\u00adar. Eigent\u00adlich muss aber kei\u00adne spe\u00adzi\u00adel\u00adle Jah\u00adres\u00adzeit abge\u00adwar\u00adtet wer\u00adden. Die \u00c4pfel\u00adb\u00e4um\u00adchen sol\u00adlen schlank und auf\u00adrecht wach\u00adsen. Die lan\u00adgen abste\u00adhen\u00adden Trie\u00adbe (Sei\u00adten\u00adtrie\u00adbe oder Sei\u00adten\u00adver\u00adzwei\u00adgung genannt), die stark und auf\u00adf\u00e4l\u00adlig vom Stamm abste\u00adhen, wer\u00adden ein\u00adfach gek\u00fcrzt. Maxi\u00admal 10\u201315 cm ste\u00adhen las\u00adsen \u2013 zwei bis drei Augen vom Sei\u00adten\u00adtrieb. Oder nur den Haupt\u00adtrieb ste\u00adhen las\u00adsen. So wird ver\u00adhin\u00addert, dass die Apfel\u00adb\u00e4um\u00adchen unn\u00f6\u00adtig viel Ener\u00adgie und N\u00e4hr\u00adstof\u00adfe in die Trie\u00adbe inves\u00adtie\u00adren. Wird der Baum zu gro\u00df, wird die Spit\u00adze gekappt. Dar\u00adauf reagie\u00adren aller\u00addings die B\u00e4u\u00adme mit star\u00adkem Neu\u00adaus\u00adtrieb.<\/p>\n<p><\/p>\n<p>Bei eini\u00adgen Apfel\u00adsor\u00adten wie <a href=\"https:\/\/biogartenversand.de\/saeulenapfelrondo\/produkt\" target=\"_blank\" rel=\"noopener\">Ron\u00addo<\/a>, Arbat, Red River und Gol\u00adden Gate ist der S\u00e4u\u00adlen\u00adcha\u00adrak\u00adter gene\u00adtisch ver\u00adan\u00adlagt. Das bedeu\u00adtet sehr wenig Schnitt\u00adauf\u00adwand.<\/p>\n<p><\/p>\n<p>Rich\u00adti\u00adge S\u00e4u\u00adlen\u00adb\u00e4u\u00adme gibt es nur bei \u00c4pfeln. S\u00e4u\u00adlen\u00adapri\u00adko\u00adsen, S\u00e4u\u00adlenzwetsch\u00adgen, S\u00e4u\u00adlen\u00adkir\u00adschen usw. sind rei\u00adne Umsatz\u00adbrin\u00adger f\u00fcr die H\u00e4nd\u00adler. Sie sehen im Kata\u00adlog oder Bau\u00admarkt h\u00fcbsch aus, brin\u00adgen aber wenig Ertrag. Nur bei den \u00c4pfeln gibt es Sor\u00adten, bei denen der S\u00e4u\u00adlen\u00adwuchs gene\u00adtisch ver\u00adan\u00adlagt ist. Bei die\u00adsen w\u00e4chst das Frucht\u00adholz direkt am gera\u00adden Stamm. Alle ande\u00adren Obst\u00adar\u00adten und \u201enor\u00adma\u00adle\u201c Apfel\u00adb\u00e4u\u00adme ben\u00f6\u00adti\u00adgen Sei\u00adten\u00ad\u00e4s\u00adte, um dort das Frucht\u00adholz zu bil\u00adden.&nbsp;Wird S\u00e4u\u00adlen\u00adobst mit aus dem Super\u00admarkt bekann\u00adten Namen ange\u00adbo\u00adten, ist das nicht kor\u00adrekt. Es ist viel Schnitt\u00adar\u00adbeit erfor\u00adder\u00adlich.<\/p>\n<p><\/p>\n<h2 class=\"wp-block-heading\">Die Baum\u00adbl\u00fc\u00adte im April\/Mai ist doch so eine Freu\u00adde<\/h2>\n<p><\/p>\n<p>Wuss\u00adtest Du, dass man die jun\u00adgen Bl\u00e4t\u00adter von unse\u00adren Obst\u00adb\u00e4u\u00admen essen kann?<\/p>\n<p><\/p>\n<figure class=\"wp-block-gallery aligncenter columns-3 is-cropped wp-block-gallery-4 is-layout-flex wp-block-gallery-is-layout-flex\">\n<ul class=\"blocks-gallery-grid\">\n<li class=\"blocks-gallery-item\">\n<figure><img loading=\"lazy\" decoding=\"async\" width=\"1024\" height=\"768\" class=\"wp-image-14544\" src=\"https:\/\/bio-balkon.de\/wp-content\/uploads\/2017\/07\/P1700144-apfel-beginnt-1024x768.avif\" alt data-id=\"14544\" data-link=\"https:\/\/bio-balkon.de\/lust-auf-aepfel-vom-balkon\/p1700144-apfel-beginnt\/\" srcset=\"https:\/\/bio-balkon.de\/wp-content\/uploads\/2017\/07\/P1700144-apfel-beginnt-1024x768.avif 1024w, https:\/\/bio-balkon.de\/wp-content\/uploads\/2017\/07\/P1700144-apfel-beginnt-300x225.avif 300w, https:\/\/bio-balkon.de\/wp-content\/uploads\/2017\/07\/P1700144-apfel-beginnt-768x576.avif 768w, https:\/\/bio-balkon.de\/wp-content\/uploads\/2017\/07\/P1700144-apfel-beginnt-1536x1152.avif 1536w, https:\/\/bio-balkon.de\/wp-content\/uploads\/2017\/07\/P1700144-apfel-beginnt-scaled.avif 2048w, https:\/\/bio-balkon.de\/wp-content\/uploads\/2017\/07\/P1700144-apfel-beginnt-16x12.avif 16w, https:\/\/bio-balkon.de\/wp-content\/uploads\/2017\/07\/P1700144-apfel-beginnt-1320x990.avif 1320w\" sizes=\"auto, (max-width: 1024px) 100vw, 1024px\"><\/figure>\n<\/li>\n<li class=\"blocks-gallery-item\">\n<figure><img decoding=\"async\" class=\"wp-image-14545\" src=\"https:\/\/bio-balkon.de\/wp-content\/uploads\/2017\/07\/P1700665-apfel-baumblu\u0308te-super-768x1024.jpg\" alt data-id=\"14545\" data-link=\"https:\/\/bio-balkon.de\/lust-auf-aepfel-vom-balkon\/p1700665-apfel-baumblu%cc%88te-super\/\"><\/figure>\n<\/li>\n<li class=\"blocks-gallery-item\">\n<figure><img loading=\"lazy\" decoding=\"async\" width=\"800\" height=\"600\" class=\"wp-image-14502\" src=\"https:\/\/bio-balkon.de\/wp-content\/uploads\/2017\/07\/Apfel-50.Geb_.avif\" alt data-id=\"14502\" data-link=\"https:\/\/bio-balkon.de\/lust-auf-aepfel-vom-balkon\/apfel-50-geb-2\/\" srcset=\"https:\/\/bio-balkon.de\/wp-content\/uploads\/2017\/07\/Apfel-50.Geb_.avif 800w, https:\/\/bio-balkon.de\/wp-content\/uploads\/2017\/07\/Apfel-50.Geb_-300x225.avif 300w, https:\/\/bio-balkon.de\/wp-content\/uploads\/2017\/07\/Apfel-50.Geb_-768x576.avif 768w, https:\/\/bio-balkon.de\/wp-content\/uploads\/2017\/07\/Apfel-50.Geb_-16x12.avif 16w\" sizes=\"auto, (max-width: 800px) 100vw, 800px\"><\/figure>\n<\/li>\n<li class=\"blocks-gallery-item\">\n<figure><img decoding=\"async\" class=\"wp-image-14547\" src=\"https:\/\/bio-balkon.de\/wp-content\/uploads\/2017\/07\/P1700729-apfel-baumblu\u0308te-768x1024.jpg\" alt data-id=\"14547\" data-link=\"https:\/\/bio-balkon.de\/lust-auf-aepfel-vom-balkon\/p1700729-apfel-baumblu%cc%88te\/\"><\/figure>\n<\/li>\n<li class=\"blocks-gallery-item\">\n<figure><img decoding=\"async\" class=\"wp-image-14546\" src=\"https:\/\/bio-balkon.de\/wp-content\/uploads\/2017\/07\/P1700725-apfel-baumblu\u0308te-super-1024x768.jpg\" alt data-id=\"14546\" data-link=\"https:\/\/bio-balkon.de\/lust-auf-aepfel-vom-balkon\/p1700725-apfel-baumblu%cc%88te-super\/\"><\/figure>\n<\/li>\n<li class=\"blocks-gallery-item\">\n<figure><img decoding=\"async\" class=\"wp-image-14549\" src=\"https:\/\/bio-balkon.de\/wp-content\/uploads\/2020\/11\/P1710490-baumblu\u0308te-apfel-amsel-beschn-774x1024.jpg\" alt data-id=\"14549\" data-full-url=\"https:\/\/bio-balkon.de\/wp-content\/uploads\/2020\/11\/P1710490-baumblu\u0308te-apfel-amsel-beschn-scaled.jpg\" data-link=\"https:\/\/bio-balkon.de\/lust-auf-aepfel-vom-balkon\/p1710490-baumblu%cc%88te-apfel-amsel-beschn\/\"><\/figure>\n<\/li>\n<\/ul>\n<\/figure>\n<p><\/p>\n<h2 class=\"wp-block-heading\">Die Bl\u00fc\u00adten brin\u00adgen viel Nek\u00adtar f\u00fcr Honig- und Wild\u00adbie\u00adnen<\/h2>\n<p><\/p>\n<p>Wir k\u00f6n\u00adnen es beob\u00adach\u00adten. Das Pflan\u00adzen\u00adle\u00adxi\u00adkon vom&nbsp;<a href=\"https:\/\/www.bmel.de\/SharedDocs\/Downloads\/DE\/Broschueren\/BienenfreundlichePflanzen.pdf?__blob=publicationFile&amp;v=15\" target=\"_blank\" rel=\"noreferrer noopener\">BMEL<\/a>&nbsp;best\u00e4\u00adtigt es.<\/p>\n<p><\/p>\n<figure class=\"wp-block-gallery columns-3 is-cropped wp-block-gallery-5 is-layout-flex wp-block-gallery-is-layout-flex\">\n<ul class=\"blocks-gallery-grid\">\n<li class=\"blocks-gallery-item\">\n<figure><img loading=\"lazy\" decoding=\"async\" width=\"1024\" height=\"768\" class=\"wp-image-14569\" src=\"https:\/\/bio-balkon.de\/wp-content\/uploads\/2017\/07\/P1530549-biene-apfel-super-1024x768.avif\" alt data-id=\"14569\" data-full-url=\"https:\/\/bio-balkon.de\/wp-content\/uploads\/2017\/07\/P1530549-biene-apfel-super-scaled.avif\" data-link=\"https:\/\/bio-balkon.de\/lust-auf-aepfel-vom-balkon\/p1530549-biene-apfel-super\/\" srcset=\"https:\/\/bio-balkon.de\/wp-content\/uploads\/2017\/07\/P1530549-biene-apfel-super-1024x768.avif 1024w, https:\/\/bio-balkon.de\/wp-content\/uploads\/2017\/07\/P1530549-biene-apfel-super-300x225.avif 300w, https:\/\/bio-balkon.de\/wp-content\/uploads\/2017\/07\/P1530549-biene-apfel-super-768x576.avif 768w, https:\/\/bio-balkon.de\/wp-content\/uploads\/2017\/07\/P1530549-biene-apfel-super-1536x1152.avif 1536w, https:\/\/bio-balkon.de\/wp-content\/uploads\/2017\/07\/P1530549-biene-apfel-super-scaled.avif 2048w, https:\/\/bio-balkon.de\/wp-content\/uploads\/2017\/07\/P1530549-biene-apfel-super-16x12.avif 16w, https:\/\/bio-balkon.de\/wp-content\/uploads\/2017\/07\/P1530549-biene-apfel-super-1320x990.avif 1320w\" sizes=\"auto, (max-width: 1024px) 100vw, 1024px\"><\/figure>\n<\/li>\n<li class=\"blocks-gallery-item\">\n<figure><img loading=\"lazy\" decoding=\"async\" width=\"1024\" height=\"768\" class=\"wp-image-14570\" src=\"https:\/\/bio-balkon.de\/wp-content\/uploads\/2017\/07\/P1520864-apfel-biene-ostern-1024x768.avif\" alt data-id=\"14570\" data-full-url=\"https:\/\/bio-balkon.de\/wp-content\/uploads\/2017\/07\/P1520864-apfel-biene-ostern-scaled.avif\" data-link=\"https:\/\/bio-balkon.de\/lust-auf-aepfel-vom-balkon\/p1520864-apfel-biene-ostern\/\" srcset=\"https:\/\/bio-balkon.de\/wp-content\/uploads\/2017\/07\/P1520864-apfel-biene-ostern-1024x768.avif 1024w, https:\/\/bio-balkon.de\/wp-content\/uploads\/2017\/07\/P1520864-apfel-biene-ostern-300x225.avif 300w, https:\/\/bio-balkon.de\/wp-content\/uploads\/2017\/07\/P1520864-apfel-biene-ostern-768x576.avif 768w, https:\/\/bio-balkon.de\/wp-content\/uploads\/2017\/07\/P1520864-apfel-biene-ostern-1536x1152.avif 1536w, https:\/\/bio-balkon.de\/wp-content\/uploads\/2017\/07\/P1520864-apfel-biene-ostern-scaled.avif 2048w, https:\/\/bio-balkon.de\/wp-content\/uploads\/2017\/07\/P1520864-apfel-biene-ostern-16x12.avif 16w, https:\/\/bio-balkon.de\/wp-content\/uploads\/2017\/07\/P1520864-apfel-biene-ostern-1320x990.avif 1320w\" sizes=\"auto, (max-width: 1024px) 100vw, 1024px\"><\/figure>\n<\/li>\n<li class=\"blocks-gallery-item\">\n<figure><img decoding=\"async\" class=\"wp-image-14566\" src=\"https:\/\/bio-balkon.de\/wp-content\/uploads\/2017\/07\/P1730642-apfel-gru\u0308nfink-super-768x1024.jpg\" alt data-id=\"14566\" data-full-url=\"https:\/\/bio-balkon.de\/wp-content\/uploads\/2017\/07\/P1730642-apfel-gru\u0308nfink-super-scaled.jpg\" data-link=\"https:\/\/bio-balkon.de\/lust-auf-aepfel-vom-balkon\/p1730642-apfel-gru%cc%88nfink-super\/\"><\/figure>\n<\/li>\n<li class=\"blocks-gallery-item\">\n<figure><img decoding=\"async\" class=\"wp-image-14571\" src=\"https:\/\/bio-balkon.de\/wp-content\/uploads\/2017\/07\/P1580010-apfel-blu\u0308te-mauerbiene-biene-super-1024x768.jpg\" alt data-id=\"14571\" data-full-url=\"https:\/\/bio-balkon.de\/wp-content\/uploads\/2017\/07\/P1580010-apfel-blu\u0308te-mauerbiene-biene-super-scaled.jpg\" data-link=\"https:\/\/bio-balkon.de\/lust-auf-aepfel-vom-balkon\/p1580010-apfel-blu%cc%88te-mauerbiene-biene-super\/\"><\/figure>\n<\/li>\n<li class=\"blocks-gallery-item\">\n<figure><img decoding=\"async\" class=\"wp-image-14573\" src=\"https:\/\/bio-balkon.de\/wp-content\/uploads\/2017\/07\/P1590155-apfel-blu\u0308ht-biene-super-1024x768.jpg\" alt data-id=\"14573\" data-full-url=\"https:\/\/bio-balkon.de\/wp-content\/uploads\/2017\/07\/P1590155-apfel-blu\u0308ht-biene-super-scaled.jpg\" data-link=\"https:\/\/bio-balkon.de\/lust-auf-aepfel-vom-balkon\/p1590155-apfel-blu%cc%88ht-biene-super\/\"><\/figure>\n<\/li>\n<li class=\"blocks-gallery-item\">\n<figure><img decoding=\"async\" class=\"wp-image-14574\" src=\"https:\/\/bio-balkon.de\/wp-content\/uploads\/2017\/07\/P1590164-apfel-blu\u0308ht-biene-aronia-super-1024x768.jpg\" alt data-id=\"14574\" data-full-url=\"https:\/\/bio-balkon.de\/wp-content\/uploads\/2017\/07\/P1590164-apfel-blu\u0308ht-biene-aronia-super-scaled.jpg\" data-link=\"https:\/\/bio-balkon.de\/lust-auf-aepfel-vom-balkon\/p1590164-apfel-blu%cc%88ht-biene-aronia-super\/\"><\/figure>\n<\/li>\n<\/ul>\n<\/figure>\n<p><\/p>\n<h2 class=\"wp-block-heading\">Braucht man zwei B\u00e4um\u00adchen?<\/h2>\n<p><\/p>\n<p>Apfel\u00adb\u00e4u\u00adme sind selbst unfrucht\u00adbar, das hei\u00dft, sie k\u00f6n\u00adnen sich nicht selbst befruch\u00adten. Die Befruch\u00adtung funk\u00adtio\u00adniert nur zwi\u00adschen zwei ver\u00adschie\u00adde\u00adnen Apfel\u00adsor\u00adten. Hast Du eine Klein\u00adgar\u00adten\u00adan\u00adla\u00adge, ande\u00adre Bal\u00adko\u00adne mit Apfel\u00adb\u00e4u\u00admen in der N\u00e4he, dann klappt eine Befruch\u00adtung in der Regel immer, weil sich die Bie\u00adnen \u00fcppig mit Pol\u00adlen bela\u00adden und die\u00adse Pol\u00adlen auch auf den Bal\u00adkon tra\u00adgen.<\/p>\n<p><\/p>\n<h2 class=\"wp-block-heading\">Juni\u00adfall<\/h2>\n<p><\/p>\n<p>So trumpf\u00adte im Mai 2020 einer mei\u00adner S\u00e4u\u00adlen\u00adap\u00adfel\u00adb\u00e4u\u00adme auf. Nat\u00fcr\u00adlich wer\u00adden nicht alle \u00c4pfel rei\u00adfen. Sie fal\u00adlen ab (soge\u00adnann\u00adter Juni\u00adfall) oder ich d\u00fcn\u00adne per Hand aus. Wer Apfel\u00adb\u00e4u\u00adme auf sei\u00adnem Bal\u00adkon gepflanzt hat, bit\u00adte nicht wun\u00addern: Die Natur regelt es so, dass im Juni die \u00c4pfel abfal\u00adlen, die der Baum nicht ern\u00e4h\u00adren kann. Regelt es nicht die Natur, dann soll\u00adten wir Fr\u00fcch\u00adte ent\u00adneh\u00admen. Der Baum w\u00fcr\u00adde es nicht schaf\u00adfen, alle Fr\u00fcch\u00adte zu n\u00e4h\u00adren. Durch Hand\u00adent\u00adnah\u00adme k\u00f6n\u00adnen wir auch die Gr\u00f6\u00ad\u00dfe der Fr\u00fcch\u00adte beein\u00adflus\u00adsen.<\/p>\n<p><\/p>\n<div class=\"wp-block-image\">\n<figure class=\"aligncenter size-large\"><img decoding=\"async\" class=\"wp-image-14585\" src=\"https:\/\/bio-balkon.de\/wp-content\/uploads\/2017\/07\/P1750068-junge-a\u0308pfel-apfel-bienenbaum-super-1-scaled-e1604915428140-1024x802.jpg\" alt=\"Bei \u00c4pfel vom Balkon kommt auch der sogenannte Junifall zum Tragen. Die B\u00e4ume schmei\u00dften die Fr\u00fcchte ab, die sie nicht ern\u00e4hren k\u00f6nnen.\"><\/figure>\n<\/div>\n<p><\/p>\n<h2 class=\"wp-block-heading\">\u00c4pfel aus\u00add\u00fcn\u00adnen<img loading=\"lazy\" decoding=\"async\" class=\"d\" src=\"https:\/\/ts-svc.inxserver.com\/transparent.gif\" alt width=\"1\" height=\"1\" align=\"top\" border=\"0\" hspace=\"0\" vspace=\"0\"><\/h2>\n<p>Im Juni k\u00f6nn\u00adte die Frucht\u00adzahl pro Baum noch regu\u00adliert wer\u00adden. Wenn der soge\u00adnann\u00adte Juni\u00adfall abge\u00adschlos\u00adsen ist, was der Baum allein regelt, kann beim Apfel noch mit der Hand aus\u00adge\u00add\u00fcnnt wer\u00adden. Das hei\u00dft, bei Sor\u00adten mit zu hohem Frucht\u00adan\u00adsatz wer\u00adden \u00fcber\u00adsch\u00fcs\u00adsi\u00adge Fr\u00fcch\u00adte von Hand ent\u00adfernt. Je fr\u00fc\u00adher die\u00adses manu\u00adel\u00adle Aus\u00add\u00fcn\u00adnen geschieht, des\u00adto g\u00fcns\u00adti\u00adger ist es f\u00fcr die Bl\u00fc\u00adten\u00adbil\u00addung im n\u00e4chs\u00adten Jahr. \u00c4pfel soll\u00adten so ver\u00adein\u00adzelt wer\u00adden, dass pro Frucht\u00adstand bei klein\u00adfr\u00fcch\u00adti\u00adgen Sor\u00adten eine Frucht und bei gro\u00df\u00adfr\u00fcch\u00adti\u00adgen Sor\u00adten zwei Fr\u00fcch\u00adte ver\u00adblei\u00adben. Durch die\u00adse Ma\u00df\u00adnah\u00adme k\u00f6n\u00adnen besch\u00e4\u00addig\u00adte und ung\u00fcns\u00adti\u00adge Fr\u00fcch\u00adte direkt ent\u00adfernt wer\u00adden. Wenn zu vie\u00adle Fr\u00fcch\u00adte am S\u00e4u\u00adlen\u00adap\u00adfel h\u00e4n\u00adgen, wer\u00adden sie klei\u00adner blei\u00adben, weni\u00adger geschmack\u00advoll sein und sie fal\u00adlen zu fr\u00fch ab. Oder der Ast rei\u00dft ab, weil er das Gewicht der \u00c4pfel nicht hal\u00adten kann, wie es mir hier pas\u00adsiert ist. Neun \u00c4pfel an einem Zweig haben einen Sturm nicht \u00fcber\u00adstan\u00adden. Aber sie waren reif genug, dass ich sie essen konn\u00adte.<\/p>\n<p><img loading=\"lazy\" decoding=\"async\" class=\"alignnone wp-image-59009 size-large\" src=\"https:\/\/bio-balkon.de\/wp-content\/uploads\/2023\/07\/Apfel-Junifall-IMG_8096-1024x768.avif\" alt=\"Neun \u00c4pfel an einem Zweig waren zu viel. Ich h\u00e4tte mit der Hand ausd\u00fcnnen m\u00fcssen.\" width=\"800\" height=\"600\" srcset=\"https:\/\/bio-balkon.de\/wp-content\/uploads\/2023\/07\/Apfel-Junifall-IMG_8096-1024x768.avif 1024w, https:\/\/bio-balkon.de\/wp-content\/uploads\/2023\/07\/Apfel-Junifall-IMG_8096-300x225.avif 300w, https:\/\/bio-balkon.de\/wp-content\/uploads\/2023\/07\/Apfel-Junifall-IMG_8096-768x576.avif 768w, https:\/\/bio-balkon.de\/wp-content\/uploads\/2023\/07\/Apfel-Junifall-IMG_8096-1536x1152.avif 1536w, https:\/\/bio-balkon.de\/wp-content\/uploads\/2023\/07\/Apfel-Junifall-IMG_8096-scaled.avif 2048w, https:\/\/bio-balkon.de\/wp-content\/uploads\/2023\/07\/Apfel-Junifall-IMG_8096-16x12.avif 16w, https:\/\/bio-balkon.de\/wp-content\/uploads\/2023\/07\/Apfel-Junifall-IMG_8096-1320x990.avif 1320w\" sizes=\"auto, (max-width: 800px) 100vw, 800px\"><\/p>\n<h2>Juni\u00adriss<\/h2>\n<p>Im Juni soll\u00adten krau\u00adti\u00adge Trie\u00adbe, die f\u00fcr den Baum\u00adauf\u00adbau nicht ben\u00f6\u00adtigt wer\u00adden oder an ung\u00fcns\u00adti\u00adgen Posi\u00adtio\u00adnen ste\u00adhen, weg\u00adge\u00adris\u00adsen wer\u00adden. Rei\u00ad\u00dfen geht schnel\u00adler als Schnei\u00adden, zudem f\u00f6r\u00addert es die Wund\u00adhei\u00adlung und redu\u00adziert den Neu\u00adaus\u00adtrieb im n\u00e4chs\u00adten Jahr. Ins\u00adbe\u00adson\u00adde\u00adre Kon\u00adkur\u00adrenz\u00adtrie\u00adbe an Leit\u00ad\u00e4s\u00adten und Stamm\u00adver\u00adl\u00e4n\u00adge\u00adrung im Spit\u00adzen\u00adbe\u00adreich k\u00f6n\u00adnen so recht\u00adzei\u00adtig und mit wenig Auf\u00adwand ent\u00adfernt wer\u00adden. Ein\u00adfach im Juni dran den\u00adken, den S\u00e4u\u00adlen\u00adap\u00adfel betrach\u00adten und sp\u00fc\u00adren, ob etwas st\u00f6rt und weg\u00adge\u00adris\u00adsen wer\u00adden soll\u00adte.<\/p>\n<figure id=\"attachment_31455\" aria-describedby=\"caption-attachment-31455\" style=\"width: 800px\" class=\"wp-caption alignnone\"><img loading=\"lazy\" decoding=\"async\" class=\"wp-image-31455 size-large\" src=\"https:\/\/bio-balkon.de\/wp-content\/uploads\/2021\/07\/IMG_4403-sauelenobst-apfel-schneiden-1024x768.avif\" alt=\"Im Juni ist Zeit, die S\u00e4uelenobst-Apfelb\u00e4ume zu schneiden.\" width=\"800\" height=\"600\" srcset=\"https:\/\/bio-balkon.de\/wp-content\/uploads\/2021\/07\/IMG_4403-sauelenobst-apfel-schneiden-1024x768.avif 1024w, https:\/\/bio-balkon.de\/wp-content\/uploads\/2021\/07\/IMG_4403-sauelenobst-apfel-schneiden-300x225.avif 300w, https:\/\/bio-balkon.de\/wp-content\/uploads\/2021\/07\/IMG_4403-sauelenobst-apfel-schneiden-768x576.avif 768w, https:\/\/bio-balkon.de\/wp-content\/uploads\/2021\/07\/IMG_4403-sauelenobst-apfel-schneiden-1536x1152.avif 1536w, https:\/\/bio-balkon.de\/wp-content\/uploads\/2021\/07\/IMG_4403-sauelenobst-apfel-schneiden-scaled.avif 2048w, https:\/\/bio-balkon.de\/wp-content\/uploads\/2021\/07\/IMG_4403-sauelenobst-apfel-schneiden-16x12.avif 16w, https:\/\/bio-balkon.de\/wp-content\/uploads\/2021\/07\/IMG_4403-sauelenobst-apfel-schneiden-1320x990.avif 1320w\" sizes=\"auto, (max-width: 800px) 100vw, 800px\"><figcaption id=\"caption-attachment-31455\" class=\"wp-caption-text\">Die Was\u00adser\u00adschos\u00adse (wei\u00adche, steil auf\u00adrecht wach\u00adsen\u00adde Trie\u00adbe, die aus dem Inne\u00adren der Baum\u00adkro\u00adne empor\u00adwach\u00adsen) wer\u00adden ein\u00adfach aus\u00adge\u00adriss\u00adsen. Du kannst ruhig reis\u00adsen und nicht schnei\u00adden, weil die optisch so unsch\u00f6n aus\u00adse\u00adhen\u00adden Wun\u00adden bes\u00adser abhei\u00adlen, als beim Sche\u00adren\u00adschnitt. Was\u00adser\u00adschos\u00adse tra\u00adgen nicht und ver\u00adbrau\u00adchen so unn\u00f6\u00adtig Ener\u00adgie.<\/figcaption><\/figure>\n<h2>Sources of sup\u00adp\u00adly<\/h2>\n<p><\/p>\n<p>Hier noch eini\u00adge Bezugs\u00adquel\u00adlen f\u00fcr Bio-S\u00e4u\u00adlen\u00adobst. Gera\u00adde im Herbst ist bes\u00adte Zeit, einen Obst\u00adbaum zu pflan\u00adzen. Apfel\u00adb\u00e4u\u00adme sind immun gegen Frost! Auch wenn der ober\u00adir\u00addi\u00adsche Teil erst sp\u00e4\u00adter aus\u00adtreibt, schla\u00adgen frisch gepflanz\u00adte Obst\u00adb\u00e4u\u00adme bereits im Novem\u00adber tie\u00adfe Wur\u00adzeln. An den ers\u00adten hei\u00ad\u00dfen Tagen im neu\u00aden Jahr kann sich der jun\u00adge Baum dann schon bes\u00adtens mit Was\u00adser ver\u00adsor\u00adgen und hat gegen\u00ad\u00fcber einem Obst\u00adbaum, der erst im Fr\u00fch\u00adling gepflanzt wird, einen kla\u00adren Vor\u00adteil. Gene\u00adrell k\u00f6n\u00adnen im Con\u00adtai\u00adner gezo\u00adge\u00adne Apfel\u00adb\u00e4u\u00adme (also im Topf) ganz\u00adj\u00e4h\u00adrig an frost\u00adfrei\u00aden Tagen gepflanzt wer\u00adden. Wur\u00adzel\u00adnack\u00adte B\u00e4u\u00adme wie fr\u00fc\u00adher im Herbst. Das Pflanz\u00adge\u00adf\u00e4\u00df soll\u00adte min\u00addes\u00adtens 30 Liter umfas\u00adsen.<\/p>\n<p><\/p>\n<p><a href=\"https:\/\/biogartenversand.de\/ergebnisse?keywords=s%C3%A4ulenapfel&amp;search_in_description=0\" target=\"_blank\" rel=\"noopener\">Bio\u00adgar\u00adten\u00adver\u00adsand Hof Jee\u00adbel<\/a><\/p>\n<p><\/p>\n<p><a href=\"http:\/\/www.baumschule-brenninger.de\" target=\"_blank\" rel=\"noreferrer noopener\">Bio-Baum\u00adschu\u00adle Brenn\u00adin\u00adger<\/a><\/p>\n<p><\/p>\n<p><a href=\"http:\/\/biobaumschule.schafnase.at\/\" target=\"_blank\" rel=\"noreferrer noopener\">Bio-Baum\u00adschu\u00adle Schaf\u00adna\u00adse<\/a> \u2013 <a href=\"https:\/\/bio-balkon.de\/en\/experts\/mara-mueller\/\">Mara M\u00fcl\u00adler<\/a> spo\u00adke in the <a href=\"https:\/\/bio-balkon.de\/en\/kongress-2020\/\" target=\"_blank\" rel=\"noopener\">4. Online Bio-Bal\u00adkon Kon\u00adgress 2020<\/a>. Sie mach\u00adte Mut und Lust auf <strong>alte Apfel\u00adsor\u00adten<\/strong>. <strong>Es ist m\u00f6g\u00adlich, sich den Lieb\u00adlings\u00adap\u00adfel der Kind\u00adheit auf eine lang\u00adsam wach\u00adsen\u00adde Unter\u00adla\u00adge prop\u00adfen zu las\u00adsen und die\u00adse auf dem Bal\u00adkon zu kul\u00adti\u00advie\u00adren.<\/strong><\/p>\n<p><\/p>\n<p>Sil\u00adva Nor\u00adti\u00adca Wald\u00adviert\u00adler <a href=\"http:\/\/artner.biobaumschule.at\/\" target=\"_blank\" rel=\"noreferrer noopener\">Bio-Baum\u00adschu\u00adle Art\u00adner<\/a><br><a href=\"https:\/\/www.biobaumschule.ch\/files\/obstsortenverzeichnis.pdf\" target=\"_blank\" rel=\"noreferrer noopener\">Bio-Baum\u00adschu\u00adle Glauser\u2019s<\/a><\/p>\n<p><\/p>\n<p><\/p>\n<p>Hier ist das <a href=\"https:\/\/www.gartenrundbrief.de\/gr\/informieren-bio-baumschulen\" target=\"_blank\" rel=\"noreferrer noopener\">Ver\u00adzeich\u00adnis Bio-Baum\u00adschu\u00adlen in Deutsch\u00adland<\/a>.<\/p>\n<p><\/p>\n<p>Gern k\u00f6nnt Ihr unter den Kom\u00admen\u00adta\u00adren wei\u00adte\u00adre Bio-Baum\u00adschu\u00adlen mit <strong>S\u00e4u\u00adlen\u00adobst<\/strong> erg\u00e4n\u00adzen.<\/p>\n<p><\/p>\n<p>Sehr gute Z\u00fcch\u00adtun\u00adgen in gro\u00ad\u00dfer Aus\u00adwahl, aller\u00addings kon\u00adven\u00adtio\u00adnell pro\u00addu\u00adziert, gibt es bei <a href=\"https:\/\/www.lubera.com\/de\/artikelsuche?funktion=shop_artikelsuche&amp;query=&amp;attrib%5Bcat%5D%5B%5D=Obstb%E4ume_Apfelb%E4ume_S%E4ulenapfelbaum\" target=\"_blank\" rel=\"noopener\">Lube\u00adra<\/a>. Hier gibt es den kleins\u00adten <a href=\"https:\/\/www.lubera.com\/de\/shop\/mini-apfelbaeumchen-maloni-lowfruit-gullivers_produkt-2277820.html\" target=\"_blank\" rel=\"noreferrer noopener\">Mini-Apfel\u00adbaum Gul\u00adli\u00adver<\/a> mit einem Meter H\u00f6he und einem Kro\u00adnen\u00advo\u00adlu\u00admen von einem Qua\u00addrat\u00adme\u00adter.&nbsp;<\/p>\n<p>Belieb\u00adte Fra\u00adge an mich: <em>Hast Du eine Emp\u00adfeh\u00adlung wel\u00adchen ich wenn dann kau\u00adfen soll?&nbsp;<\/em> \u02bbPom\u00adredro\u00adbust\u2019 besitzt leuch\u00adtend dun\u00adkel\u00adro\u00adte Wan\u00adgen auf einer gru\u0308ngelben Grund\u00adfar\u00adbe. Noch mehr Hin\u00adgu\u00adcker ist der \u02bbPomm\u00adfi\u00adtal\u2019 mit leuch\u00adtend roter Blu\u0308te, pur\u00adpur bis dun\u00adkel\u00adro\u00adter Frucht\u00adfar\u00adbe und dun\u00adkel\u00adro\u00adtem schmack\u00adhaf\u00adtem Frucht\u00adfleisch.<\/p>\n<p><\/p>\n<div class=\"wp-block-image\">\n<figure class=\"aligncenter size-large\"><img decoding=\"async\" class=\"wp-image-14501\" src=\"https:\/\/bio-balkon.de\/wp-content\/uploads\/2017\/07\/P1910505-Ernte-Apfel-Ma\u0308dchenaugen-Coreopsis-super.jpg\" alt=\"Mit S\u00f6hnchen \u00c4pfel vom Balkon ernten, macht richtig Spa\u00df. So entsteht eine Wertsch\u00e4tzung f\u00fcr Lebensmittel.\">\n<figcaption>So ent\u00adsteht eine Wert\u00adsch\u00e4t\u00adzung f\u00fcr Lebens\u00admit\u00adtel.<\/figcaption>\n<\/figure>\n<\/div>\n<p><\/p>\n<div class=\"wp-block-image\">\n<figure class=\"aligncenter size-large\"><img loading=\"lazy\" decoding=\"async\" width=\"1024\" height=\"768\" class=\"wp-image-14541\" src=\"https:\/\/bio-balkon.de\/wp-content\/uploads\/2017\/07\/P1260227-ernte-apfel-1-1024x768.avif\" alt=\"Manche \u00c4pfel vom Balkon werden richtig riesig. Notwendig ist gute D\u00fcngung.\" srcset=\"https:\/\/bio-balkon.de\/wp-content\/uploads\/2017\/07\/P1260227-ernte-apfel-1-1024x768.avif 1024w, https:\/\/bio-balkon.de\/wp-content\/uploads\/2017\/07\/P1260227-ernte-apfel-1-300x225.avif 300w, https:\/\/bio-balkon.de\/wp-content\/uploads\/2017\/07\/P1260227-ernte-apfel-1-768x576.avif 768w, https:\/\/bio-balkon.de\/wp-content\/uploads\/2017\/07\/P1260227-ernte-apfel-1-1536x1152.avif 1536w, https:\/\/bio-balkon.de\/wp-content\/uploads\/2017\/07\/P1260227-ernte-apfel-1-scaled.avif 2048w, https:\/\/bio-balkon.de\/wp-content\/uploads\/2017\/07\/P1260227-ernte-apfel-1-16x12.avif 16w, https:\/\/bio-balkon.de\/wp-content\/uploads\/2017\/07\/P1260227-ernte-apfel-1-1320x990.avif 1320w\" sizes=\"auto, (max-width: 1024px) 100vw, 1024px\">\n<figcaption>Man\u00adche \u00c4pfel \u2013 wie die\u00adser \u2013 wer\u00adden rich\u00adtig rie\u00adsig. Gute D\u00fcn\u00adgung ist not\u00adwen\u00addig. Hier gibt es <a href=\"https:\/\/bio-balkon.de\/en\/best-fertilizer-for-the-balcony-worm-humus-from-the-worm-bin\/\" target=\"_blank\" rel=\"noopener\">Worm humus from the worm bin<\/a>.<\/figcaption>\n<\/figure>\n<\/div>\n<p><\/p>\n<p>Du siehst auf mei\u00adnem Bal\u00adkon, es funk\u00adtio\u00adniert. Ich pflanz\u00adte mei\u00adne Apfel\u00adb\u00e4u\u00adme im Fr\u00fch\u00adjahr 2016. Wer einen Nasch\u00adbal\u00adkon m\u00f6ch\u00adte, dem kann ich S\u00e4u\u00adlen\u00adobst oder einen Mini\u00adap\u00adfel\u00adbaum emp\u00adfeh\u00adlen. Wir bekom\u00admen wun\u00adder\u00adsch\u00f6\u00adne Obst\u00adbl\u00fc\u00adten, die die Bie\u00adnen sehr sch\u00e4t\u00adzen, und lecke\u00adre gesun\u00adde fri\u00adsche \u00c4pfel.<\/p>\n<p><\/p>\n<h2 class=\"wp-block-heading\">Noch eine h\u00fcb\u00adsche Vari\u00adan\u00adte: Ein Zier\u00adap\u00adfel<\/h2>\n<p>Abge\u00adschaut bei <a href=\"https:\/\/www.mycottagegarden.de\/single-post\/deko-ideen-mit-aepfeln-und-zieraepfeln\" target=\"_blank\" rel=\"noopener\">Sarah Stil\u00adler<\/a>: Jeder (JEDER!) Gar\u00adten braucht einen Zier\u00adap\u00adfel. Abge\u00adse\u00adhen davon, dass die Bl\u00fc\u00adten bezau\u00adbernd und die \u00c4pfel\u00adchen ent\u00adz\u00fc\u00adckend sind, er ver\u00adsorgt Bie\u00adnen, Hum\u00admeln und V\u00f6gel mit Nah\u00adrung und wir k\u00f6n\u00adnen die klei\u00adnen \u00c4pfel zu Mar\u00adme\u00adla\u00adde oder Gelees ver\u00adar\u00adbei\u00adten. Er ist ein High\u00adlight zu jeder Jah\u00adres\u00adzeit. Und selbst f\u00fcr klei\u00adne G\u00e4r\u00adten gibt es geeig\u00adne\u00adte Sor\u00adten, wie zum Bei\u00adspiel den Pom\u00adzai. Mein liebs\u00adter: Der <a href=\"https:\/\/biogartenversand.de\/pflanzen\/zierpflanzen\/ziergehoelze\/\/zierapfelred-sentinel-2931\/produkt\" target=\"_blank\" rel=\"noopener\">Red Sen\u00adti\u00adnel<\/a>.\u201c Erfah\u00adrun\u00adgen zum<a href=\"https:\/\/guenstiggaertnern.blogspot.com\/2021\/01\/augen-auf-beim-zierapfelkauf.html\" target=\"_blank\" rel=\"noopener\"> \u201aGol\u00adden Hor\u00adnet\u2018<\/a>.<\/p>\n<figure id=\"attachment_47992\" aria-describedby=\"caption-attachment-47992\" style=\"width: 1920px\" class=\"wp-caption alignnone\"><img loading=\"lazy\" decoding=\"async\" class=\"wp-image-47992 size-full\" src=\"https:\/\/bio-balkon.de\/wp-content\/uploads\/2022\/12\/Zierapfel-red-sentinel-IMG_4721.avif\" alt=\"Hier pflanze ich einen Zierapfel &quot;Red Sentinel&quot; bei der Nachbarin auf der anderen Strassenseite.\" width=\"1920\" height=\"1440\" srcset=\"https:\/\/bio-balkon.de\/wp-content\/uploads\/2022\/12\/Zierapfel-red-sentinel-IMG_4721.avif 1920w, https:\/\/bio-balkon.de\/wp-content\/uploads\/2022\/12\/Zierapfel-red-sentinel-IMG_4721-300x225.avif 300w, https:\/\/bio-balkon.de\/wp-content\/uploads\/2022\/12\/Zierapfel-red-sentinel-IMG_4721-1024x768.avif 1024w, https:\/\/bio-balkon.de\/wp-content\/uploads\/2022\/12\/Zierapfel-red-sentinel-IMG_4721-768x576.avif 768w, https:\/\/bio-balkon.de\/wp-content\/uploads\/2022\/12\/Zierapfel-red-sentinel-IMG_4721-1536x1152.avif 1536w, https:\/\/bio-balkon.de\/wp-content\/uploads\/2022\/12\/Zierapfel-red-sentinel-IMG_4721-16x12.avif 16w, https:\/\/bio-balkon.de\/wp-content\/uploads\/2022\/12\/Zierapfel-red-sentinel-IMG_4721-1320x990.avif 1320w\" sizes=\"auto, (max-width: 1920px) 100vw, 1920px\"><figcaption id=\"caption-attachment-47992\" class=\"wp-caption-text\">Hier habe ich am 9.12.22 bei mei\u00adner lie\u00adben Nach\u00adba\u00adrin Mir\u00adjam auf der ande\u00adren Stra\u00ad\u00dfen\u00adsei\u00adte einen \u201aRed Sen\u00adti\u00adnel\u2018 gepflanzt. Da er wur\u00adzel\u00adnackt war, also nicht im Con\u00adtai\u00adner gekauft wur\u00adde, wird er beson\u00adders gut ein\u00adwach\u00adsen. Sei\u00adne Wur\u00adzeln habe ich um 1\/3 gek\u00fcrzt, damit er leich\u00adter im gro\u00ad\u00dfen Topf ein\u00adwur\u00adzelt. Als Unter\u00adwuchs habe ich Win\u00adter\u00adpor\u00adtu\u00adlak, Wil\u00adde Rau\u00adke und Vogel\u00admie\u00adre ein\u00adge\u00adsetzt, alles win\u00adter\u00adgr\u00fcn und ess\u00adbar. Dezem\u00adber ist immer noch bes\u00adte Pflanz\u00adzeit, nur der Boden darf nicht gefro\u00adren sein! Im Haus auf der ande\u00adren Stra\u00ad\u00dfen\u00adsei\u00adte woh\u00adne ich. Der gut bewach\u00adse\u00adne Bal\u00adkon ganz oben rechts ist mei\u00adner.<\/figcaption><\/figure>\n<h2>Na, hast Du Lust bekom\u00admen, auch \u00c4pfel vom Bal\u00adkon zu ern\u00adten?&nbsp;<\/h2>\n<p><\/p>\n<p>Jetzt kommt ein Bio-Bal\u00adkon Bonus :). Ich fin\u00adde es auch toll, dass Apfel\u00adb\u00e4u\u00adme, wie ande\u00adre Geh\u00f6l\u00adze auch, gern von den V\u00f6geln ange\u00adflo\u00adgen wer\u00adden. Sch\u00f6ns\u00adte Beob\u00adach\u00adtun\u00adgen \u2013 immer und immer wie\u00adder. Ich habe noch viel mehr von die\u00adsen Bil\u00addern \u2013 Apfel\u00adbaum mit V\u00f6geln :).<\/p>\n<p><\/p>\n<figure class=\"wp-block-gallery columns-3 is-cropped wp-block-gallery-6 is-layout-flex wp-block-gallery-is-layout-flex\">\n<ul class=\"blocks-gallery-grid\">\n<li class=\"blocks-gallery-item\">\n<figure><img loading=\"lazy\" decoding=\"async\" width=\"768\" height=\"1024\" class=\"wp-image-14514\" src=\"https:\/\/bio-balkon.de\/wp-content\/uploads\/2020\/11\/P1020173-kernbeisser-sperling-apfel-super-768x1024.avif\" alt data-id=\"14514\" data-full-url=\"https:\/\/bio-balkon.de\/wp-content\/uploads\/2020\/11\/P1020173-kernbeisser-sperling-apfel-super-scaled.avif\" data-link=\"https:\/\/bio-balkon.de\/lust-auf-aepfel-vom-balkon\/p1020173-kernbeisser-sperling-apfel-super\/\" srcset=\"https:\/\/bio-balkon.de\/wp-content\/uploads\/2020\/11\/P1020173-kernbeisser-sperling-apfel-super-768x1024.avif 768w, https:\/\/bio-balkon.de\/wp-content\/uploads\/2020\/11\/P1020173-kernbeisser-sperling-apfel-super-225x300.avif 225w, https:\/\/bio-balkon.de\/wp-content\/uploads\/2020\/11\/P1020173-kernbeisser-sperling-apfel-super-1152x1536.avif 1152w, https:\/\/bio-balkon.de\/wp-content\/uploads\/2020\/11\/P1020173-kernbeisser-sperling-apfel-super-scaled.avif 1536w, https:\/\/bio-balkon.de\/wp-content\/uploads\/2020\/11\/P1020173-kernbeisser-sperling-apfel-super-9x12.avif 9w, https:\/\/bio-balkon.de\/wp-content\/uploads\/2020\/11\/P1020173-kernbeisser-sperling-apfel-super-1320x1760.avif 1320w\" sizes=\"auto, (max-width: 768px) 100vw, 768px\">\n<p>&nbsp;<\/p>\n<figcaption class=\"blocks-gallery-item__caption\">Kern\u00adbeis\u00adser<\/figcaption>\n<\/figure>\n<\/li>\n<li class=\"blocks-gallery-item\">\n<figure><img loading=\"lazy\" decoding=\"async\" width=\"1024\" height=\"768\" class=\"wp-image-14517\" src=\"https:\/\/bio-balkon.de\/wp-content\/uploads\/2017\/07\/P1020806-stieglitz-apfel-super-1-1024x768.avif\" alt data-id=\"14517\" data-full-url=\"https:\/\/bio-balkon.de\/wp-content\/uploads\/2017\/07\/P1020806-stieglitz-apfel-super-1-scaled.avif\" data-link=\"https:\/\/bio-balkon.de\/lust-auf-aepfel-vom-balkon\/p1020806-stieglitz-apfel-super-2\/\" srcset=\"https:\/\/bio-balkon.de\/wp-content\/uploads\/2017\/07\/P1020806-stieglitz-apfel-super-1-1024x768.avif 1024w, https:\/\/bio-balkon.de\/wp-content\/uploads\/2017\/07\/P1020806-stieglitz-apfel-super-1-300x225.avif 300w, https:\/\/bio-balkon.de\/wp-content\/uploads\/2017\/07\/P1020806-stieglitz-apfel-super-1-768x576.avif 768w, https:\/\/bio-balkon.de\/wp-content\/uploads\/2017\/07\/P1020806-stieglitz-apfel-super-1-1536x1152.avif 1536w, https:\/\/bio-balkon.de\/wp-content\/uploads\/2017\/07\/P1020806-stieglitz-apfel-super-1-scaled.avif 2048w, https:\/\/bio-balkon.de\/wp-content\/uploads\/2017\/07\/P1020806-stieglitz-apfel-super-1-16x12.avif 16w, https:\/\/bio-balkon.de\/wp-content\/uploads\/2017\/07\/P1020806-stieglitz-apfel-super-1-1320x990.avif 1320w\" sizes=\"auto, (max-width: 1024px) 100vw, 1024px\">\n<p>&nbsp;<\/p>\n<figcaption class=\"blocks-gallery-item__caption\">Stieg\u00adlitz<\/figcaption>\n<\/figure>\n<\/li>\n<li class=\"blocks-gallery-item\">\n<figure><img decoding=\"async\" class=\"wp-image-14518\" src=\"https:\/\/bio-balkon.de\/wp-content\/uploads\/2017\/07\/P1120391-feldsperling-a\u0308stling-sperling-sonnenaufgang-apfel-768x1024.jpg\" alt data-id=\"14518\" data-full-url=\"https:\/\/bio-balkon.de\/wp-content\/uploads\/2017\/07\/P1120391-feldsperling-a\u0308stling-sperling-sonnenaufgang-apfel-scaled.jpg\" data-link=\"https:\/\/bio-balkon.de\/lust-auf-aepfel-vom-balkon\/p1120391-feldsperling-a%cc%88stling-sperling-sonnenaufgang-apfel\/\">\n<p>&nbsp;<\/p>\n<figcaption class=\"blocks-gallery-item__caption\">Haus\u00adsper\u00adling<\/figcaption>\n<\/figure>\n<\/li>\n<li class=\"blocks-gallery-item\">\n<figure><img loading=\"lazy\" decoding=\"async\" width=\"768\" height=\"1024\" class=\"wp-image-14519\" src=\"https:\/\/bio-balkon.de\/wp-content\/uploads\/2017\/07\/P1120406-feldsperling-sperling-sonnenaufgang-apfel-768x1024.avif\" alt data-id=\"14519\" data-full-url=\"https:\/\/bio-balkon.de\/wp-content\/uploads\/2017\/07\/P1120406-feldsperling-sperling-sonnenaufgang-apfel-scaled.avif\" data-link=\"https:\/\/bio-balkon.de\/lust-auf-aepfel-vom-balkon\/p1120406-feldsperling-sperling-sonnenaufgang-apfel\/\" srcset=\"https:\/\/bio-balkon.de\/wp-content\/uploads\/2017\/07\/P1120406-feldsperling-sperling-sonnenaufgang-apfel-768x1024.avif 768w, https:\/\/bio-balkon.de\/wp-content\/uploads\/2017\/07\/P1120406-feldsperling-sperling-sonnenaufgang-apfel-225x300.avif 225w, https:\/\/bio-balkon.de\/wp-content\/uploads\/2017\/07\/P1120406-feldsperling-sperling-sonnenaufgang-apfel-1152x1536.avif 1152w, https:\/\/bio-balkon.de\/wp-content\/uploads\/2017\/07\/P1120406-feldsperling-sperling-sonnenaufgang-apfel-scaled.avif 1536w, https:\/\/bio-balkon.de\/wp-content\/uploads\/2017\/07\/P1120406-feldsperling-sperling-sonnenaufgang-apfel-9x12.avif 9w, https:\/\/bio-balkon.de\/wp-content\/uploads\/2017\/07\/P1120406-feldsperling-sperling-sonnenaufgang-apfel-1320x1760.avif 1320w\" sizes=\"auto, (max-width: 768px) 100vw, 768px\">\n<p>&nbsp;<\/p>\n<figcaption class=\"blocks-gallery-item__caption\">Feld- und Haus\u00adsper\u00adling<\/figcaption>\n<\/figure>\n<\/li>\n<li class=\"blocks-gallery-item\">\n<figure><img decoding=\"async\" class=\"wp-image-14520\" src=\"https:\/\/bio-balkon.de\/wp-content\/uploads\/2017\/07\/P1130370-sperling-sperlingsbande-apfel-tomate-gru\u0308nkohl-josta-bewa\u0308sserung-urlaubsbewa\u0308sserung-768x1024.jpg\" alt data-id=\"14520\" data-full-url=\"https:\/\/bio-balkon.de\/wp-content\/uploads\/2017\/07\/P1130370-sperling-sperlingsbande-apfel-tomate-gru\u0308nkohl-josta-bewa\u0308sserung-urlaubsbewa\u0308sserung-scaled.jpg\" data-link=\"https:\/\/bio-balkon.de\/lust-auf-aepfel-vom-balkon\/p1130370-sperling-sperlingsbande-apfel-tomate-gru%cc%88nkohl-josta-bewa%cc%88sserung-urlaubsbewa%cc%88sserung\/\">\n<p>&nbsp;<\/p>\n<figcaption class=\"blocks-gallery-item__caption\">Haus\u00adsper\u00adling<\/figcaption>\n<\/figure>\n<\/li>\n<li class=\"blocks-gallery-item\">\n<figure><img loading=\"lazy\" decoding=\"async\" width=\"768\" height=\"1024\" class=\"wp-image-14521\" src=\"https:\/\/bio-balkon.de\/wp-content\/uploads\/2017\/07\/P1130389-sperling-sperlingsbande-apfel-tomate-768x1024.avif\" alt data-id=\"14521\" data-full-url=\"https:\/\/bio-balkon.de\/wp-content\/uploads\/2017\/07\/P1130389-sperling-sperlingsbande-apfel-tomate-scaled.avif\" data-link=\"https:\/\/bio-balkon.de\/lust-auf-aepfel-vom-balkon\/p1130389-sperling-sperlingsbande-apfel-tomate\/\" srcset=\"https:\/\/bio-balkon.de\/wp-content\/uploads\/2017\/07\/P1130389-sperling-sperlingsbande-apfel-tomate-768x1024.avif 768w, https:\/\/bio-balkon.de\/wp-content\/uploads\/2017\/07\/P1130389-sperling-sperlingsbande-apfel-tomate-225x300.avif 225w, https:\/\/bio-balkon.de\/wp-content\/uploads\/2017\/07\/P1130389-sperling-sperlingsbande-apfel-tomate-1152x1536.avif 1152w, https:\/\/bio-balkon.de\/wp-content\/uploads\/2017\/07\/P1130389-sperling-sperlingsbande-apfel-tomate-scaled.avif 1536w, https:\/\/bio-balkon.de\/wp-content\/uploads\/2017\/07\/P1130389-sperling-sperlingsbande-apfel-tomate-9x12.avif 9w, https:\/\/bio-balkon.de\/wp-content\/uploads\/2017\/07\/P1130389-sperling-sperlingsbande-apfel-tomate-1320x1760.avif 1320w\" sizes=\"auto, (max-width: 768px) 100vw, 768px\">\n<p>&nbsp;<\/p>\n<figcaption class=\"blocks-gallery-item__caption\">Haus\u00adsper\u00adling<\/figcaption>\n<\/figure>\n<\/li>\n<li class=\"blocks-gallery-item\">\n<figure><img loading=\"lazy\" decoding=\"async\" width=\"1024\" height=\"768\" class=\"wp-image-14523\" src=\"https:\/\/bio-balkon.de\/wp-content\/uploads\/2017\/07\/P1170040-sperling-apfel-super-1024x768.avif\" alt data-id=\"14523\" data-full-url=\"https:\/\/bio-balkon.de\/wp-content\/uploads\/2017\/07\/P1170040-sperling-apfel-super-scaled.avif\" data-link=\"https:\/\/bio-balkon.de\/lust-auf-aepfel-vom-balkon\/p1170040-sperling-apfel-super\/\" srcset=\"https:\/\/bio-balkon.de\/wp-content\/uploads\/2017\/07\/P1170040-sperling-apfel-super-1024x768.avif 1024w, https:\/\/bio-balkon.de\/wp-content\/uploads\/2017\/07\/P1170040-sperling-apfel-super-300x225.avif 300w, https:\/\/bio-balkon.de\/wp-content\/uploads\/2017\/07\/P1170040-sperling-apfel-super-768x576.avif 768w, https:\/\/bio-balkon.de\/wp-content\/uploads\/2017\/07\/P1170040-sperling-apfel-super-1536x1152.avif 1536w, https:\/\/bio-balkon.de\/wp-content\/uploads\/2017\/07\/P1170040-sperling-apfel-super-scaled.avif 2048w, https:\/\/bio-balkon.de\/wp-content\/uploads\/2017\/07\/P1170040-sperling-apfel-super-16x12.avif 16w, https:\/\/bio-balkon.de\/wp-content\/uploads\/2017\/07\/P1170040-sperling-apfel-super-1320x990.avif 1320w\" sizes=\"auto, (max-width: 1024px) 100vw, 1024px\">\n<p>&nbsp;<\/p>\n<figcaption class=\"blocks-gallery-item__caption\">Haus\u00adsper\u00adlin\u00adge<\/figcaption>\n<\/figure>\n<\/li>\n<li class=\"blocks-gallery-item\">\n<figure><img loading=\"lazy\" decoding=\"async\" width=\"768\" height=\"1024\" class=\"wp-image-14524\" src=\"https:\/\/bio-balkon.de\/wp-content\/uploads\/2017\/07\/P1170043-sperling-apfel-super-768x1024.avif\" alt data-id=\"14524\" data-full-url=\"https:\/\/bio-balkon.de\/wp-content\/uploads\/2017\/07\/P1170043-sperling-apfel-super-scaled.avif\" data-link=\"https:\/\/bio-balkon.de\/lust-auf-aepfel-vom-balkon\/p1170043-sperling-apfel-super\/\" srcset=\"https:\/\/bio-balkon.de\/wp-content\/uploads\/2017\/07\/P1170043-sperling-apfel-super-768x1024.avif 768w, https:\/\/bio-balkon.de\/wp-content\/uploads\/2017\/07\/P1170043-sperling-apfel-super-225x300.avif 225w, https:\/\/bio-balkon.de\/wp-content\/uploads\/2017\/07\/P1170043-sperling-apfel-super-1152x1536.avif 1152w, https:\/\/bio-balkon.de\/wp-content\/uploads\/2017\/07\/P1170043-sperling-apfel-super-scaled.avif 1536w, https:\/\/bio-balkon.de\/wp-content\/uploads\/2017\/07\/P1170043-sperling-apfel-super-9x12.avif 9w, https:\/\/bio-balkon.de\/wp-content\/uploads\/2017\/07\/P1170043-sperling-apfel-super-1320x1760.avif 1320w\" sizes=\"auto, (max-width: 768px) 100vw, 768px\">\n<p>&nbsp;<\/p>\n<figcaption class=\"blocks-gallery-item__caption\">Haus\u00adsper\u00adlin\u00adge<\/figcaption>\n<\/figure>\n<\/li>\n<li class=\"blocks-gallery-item\">\n<figure><img decoding=\"async\" class=\"wp-image-14525\" src=\"https:\/\/bio-balkon.de\/wp-content\/uploads\/2017\/07\/P1170842-sperlinge-apfel-ku\u0308rbis-blu\u0308te-gru\u0308nkohl-super-768x1024.jpg\" alt data-id=\"14525\" data-full-url=\"https:\/\/bio-balkon.de\/wp-content\/uploads\/2017\/07\/P1170842-sperlinge-apfel-ku\u0308rbis-blu\u0308te-gru\u0308nkohl-super-scaled.jpg\" data-link=\"https:\/\/bio-balkon.de\/lust-auf-aepfel-vom-balkon\/p1170842-sperlinge-apfel-ku%cc%88rbis-blu%cc%88te-gru%cc%88nkohl-super\/\">\n<p>&nbsp;<\/p>\n<figcaption class=\"blocks-gallery-item__caption\">Haus\u00adsper\u00adlin\u00adge<\/figcaption>\n<\/figure>\n<\/li>\n<li class=\"blocks-gallery-item\">\n<figure><img loading=\"lazy\" decoding=\"async\" width=\"768\" height=\"1024\" class=\"wp-image-14535\" src=\"https:\/\/bio-balkon.de\/wp-content\/uploads\/2020\/11\/P1170035-sperling-apfel-768x1024.avif\" alt data-id=\"14535\" data-full-url=\"https:\/\/bio-balkon.de\/wp-content\/uploads\/2020\/11\/P1170035-sperling-apfel-scaled.avif\" data-link=\"https:\/\/bio-balkon.de\/lust-auf-aepfel-vom-balkon\/p1170035-sperling-apfel-2\/\" srcset=\"https:\/\/bio-balkon.de\/wp-content\/uploads\/2020\/11\/P1170035-sperling-apfel-768x1024.avif 768w, https:\/\/bio-balkon.de\/wp-content\/uploads\/2020\/11\/P1170035-sperling-apfel-225x300.avif 225w, https:\/\/bio-balkon.de\/wp-content\/uploads\/2020\/11\/P1170035-sperling-apfel-1152x1536.avif 1152w, https:\/\/bio-balkon.de\/wp-content\/uploads\/2020\/11\/P1170035-sperling-apfel-scaled.avif 1536w, https:\/\/bio-balkon.de\/wp-content\/uploads\/2020\/11\/P1170035-sperling-apfel-9x12.avif 9w, https:\/\/bio-balkon.de\/wp-content\/uploads\/2020\/11\/P1170035-sperling-apfel-1320x1760.avif 1320w\" sizes=\"auto, (max-width: 768px) 100vw, 768px\">\n<p>&nbsp;<\/p>\n<figcaption class=\"blocks-gallery-item__caption\">Haus\u00adsper\u00adling<\/figcaption>\n<\/figure>\n<\/li>\n<li class=\"blocks-gallery-item\">\n<figure><img loading=\"lazy\" decoding=\"async\" width=\"768\" height=\"1024\" class=\"wp-image-14536\" src=\"https:\/\/bio-balkon.de\/wp-content\/uploads\/2020\/11\/P1240696-taube-apfel-768x1024.avif\" alt data-id=\"14536\" data-full-url=\"https:\/\/bio-balkon.de\/wp-content\/uploads\/2020\/11\/P1240696-taube-apfel-scaled.avif\" data-link=\"https:\/\/bio-balkon.de\/lust-auf-aepfel-vom-balkon\/p1240696-taube-apfel\/\" srcset=\"https:\/\/bio-balkon.de\/wp-content\/uploads\/2020\/11\/P1240696-taube-apfel-768x1024.avif 768w, https:\/\/bio-balkon.de\/wp-content\/uploads\/2020\/11\/P1240696-taube-apfel-225x300.avif 225w, https:\/\/bio-balkon.de\/wp-content\/uploads\/2020\/11\/P1240696-taube-apfel-1152x1536.avif 1152w, https:\/\/bio-balkon.de\/wp-content\/uploads\/2020\/11\/P1240696-taube-apfel-scaled.avif 1536w, https:\/\/bio-balkon.de\/wp-content\/uploads\/2020\/11\/P1240696-taube-apfel-9x12.avif 9w, https:\/\/bio-balkon.de\/wp-content\/uploads\/2020\/11\/P1240696-taube-apfel-1320x1760.avif 1320w\" sizes=\"auto, (max-width: 768px) 100vw, 768px\">\n<p>&nbsp;<\/p>\n<figcaption class=\"blocks-gallery-item__caption\">Rin\u00adgel\u00adtau\u00adbe<\/figcaption>\n<\/figure>\n<\/li>\n<li class=\"blocks-gallery-item\">\n<figure><img loading=\"lazy\" decoding=\"async\" width=\"1024\" height=\"768\" class=\"wp-image-14542\" src=\"https:\/\/bio-balkon.de\/wp-content\/uploads\/2020\/11\/P1260298-kohlmeise-apfel-regen-1024x768.avif\" alt data-id=\"14542\" data-full-url=\"https:\/\/bio-balkon.de\/wp-content\/uploads\/2020\/11\/P1260298-kohlmeise-apfel-regen-scaled.avif\" data-link=\"https:\/\/bio-balkon.de\/lust-auf-aepfel-vom-balkon\/p1260298-kohlmeise-apfel-regen\/\" srcset=\"https:\/\/bio-balkon.de\/wp-content\/uploads\/2020\/11\/P1260298-kohlmeise-apfel-regen-1024x768.avif 1024w, https:\/\/bio-balkon.de\/wp-content\/uploads\/2020\/11\/P1260298-kohlmeise-apfel-regen-300x225.avif 300w, https:\/\/bio-balkon.de\/wp-content\/uploads\/2020\/11\/P1260298-kohlmeise-apfel-regen-768x576.avif 768w, https:\/\/bio-balkon.de\/wp-content\/uploads\/2020\/11\/P1260298-kohlmeise-apfel-regen-1536x1152.avif 1536w, https:\/\/bio-balkon.de\/wp-content\/uploads\/2020\/11\/P1260298-kohlmeise-apfel-regen-scaled.avif 2048w, https:\/\/bio-balkon.de\/wp-content\/uploads\/2020\/11\/P1260298-kohlmeise-apfel-regen-16x12.avif 16w, https:\/\/bio-balkon.de\/wp-content\/uploads\/2020\/11\/P1260298-kohlmeise-apfel-regen-1320x990.avif 1320w\" sizes=\"auto, (max-width: 1024px) 100vw, 1024px\">\n<p>&nbsp;<\/p>\n<figcaption class=\"blocks-gallery-item__caption\">Kohl\u00admei\u00adse<\/figcaption>\n<\/figure>\n<\/li>\n<li class=\"blocks-gallery-item\">\n<figure><img loading=\"lazy\" decoding=\"async\" width=\"768\" height=\"1024\" class=\"wp-image-14543\" src=\"https:\/\/bio-balkon.de\/wp-content\/uploads\/2017\/07\/P1370603-beifuss-apfel-kohlmeise-768x1024.avif\" alt data-id=\"14543\" data-full-url=\"https:\/\/bio-balkon.de\/wp-content\/uploads\/2017\/07\/P1370603-beifuss-apfel-kohlmeise-scaled.avif\" data-link=\"https:\/\/bio-balkon.de\/lust-auf-aepfel-vom-balkon\/p1370603-beifuss-apfel-kohlmeise\/\" srcset=\"https:\/\/bio-balkon.de\/wp-content\/uploads\/2017\/07\/P1370603-beifuss-apfel-kohlmeise-768x1024.avif 768w, https:\/\/bio-balkon.de\/wp-content\/uploads\/2017\/07\/P1370603-beifuss-apfel-kohlmeise-225x300.avif 225w, https:\/\/bio-balkon.de\/wp-content\/uploads\/2017\/07\/P1370603-beifuss-apfel-kohlmeise-1152x1536.avif 1152w, https:\/\/bio-balkon.de\/wp-content\/uploads\/2017\/07\/P1370603-beifuss-apfel-kohlmeise-scaled.avif 1536w, https:\/\/bio-balkon.de\/wp-content\/uploads\/2017\/07\/P1370603-beifuss-apfel-kohlmeise-9x12.avif 9w, https:\/\/bio-balkon.de\/wp-content\/uploads\/2017\/07\/P1370603-beifuss-apfel-kohlmeise-1320x1760.avif 1320w\" sizes=\"auto, (max-width: 768px) 100vw, 768px\">\n<p>&nbsp;<\/p>\n<figcaption class=\"blocks-gallery-item__caption\">Kohl\u00admei\u00adse<\/figcaption>\n<\/figure>\n<\/li>\n<\/ul>\n<\/figure>\n<p><\/p>\n<p>Zusam\u00admen mit mei\u00adnem Sohn zele\u00adbrie\u00adren wir jeden Apfel.<\/p>\n<p><\/p>\n<div class=\"wp-block-image\">\n<figure class=\"aligncenter size-large\"><img loading=\"lazy\" decoding=\"async\" width=\"1024\" height=\"768\" class=\"wp-image-14508\" src=\"https:\/\/bio-balkon.de\/wp-content\/uploads\/2017\/07\/P1150511-apfel-apfelernte-super-1024x768.avif\" alt srcset=\"https:\/\/bio-balkon.de\/wp-content\/uploads\/2017\/07\/P1150511-apfel-apfelernte-super-1024x768.avif 1024w, https:\/\/bio-balkon.de\/wp-content\/uploads\/2017\/07\/P1150511-apfel-apfelernte-super-300x225.avif 300w, https:\/\/bio-balkon.de\/wp-content\/uploads\/2017\/07\/P1150511-apfel-apfelernte-super-768x576.avif 768w, https:\/\/bio-balkon.de\/wp-content\/uploads\/2017\/07\/P1150511-apfel-apfelernte-super-1536x1152.avif 1536w, https:\/\/bio-balkon.de\/wp-content\/uploads\/2017\/07\/P1150511-apfel-apfelernte-super-scaled.avif 2048w, https:\/\/bio-balkon.de\/wp-content\/uploads\/2017\/07\/P1150511-apfel-apfelernte-super-16x12.avif 16w, https:\/\/bio-balkon.de\/wp-content\/uploads\/2017\/07\/P1150511-apfel-apfelernte-super-1320x990.avif 1320w\" sizes=\"auto, (max-width: 1024px) 100vw, 1024px\">\n<figcaption>Der ers\u00adte eige\u00adne Apfel f\u00fcr S\u00f6hn\u00adchen. Das war 2017. Die ers\u00adten selbst ange\u00adbau\u00adten Him\u00adbee\u00adren rei\u00adfen auch.<\/figcaption>\n<\/figure>\n<\/div>\n<p><\/p>\n<div class=\"wp-block-image\">\n<figure class=\"aligncenter size-large\"><img loading=\"lazy\" decoding=\"async\" width=\"1024\" height=\"768\" class=\"wp-image-14510\" src=\"https:\/\/bio-balkon.de\/wp-content\/uploads\/2017\/07\/P1150554-rohkost-apfel-apfelernte-aronia-feinstrahl-1024x768.avif\" alt srcset=\"https:\/\/bio-balkon.de\/wp-content\/uploads\/2017\/07\/P1150554-rohkost-apfel-apfelernte-aronia-feinstrahl-1024x768.avif 1024w, https:\/\/bio-balkon.de\/wp-content\/uploads\/2017\/07\/P1150554-rohkost-apfel-apfelernte-aronia-feinstrahl-300x225.avif 300w, https:\/\/bio-balkon.de\/wp-content\/uploads\/2017\/07\/P1150554-rohkost-apfel-apfelernte-aronia-feinstrahl-768x576.avif 768w, https:\/\/bio-balkon.de\/wp-content\/uploads\/2017\/07\/P1150554-rohkost-apfel-apfelernte-aronia-feinstrahl-1536x1152.avif 1536w, https:\/\/bio-balkon.de\/wp-content\/uploads\/2017\/07\/P1150554-rohkost-apfel-apfelernte-aronia-feinstrahl-scaled.avif 2048w, https:\/\/bio-balkon.de\/wp-content\/uploads\/2017\/07\/P1150554-rohkost-apfel-apfelernte-aronia-feinstrahl-16x12.avif 16w, https:\/\/bio-balkon.de\/wp-content\/uploads\/2017\/07\/P1150554-rohkost-apfel-apfelernte-aronia-feinstrahl-1320x990.avif 1320w\" sizes=\"auto, (max-width: 1024px) 100vw, 1024px\">\n<figcaption>Eige\u00adner Apfel mit eige\u00adnen Aro\u00adni\u00adabee\u00adren.\n<p><\/p>\n<p><iframe loading=\"lazy\" src=\"https:\/\/player.vimeo.com\/video\/408750309\" width=\"640\" height=\"564\" frameborder=\"0\" allowfullscreen=\"allowfullscreen\"><\/iframe>\u201e<\/p>\n<\/figcaption>\n<\/figure>\n<\/div>\t\t\t\t\t\t\t\t<\/div>\n\t\t\t\t\t<\/div>\n\t\t<\/div>\n\t\t\t\t\t<\/div>\n\t\t<\/section>\n\t\t\t\t<\/div>","protected":false},"excerpt":{"rendered":"<p>Today I want to whet your appe\u00adti\u00adte for app\u00adles from the bal\u00adc\u00ado\u00adny \u2014 healt\u00adhy, super tasty, easy to care for, beau\u00adtiful. The idea of picking app\u00adles straight from the tree and eating them with relish is temp\u00adting. Gro\u00adwing them is not that dif\u00adfi\u00adcult.<\/p>","protected":false},"author":5,"featured_media":14528,"comment_status":"open","ping_status":"closed","sticky":false,"template":"","format":"standard","meta":{"_acf_changed":false,"wp_typography_post_enhancements_disabled":false,"footnotes":""},"categories":[991,186,58],"tags":[1024,1022],"class_list":["post-1564","post","type-post","status-publish","format-standard","has-post-thumbnail","hentry","category-blog","category-grundlagen-besonders-fuer-einsteiger","category-obst","tag-balkon-kinder","tag-ernteglueck"],"acf":[],"_links":{"self":[{"href":"https:\/\/bio-balkon.de\/en\/wp-json\/wp\/v2\/posts\/1564","targetHints":{"allow":["GET"]}}],"collection":[{"href":"https:\/\/bio-balkon.de\/en\/wp-json\/wp\/v2\/posts"}],"about":[{"href":"https:\/\/bio-balkon.de\/en\/wp-json\/wp\/v2\/types\/post"}],"author":[{"embeddable":true,"href":"https:\/\/bio-balkon.de\/en\/wp-json\/wp\/v2\/users\/5"}],"replies":[{"embeddable":true,"href":"https:\/\/bio-balkon.de\/en\/wp-json\/wp\/v2\/comments?post=1564"}],"version-history":[{"count":1,"href":"https:\/\/bio-balkon.de\/en\/wp-json\/wp\/v2\/posts\/1564\/revisions"}],"predecessor-version":[{"id":84108,"href":"https:\/\/bio-balkon.de\/en\/wp-json\/wp\/v2\/posts\/1564\/revisions\/84108"}],"wp:featuredmedia":[{"embeddable":true,"href":"https:\/\/bio-balkon.de\/en\/wp-json\/wp\/v2\/media\/14528"}],"wp:attachment":[{"href":"https:\/\/bio-balkon.de\/en\/wp-json\/wp\/v2\/media?parent=1564"}],"wp:term":[{"taxonomy":"category","embeddable":true,"href":"https:\/\/bio-balkon.de\/en\/wp-json\/wp\/v2\/categories?post=1564"},{"taxonomy":"post_tag","embeddable":true,"href":"https:\/\/bio-balkon.de\/en\/wp-json\/wp\/v2\/tags?post=1564"}],"curies":[{"name":"wp","href":"https:\/\/api.w.org\/{rel}","templated":true}]}}