{"id":12945,"date":"2025-08-29T04:01:00","date_gmt":"2025-08-29T02:01:00","guid":{"rendered":"https:\/\/bio-balkon.de\/?p=12945"},"modified":"2026-02-03T16:38:38","modified_gmt":"2026-02-03T15:38:38","slug":"schon-fruehblueher-gesteckt-oeko-zwiebeln-mit-rabatt","status":"publish","type":"post","link":"https:\/\/bio-balkon.de\/en\/schon-fruehblueher-gesteckt-oeko-zwiebeln-mit-rabatt\/","title":{"rendered":"Schon Fr\u00fch\u00adbl\u00fc\u00adher gesteckt? \u00d6ko-Zwie\u00adbeln mit Rabatt"},"content":{"rendered":"<p>Es ist Zeit, Zwie\u00adbeln f\u00fcr Fr\u00fch\u00adbl\u00fc\u00adher zu set\u00adzen. Okto\u00adber, sogar noch Novem\u00adber ist es gut m\u00f6g\u00adlich. Lei\u00adder bie\u00adten die bew\u00e4hr\u00adten Anbie\u00adter im bio\u00adlo\u00adgi\u00adschen Anbau bei den Fr\u00fch\u00adbl\u00fc\u00adhern bzw. Blu\u00admen\u00adzwie\u00adbeln gr\u00f6\u00df\u00adten\u00adteils kon\u00adven\u00adtio\u00adnell gezo\u00adge\u00adne Zwie\u00adbeln an. Bei <a href=\"https:\/\/www.bingenheimersaatgut.de\/de\/catalogsearch\/result\/?q=blumenzwiebeln\" target=\"_blank\" rel=\"noreferrer noopener nofollow\">Bin\u00adgen\u00adheim seeds<\/a> ist die Aus\u00adwahl schon wie\u00adder arg begrenzt. Die tra\u00addi\u00adtio\u00adnel\u00adle Blu\u00admen\u00adzwie\u00adbel\u00adpflanz\u00adzeit (Sep\u00adtem\u00adber bis Novem\u00adber) ver\u00adschiebt sich um gut einen Monat. Sep\u00adtem\u00adber ist oft noch zu tro\u00adcken und zu warm, um Blu\u00admen\u00adzwie\u00adbeln zu pflan\u00adzen. Im Dezem\u00adber kommt der Frost erst sp\u00e4t (oder immer noch nicht) und so k\u00f6n\u00adnen oft sogar Sil\u00adves\u00adter noch sehr gut Zwie\u00adbeln gepflanzt wer\u00adden.<\/p>\n\n\n\n<figure class=\"wp-block-image aligncenter size-large\"><img loading=\"lazy\" decoding=\"async\" width=\"1024\" height=\"768\" src=\"https:\/\/bio-balkon.de\/wp-content\/uploads\/2020\/10\/P2220101-mauerbiene-gelber-winterling-biene-super-1024x768.avif\" alt=\"Sehr beliebt bei Mauerbienen ist der Gelbe Winterlinge. Hier gibt es Bio-Blumenzwiebeln mit Rabatt.\" class=\"wp-image-12952\" srcset=\"https:\/\/bio-balkon.de\/wp-content\/uploads\/2020\/10\/P2220101-mauerbiene-gelber-winterling-biene-super-1024x768.avif 1024w, https:\/\/bio-balkon.de\/wp-content\/uploads\/2020\/10\/P2220101-mauerbiene-gelber-winterling-biene-super-300x225.avif 300w, https:\/\/bio-balkon.de\/wp-content\/uploads\/2020\/10\/P2220101-mauerbiene-gelber-winterling-biene-super-768x576.avif 768w, https:\/\/bio-balkon.de\/wp-content\/uploads\/2020\/10\/P2220101-mauerbiene-gelber-winterling-biene-super-1536x1152.avif 1536w, https:\/\/bio-balkon.de\/wp-content\/uploads\/2020\/10\/P2220101-mauerbiene-gelber-winterling-biene-super-scaled.avif 2048w, https:\/\/bio-balkon.de\/wp-content\/uploads\/2020\/10\/P2220101-mauerbiene-gelber-winterling-biene-super-16x12.avif 16w, https:\/\/bio-balkon.de\/wp-content\/uploads\/2020\/10\/P2220101-mauerbiene-gelber-winterling-biene-super-1320x990.avif 1320w\" sizes=\"auto, (max-width: 1024px) 100vw, 1024px\"><figcaption class=\"wp-element-caption\">Auf dem Gel\u00adben Win\u00adter\u00adling beob\u00adach\u00adte ich Mau\u00ader\u00adbie\u00adnen.<\/figcaption><\/figure>\n\n\n\n<p>Ich habe mit <a href=\"https:\/\/www.naturalbulbs.de\/\" target=\"_blank\" rel=\"noreferrer noopener\">Natu\u00adral Bulbs<\/a> einen Anbie\u00adter f\u00fcr Fr\u00fch\u00adbl\u00fc\u00adher-Zwie\u00adbeln gefun\u00adden,&nbsp;der Wert auf <a href=\"https:\/\/www.naturalbulbs.de\/36-bienenfreundlich\" target=\"_blank\" rel=\"noreferrer noopener\">Bie\u00adnen\u00adfreund\u00adlich\u00adkeit<\/a> and <a href=\"https:\/\/www.naturalbulbs.de\/unsere-leidenschaft-zur-natur\" target=\"_blank\" rel=\"noreferrer noopener nofollow\">Bio-Pro\u00adduk\u00adti\u00adon<\/a> legt. Es ist n\u00e4m\u00adlich schwie\u00adrig, Blu\u00admen\u00adzwie\u00adbeln in Bio-Qua\u00adli\u00adt\u00e4t zu bekom\u00admen. Wem Bio-Qua\u00adli\u00adt\u00e4t wich\u00adtig ist, wird das schon bemerkt haben.<\/p>\n\n\n\n<figure class=\"wp-block-image aligncenter size-large\"><img loading=\"lazy\" decoding=\"async\" width=\"1024\" height=\"768\" src=\"https:\/\/bio-balkon.de\/wp-content\/uploads\/2020\/10\/IMG_2341_fruehblueher_krokus-1024x768.avif\" alt=\"Auch die Krokusse sind beliebt bei Insekten als zeitige Nahrung im Fr\u00fchjahr. Hier gibt es Bio-Blumenzwiebeln mit Rabatt \u00fcber Gutschein.\" class=\"wp-image-12840\" srcset=\"https:\/\/bio-balkon.de\/wp-content\/uploads\/2020\/10\/IMG_2341_fruehblueher_krokus-1024x768.avif 1024w, https:\/\/bio-balkon.de\/wp-content\/uploads\/2020\/10\/IMG_2341_fruehblueher_krokus-300x225.avif 300w, https:\/\/bio-balkon.de\/wp-content\/uploads\/2020\/10\/IMG_2341_fruehblueher_krokus-768x576.avif 768w, https:\/\/bio-balkon.de\/wp-content\/uploads\/2020\/10\/IMG_2341_fruehblueher_krokus-1536x1152.avif 1536w, https:\/\/bio-balkon.de\/wp-content\/uploads\/2020\/10\/IMG_2341_fruehblueher_krokus-scaled.avif 2048w, https:\/\/bio-balkon.de\/wp-content\/uploads\/2020\/10\/IMG_2341_fruehblueher_krokus-16x12.avif 16w, https:\/\/bio-balkon.de\/wp-content\/uploads\/2020\/10\/IMG_2341_fruehblueher_krokus-1320x990.avif 1320w\" sizes=\"auto, (max-width: 1024px) 100vw, 1024px\"><\/figure>\n\n\n\n<h2 class=\"wp-block-heading\">Rabatt<\/h2>\n\n\n\n<p>Ich habe <a href=\"https:\/\/www.naturalbulbs.de\/\" target=\"_blank\" rel=\"noreferrer noopener nofollow\">Natu\u00adral Bulbs<\/a> kon\u00adtak\u00adtiert und gefragt, ob unse\u00adre gro\u00ad\u00dfe Bio-Bal\u00adkon Bewe\u00adgung einen Rabatt bekom\u00admen k\u00f6nn\u00adte: \u201eJa! Nat\u00fcr\u00adlich. Unse\u00adre Blu\u00admen\u00adzwie\u00adbeln sind von guter Qua\u00adli\u00adt\u00e4t und sie sind alle bio-zer\u00adti\u00adfi\u00adziert. Lie\u00adbe Gr\u00fcs\u00adse aus Hillegom\/Niederlande.\u201c<\/p>\n\n\n\n<p><strong>Wer bei <a href=\"https:\/\/www.naturalbulbs.de\/\" target=\"_blank\" rel=\"noreferrer noopener nofollow\">Natu\u00adral Bulbs<\/a> f\u00fcr min\u00addes\u00adtens 40 EUR bestellt, erh\u00e4lt 5 \u20ac Rabatt und als \u00dcber\u00adra\u00adschung ein Bio-Blu\u00admen\u00adzwie\u00adbel-Geschenk oben\u00adauf. Der <span style=\"background-color:rgba(0, 0, 0, 0)\" class=\"has-inline-color has-vivid-red-color\">Rabatt-Code biobalkon26<\/span>&nbsp;ist bis 31.12.26 g\u00fcl\u00adtig. Wir k\u00f6n\u00adnen bis Ende Novem\u00adber noch Fr\u00fch\u00adbl\u00fc\u00adher ein\u00adset\u00adzen, bei Frost\u00adfrei\u00adheit auch noch im Dezem\u00adber. &nbsp;<\/strong><\/p>\n\n\n\n<p><strong>Die Bie\u00adnen lie\u00adben vor allem Mus\u00adca\u00adri (bei mir auch), Kro\u00adkus, Alli\u00adums und Hya\u00adzin\u00adthen.&nbsp;<\/strong><\/p>\n\n\n\n<p><strong>Wild\u00adbie\u00adnen\u00adfor\u00adscher Paul West\u00adrich emp\u00adfiehlt von den fr\u00fch bl\u00fc\u00adhen\u00adden Zwie\u00adbel\u00adge\u00adw\u00e4ch\u00adsen zur F\u00f6r\u00adde\u00adrung ein\u00adhei\u00admi\u00adscher Wild\u00adbie\u00adnen vor allem<\/strong><\/p>\n\n\n\n<ul class=\"wp-block-list\">\n<li><strong>Blau\u00adstern (Scil\u00adla sibe\u00adri\u00adca)<\/strong><\/li>\n\n\n\n<li><strong>Trau\u00adben\u00adhya\u00adzin\u00adthen (Mus\u00adca\u00adri)<\/strong><\/li>\n\n\n\n<li><strong>Milch\u00adstern (Orni\u00adtho\u00adg\u00adalum umbel\u00adla\u00adtum)<\/strong><\/li>\n\n\n\n<li><strong>Wein\u00adbergs-Tul\u00adpe (Tuli\u00adpa syl\u00advestris).<\/strong><\/li>\n<\/ul>\n\n\n\n<p><strong>Natur\u00adgar\u00adten\u00adpla\u00adner und Autor vom \u201eWild\u00adpflan\u00adzen-Topf\u00adbuch\u201c Dr. Rein\u00adhardt Witt emp\u00adfiehlt s\u00e4mt\u00adli\u00adche Zwie\u00adbel\u00adge\u00adw\u00e4ch\u00adse (Alli\u00adums) als beson\u00adders wild\u00adbie\u00adnen\u00adfreund\u00adlich.<\/strong><\/p>\n\n\n\n<figure class=\"wp-block-image aligncenter size-large\"><img loading=\"lazy\" decoding=\"async\" width=\"1024\" height=\"768\" src=\"https:\/\/bio-balkon.de\/wp-content\/uploads\/2020\/10\/IMG_1931_fruehblueher_traubenhyazinthe_mauerbiene_biene-1024x768.avif\" alt=\"Sehr beliebt bei Insekten sind Traubenhyazinthen. Hier findest Du einen Rabatt-Guschein f\u00fcr Bio-Fr\u00fchbl\u00fcher-Zwiebeln.\" class=\"wp-image-12843\" srcset=\"https:\/\/bio-balkon.de\/wp-content\/uploads\/2020\/10\/IMG_1931_fruehblueher_traubenhyazinthe_mauerbiene_biene-1024x768.avif 1024w, https:\/\/bio-balkon.de\/wp-content\/uploads\/2020\/10\/IMG_1931_fruehblueher_traubenhyazinthe_mauerbiene_biene-300x225.avif 300w, https:\/\/bio-balkon.de\/wp-content\/uploads\/2020\/10\/IMG_1931_fruehblueher_traubenhyazinthe_mauerbiene_biene-768x576.avif 768w, https:\/\/bio-balkon.de\/wp-content\/uploads\/2020\/10\/IMG_1931_fruehblueher_traubenhyazinthe_mauerbiene_biene-1536x1152.avif 1536w, https:\/\/bio-balkon.de\/wp-content\/uploads\/2020\/10\/IMG_1931_fruehblueher_traubenhyazinthe_mauerbiene_biene-scaled.avif 2048w, https:\/\/bio-balkon.de\/wp-content\/uploads\/2020\/10\/IMG_1931_fruehblueher_traubenhyazinthe_mauerbiene_biene-16x12.avif 16w, https:\/\/bio-balkon.de\/wp-content\/uploads\/2020\/10\/IMG_1931_fruehblueher_traubenhyazinthe_mauerbiene_biene-1320x990.avif 1320w\" sizes=\"auto, (max-width: 1024px) 100vw, 1024px\"><\/figure>\n\n\n\n<h2 class=\"wp-block-heading\">War\u00adum Bio-Blu\u00admen\u00adzwie\u00adbeln? <\/h2>\n\n\n\n<p>Der kon\u00adven\u00adtio\u00adnel\u00adle Zwie\u00adbel\u00adan\u00adbau ist einer der umwelt\u00adsch\u00e4d\u00adlichs\u00adten Zwei\u00adge der Land\u00adwirt\u00adschaft. Eine umwelt\u00adfreund\u00adli\u00adche Art des Anbaus macht daher bei Blu\u00admen\u00adzwie\u00adbeln einen gro\u00ad\u00dfen Unter\u00adschied. Bio-Blu\u00admen\u00adzwie\u00adbeln wer\u00adden ohne den Ein\u00adsatz che\u00admi\u00adscher Pes\u00adti\u00adzi\u00adde und D\u00fcn\u00adge\u00admit\u00adtel her\u00adge\u00adstellt, damit sich kei\u00adne uner\u00adw\u00fcnsch\u00adten Sub\u00adstan\u00adzen in der Umwelt aus\u00adbrei\u00adten k\u00f6n\u00adnen. Nicht in der Luft, nicht auf dem Acker und nicht im Grund\u00adwas\u00adser. Dar\u00ad\u00fcber hin\u00adaus ist der \u00f6ko\u00adlo\u00adgi\u00adsche Land\u00adbau wirt\u00adschaft\u00adli\u00adcher mit knap\u00adpen Roh\u00adstof\u00adfen wie Ener\u00adgie und Mine\u00adra\u00adli\u00aden. Wer sich f\u00fcr \u00d6ko-Blu\u00admen\u00adzwie\u00adbeln ent\u00adschei\u00addet, unter\u00adst\u00fctzt eine Land\u00adwirt\u00adschaft, die am wenigs\u00adten ver\u00adschmutzt und am wenigs\u00adten Roh\u00adstof\u00adfe ver\u00adschwen\u00addet.<\/p>\n\n\n\n<figure class=\"wp-block-image aligncenter size-large\"><img loading=\"lazy\" decoding=\"async\" width=\"1024\" height=\"768\" src=\"https:\/\/bio-balkon.de\/wp-content\/uploads\/2020\/10\/IMG_2444-krokus-fru\u0308hblu\u0308her-1024x768.avif\" alt=\"Krokusse erfreuen im Fr\u00fchling unser Herz. Hast Du schon Fr\u00fchbl\u00fcher gesteckt? Hier \u00d6ko-Zwiebeln mit Rabatt\" class=\"wp-image-12837\" srcset=\"https:\/\/bio-balkon.de\/wp-content\/uploads\/2020\/10\/IMG_2444-krokus-fru\u0308hblu\u0308her-1024x768.avif 1024w, https:\/\/bio-balkon.de\/wp-content\/uploads\/2020\/10\/IMG_2444-krokus-fru\u0308hblu\u0308her-300x225.avif 300w, https:\/\/bio-balkon.de\/wp-content\/uploads\/2020\/10\/IMG_2444-krokus-fru\u0308hblu\u0308her-768x576.avif 768w, https:\/\/bio-balkon.de\/wp-content\/uploads\/2020\/10\/IMG_2444-krokus-fru\u0308hblu\u0308her-1536x1152.avif 1536w, https:\/\/bio-balkon.de\/wp-content\/uploads\/2020\/10\/IMG_2444-krokus-fru\u0308hblu\u0308her-scaled.avif 2048w, https:\/\/bio-balkon.de\/wp-content\/uploads\/2020\/10\/IMG_2444-krokus-fru\u0308hblu\u0308her-16x12.avif 16w, https:\/\/bio-balkon.de\/wp-content\/uploads\/2020\/10\/IMG_2444-krokus-fru\u0308hblu\u0308her-1320x990.avif 1320w\" sizes=\"auto, (max-width: 1024px) 100vw, 1024px\"><\/figure>\n\n\n\n<h2 class=\"wp-block-heading\">Kann jetzt noch gepflanzt wer\u00adden?<\/h2>\n\n\n\n<p>Viel\u00adleicht hat\u00adtest Du noch kei\u00adne Zeit, Dich mit dem The\u00adma n\u00e4her zu besch\u00e4f\u00adti\u00adgen. Fal\u00adlen die Bl\u00e4t\u00adter von den B\u00e4u\u00admen, kann gepflanzt wer\u00adden. Also ist im Novem\u00adber noch eine gute Zeit und auch Dezem\u00adber ist in Abh\u00e4n\u00adgig\u00adkeit vom Wet\u00adter noch gut m\u00f6g\u00adlich, nur frost\u00adfrei soll\u00adte es sein. Blu\u00admen\u00adzwie\u00adbel\u00adex\u00adper\u00adten sagen: Ist die Erde feuch\u00adter und auch schon etwas k\u00e4l\u00adter, ist das posi\u00adtiv f\u00fcr die Wur\u00adzel\u00adbil\u00addung der Zwie\u00adbeln. So \u00fcber\u00adste\u00adhen die Pflan\u00adzen den Win\u00adter sogar bes\u00adser. Also: <strong>Bes\u00adser sp\u00e4t als zu fr\u00fch.<\/strong><\/p>\n\n\n\n<figure class=\"wp-block-image aligncenter size-large\"><img loading=\"lazy\" decoding=\"async\" width=\"1024\" height=\"768\" src=\"https:\/\/bio-balkon.de\/wp-content\/uploads\/2020\/10\/IMG_1918_fruehblueher_traubenhyazinthe_mauerbiene_biene-1024x768.avif\" alt=\"Traubenhyazinthen sind wundersch\u00f6n und ziehen Wildbienen an - hier die Mauerbienen.\" class=\"wp-image-12844\" srcset=\"https:\/\/bio-balkon.de\/wp-content\/uploads\/2020\/10\/IMG_1918_fruehblueher_traubenhyazinthe_mauerbiene_biene-1024x768.avif 1024w, https:\/\/bio-balkon.de\/wp-content\/uploads\/2020\/10\/IMG_1918_fruehblueher_traubenhyazinthe_mauerbiene_biene-300x225.avif 300w, https:\/\/bio-balkon.de\/wp-content\/uploads\/2020\/10\/IMG_1918_fruehblueher_traubenhyazinthe_mauerbiene_biene-768x576.avif 768w, https:\/\/bio-balkon.de\/wp-content\/uploads\/2020\/10\/IMG_1918_fruehblueher_traubenhyazinthe_mauerbiene_biene-1536x1152.avif 1536w, https:\/\/bio-balkon.de\/wp-content\/uploads\/2020\/10\/IMG_1918_fruehblueher_traubenhyazinthe_mauerbiene_biene-scaled.avif 2048w, https:\/\/bio-balkon.de\/wp-content\/uploads\/2020\/10\/IMG_1918_fruehblueher_traubenhyazinthe_mauerbiene_biene-16x12.avif 16w, https:\/\/bio-balkon.de\/wp-content\/uploads\/2020\/10\/IMG_1918_fruehblueher_traubenhyazinthe_mauerbiene_biene-1320x990.avif 1320w\" sizes=\"auto, (max-width: 1024px) 100vw, 1024px\"><figcaption class=\"wp-element-caption\">Siehst Du die Mau\u00ader\u00adbie\u00adne an der Trau\u00adben\u00adhya\u00adzin\u00adthe?<\/figcaption><\/figure>\n\n\n\n<h2 class=\"wp-block-heading\">Wor\u00adauf ist bei Fr\u00fch\u00adbl\u00fc\u00adhern zu ach\u00adten?<\/h2>\n\n\n\n<p>Hier fin\u00addest Du Infor\u00adma\u00adtio\u00adnen <a href=\"https:\/\/bio-balkon.de\/en\/pflanzzeit-fuer-zwiebelblumen-wie-krokus-tulpe-und-co\/\">Plan\u00adting time for bulbs such as cro\u00adcus, tuli\u00adps and co.<\/a>.<\/p>\n\n\n\n<figure class=\"wp-block-image aligncenter size-large\"><a href=\"https:\/\/bio-balkon.de\/en\/pflanzzeit-fuer-zwiebelblumen-wie-krokus-tulpe-und-co\/\"><img loading=\"lazy\" decoding=\"async\" width=\"1024\" height=\"768\" src=\"https:\/\/bio-balkon.de\/wp-content\/uploads\/2020\/10\/P2240809-fruA\u0303a\u0300hbluA\u0303a\u0300her-EichhoA\u0303a\u0300rnchen-mama-super-1024x768.avif\" alt=\"Immer wieder entz\u00fcckend, wenn im Fr\u00fchjahr die Fr\u00fchbl\u00fcher-Zwiebeln bl\u00fchen. September bis November sollten Blumenzwiebeln f\u00fcr Fr\u00fchbl\u00fcher in die Erde gesteckt werden.\" class=\"wp-image-12942\" srcset=\"https:\/\/bio-balkon.de\/wp-content\/uploads\/2020\/10\/P2240809-fruA\u0303a\u0300hbluA\u0303a\u0300her-EichhoA\u0303a\u0300rnchen-mama-super-1024x768.avif 1024w, https:\/\/bio-balkon.de\/wp-content\/uploads\/2020\/10\/P2240809-fruA\u0303a\u0300hbluA\u0303a\u0300her-EichhoA\u0303a\u0300rnchen-mama-super-300x225.avif 300w, https:\/\/bio-balkon.de\/wp-content\/uploads\/2020\/10\/P2240809-fruA\u0303a\u0300hbluA\u0303a\u0300her-EichhoA\u0303a\u0300rnchen-mama-super-768x576.avif 768w, https:\/\/bio-balkon.de\/wp-content\/uploads\/2020\/10\/P2240809-fruA\u0303a\u0300hbluA\u0303a\u0300her-EichhoA\u0303a\u0300rnchen-mama-super-1536x1152.avif 1536w, https:\/\/bio-balkon.de\/wp-content\/uploads\/2020\/10\/P2240809-fruA\u0303a\u0300hbluA\u0303a\u0300her-EichhoA\u0303a\u0300rnchen-mama-super-scaled.avif 2048w, https:\/\/bio-balkon.de\/wp-content\/uploads\/2020\/10\/P2240809-fruA\u0303a\u0300hbluA\u0303a\u0300her-EichhoA\u0303a\u0300rnchen-mama-super-16x12.avif 16w, https:\/\/bio-balkon.de\/wp-content\/uploads\/2020\/10\/P2240809-fruA\u0303a\u0300hbluA\u0303a\u0300her-EichhoA\u0303a\u0300rnchen-mama-super-1320x990.avif 1320w\" sizes=\"auto, (max-width: 1024px) 100vw, 1024px\"><\/a><\/figure>\n\n\n\n<h2 class=\"wp-block-heading\">Hilfs\u00admit\u00adtel f\u00fcr stark ver\u00adwur\u00adzel\u00adte Berei\u00adche<\/h2>\n\n\n\n<p>Als sehr hilf\u00adreich beim Aus\u00adset\u00adzen von Blu\u00admen\u00adzwie\u00adbeln emp\u00adfin\u00adde ich immer wie\u00adder der\u00adar\u00adti\u00adge Blu\u00admen\u00adzwie\u00adbel-Pflan\u00adzer, beson\u00adders bei gut durch\u00adwur\u00adzel\u00adtem Erd\u00adreich. Dort ist es oft sehr schwer, ins Erd\u00adreich her\u00adein\u00adzu\u00adkom\u00admen.<\/p>\n\n\n\n<figure class=\"wp-block-image aligncenter size-large\"><a href=\"https:\/\/www.amazon.de\/gp\/product\/B0001E3W9G\/ref=as_li_ss_tl?ie=UTF8&amp;linkCode=ll1&amp;tag=biobalkonde-21&amp;linkId=1257e506766af120622573239768e057&amp;language=de_DE\" target=\"_blank\" rel=\"noopener noreferrer\"><img loading=\"lazy\" decoding=\"async\" width=\"150\" height=\"177\" src=\"https:\/\/bio-balkon.de\/wp-content\/uploads\/2020\/07\/fru\u0308hblu\u0308her-e1595868995230.avif\" alt=\"Hier ist ein Hilfsmittel f\u00fcr stark verwurzelte Bereiche - der Blumenzwiebel-Pflanzer f\u00fcr Fr\u00fchbl\u00fcher.\" class=\"wp-image-9733\" srcset=\"https:\/\/bio-balkon.de\/wp-content\/uploads\/2020\/07\/fru\u0308hblu\u0308her-e1595868995230.avif 150w, https:\/\/bio-balkon.de\/wp-content\/uploads\/2020\/07\/fru\u0308hblu\u0308her-e1595868995230-10x12.avif 10w\" sizes=\"auto, (max-width: 150px) 100vw, 150px\"><\/a><\/figure>\n\n\n\n<h2 class=\"wp-block-heading\">Den\u00adke auch an ande\u00adre Blu\u00admen\u00adzwie\u00adbeln, die Insek\u00adten n\u00fct\u00adzen<\/h2>\n\n\n\n<p>Eine sehr wich\u00adti\u00adge Gat\u00adtung sind die Alli\u00adums \u2013 Lauch\u00adge\u00adw\u00e4ch\u00adse. Sie unter\u00adst\u00fct\u00adzen garan\u00adtiert Insek\u00adten. Dazu geh\u00f6rt auch der Schnitt\u00adlauch. Hier siehst Du es auf mei\u00adnem Chi\u00adna-Lauch, der schon \u00fcber 12 Jah\u00adre im gro\u00ad\u00dfen Pflanz\u00adge\u00adf\u00e4\u00df w\u00e4chst. Las\u00adse die Alli\u00adums aus\u00adbl\u00fc\u00adhen \u2013 schon unter\u00adst\u00fctzt Du Insek\u00adten. Sogar einen gr\u00fcn-gol\u00adden schim\u00admern\u00adden Rosen\u00adk\u00e4\u00adfer hat er ange\u00adzo\u00adgen.<\/p>\n\n\n\n<figure class=\"wp-block-image aligncenter size-large\"><img loading=\"lazy\" decoding=\"async\" width=\"1024\" height=\"768\" src=\"https:\/\/bio-balkon.de\/wp-content\/uploads\/2020\/09\/IMG_4873-china-lauch-hummeln-biene-1024x768.avif\" alt=\"Sehr beliebt bei Insekten ist die Gattung Lauch (Allium). Hier sehe ich sogar Hummeln schlafen. Schon Fr\u00fchbl\u00fcher gesteckt? Hier findest Du \u00d6ko-Zwiebeln mit Rabatt.\" class=\"wp-image-11696\" srcset=\"https:\/\/bio-balkon.de\/wp-content\/uploads\/2020\/09\/IMG_4873-china-lauch-hummeln-biene-1024x768.avif 1024w, https:\/\/bio-balkon.de\/wp-content\/uploads\/2020\/09\/IMG_4873-china-lauch-hummeln-biene-300x225.avif 300w, https:\/\/bio-balkon.de\/wp-content\/uploads\/2020\/09\/IMG_4873-china-lauch-hummeln-biene-768x576.avif 768w, https:\/\/bio-balkon.de\/wp-content\/uploads\/2020\/09\/IMG_4873-china-lauch-hummeln-biene-1536x1152.avif 1536w, https:\/\/bio-balkon.de\/wp-content\/uploads\/2020\/09\/IMG_4873-china-lauch-hummeln-biene-scaled.avif 2048w, https:\/\/bio-balkon.de\/wp-content\/uploads\/2020\/09\/IMG_4873-china-lauch-hummeln-biene-16x12.avif 16w, https:\/\/bio-balkon.de\/wp-content\/uploads\/2020\/09\/IMG_4873-china-lauch-hummeln-biene-1320x990.avif 1320w\" sizes=\"auto, (max-width: 1024px) 100vw, 1024px\"><figcaption class=\"wp-element-caption\">Chi\u00adne\u00adsi\u00adscher Lauch<\/figcaption><\/figure>\n\n\n\n<h2 class=\"wp-block-heading\">Hast Du schon Zwie\u00adbeln gesteckt? Was hast Du f\u00fcr Erfah\u00adrun\u00adgen gemacht? <\/h2>\n\n\n\n<figure class=\"wp-block-image aligncenter size-large\"><img loading=\"lazy\" decoding=\"async\" width=\"1024\" height=\"768\" src=\"https:\/\/bio-balkon.de\/wp-content\/uploads\/2020\/10\/P2200176-zwergiris-gelber-winterling-goldkrokus-Bio-Balkon-syringa-1024x768.avif\" alt=\"Diese entz\u00fcckenden Zwerg-Iris duften sogar ganz fein.\" class=\"wp-image-12951\" srcset=\"https:\/\/bio-balkon.de\/wp-content\/uploads\/2020\/10\/P2200176-zwergiris-gelber-winterling-goldkrokus-Bio-Balkon-syringa-1024x768.avif 1024w, https:\/\/bio-balkon.de\/wp-content\/uploads\/2020\/10\/P2200176-zwergiris-gelber-winterling-goldkrokus-Bio-Balkon-syringa-300x225.avif 300w, https:\/\/bio-balkon.de\/wp-content\/uploads\/2020\/10\/P2200176-zwergiris-gelber-winterling-goldkrokus-Bio-Balkon-syringa-768x576.avif 768w, https:\/\/bio-balkon.de\/wp-content\/uploads\/2020\/10\/P2200176-zwergiris-gelber-winterling-goldkrokus-Bio-Balkon-syringa-1536x1152.avif 1536w, https:\/\/bio-balkon.de\/wp-content\/uploads\/2020\/10\/P2200176-zwergiris-gelber-winterling-goldkrokus-Bio-Balkon-syringa-scaled.avif 2048w, https:\/\/bio-balkon.de\/wp-content\/uploads\/2020\/10\/P2200176-zwergiris-gelber-winterling-goldkrokus-Bio-Balkon-syringa-16x12.avif 16w, https:\/\/bio-balkon.de\/wp-content\/uploads\/2020\/10\/P2200176-zwergiris-gelber-winterling-goldkrokus-Bio-Balkon-syringa-1320x990.avif 1320w\" sizes=\"auto, (max-width: 1024px) 100vw, 1024px\"><figcaption class=\"wp-element-caption\">Die\u00adse ent\u00adz\u00fc\u00adcken\u00adden Zwer\u00adgi\u00adris duf\u00adten sogar ganz fein.<\/figcaption><\/figure>\n\n\n\n<p><\/p>","protected":false},"excerpt":{"rendered":"<p>Es ist Zeit, Zwie\u00adbeln f\u00fcr Fr\u00fch\u00adbl\u00fc\u00adher zu set\u00adzen. Lei\u00adder bie\u00adten die bew\u00e4hr\u00adten Anbie\u00adter im bio\u00adlo\u00adgi\u00adschen Anbau bei den Fr\u00fch\u00adbl\u00fc\u00adhern gr\u00f6\u00df\u00adten\u00adteils kon\u00adven\u00adtio\u00adnell gezo\u00adge\u00adne Zwie\u00adbeln an. \u00d6ko-Zwie\u00adbeln mit RABATT.<\/p>","protected":false},"author":5,"featured_media":12841,"comment_status":"open","ping_status":"open","sticky":false,"template":"","format":"standard","meta":{"_acf_changed":false,"wp_typography_post_enhancements_disabled":false,"footnotes":""},"categories":[1],"tags":[894,479,361],"class_list":["post-12945","post","type-post","status-publish","format-standard","has-post-thumbnail","hentry","category-uncategorized","tag-naturbalkon","tag-naturerlebnis","tag-wildbienen"],"acf":[],"_links":{"self":[{"href":"https:\/\/bio-balkon.de\/en\/wp-json\/wp\/v2\/posts\/12945","targetHints":{"allow":["GET"]}}],"collection":[{"href":"https:\/\/bio-balkon.de\/en\/wp-json\/wp\/v2\/posts"}],"about":[{"href":"https:\/\/bio-balkon.de\/en\/wp-json\/wp\/v2\/types\/post"}],"author":[{"embeddable":true,"href":"https:\/\/bio-balkon.de\/en\/wp-json\/wp\/v2\/users\/5"}],"replies":[{"embeddable":true,"href":"https:\/\/bio-balkon.de\/en\/wp-json\/wp\/v2\/comments?post=12945"}],"version-history":[{"count":3,"href":"https:\/\/bio-balkon.de\/en\/wp-json\/wp\/v2\/posts\/12945\/revisions"}],"predecessor-version":[{"id":87574,"href":"https:\/\/bio-balkon.de\/en\/wp-json\/wp\/v2\/posts\/12945\/revisions\/87574"}],"wp:featuredmedia":[{"embeddable":true,"href":"https:\/\/bio-balkon.de\/en\/wp-json\/wp\/v2\/media\/12841"}],"wp:attachment":[{"href":"https:\/\/bio-balkon.de\/en\/wp-json\/wp\/v2\/media?parent=12945"}],"wp:term":[{"taxonomy":"category","embeddable":true,"href":"https:\/\/bio-balkon.de\/en\/wp-json\/wp\/v2\/categories?post=12945"},{"taxonomy":"post_tag","embeddable":true,"href":"https:\/\/bio-balkon.de\/en\/wp-json\/wp\/v2\/tags?post=12945"}],"curies":[{"name":"wp","href":"https:\/\/api.w.org\/{rel}","templated":true}]}}